{"id":137399,"date":"2023-06-27T06:13:44","date_gmt":"2023-06-27T09:13:44","guid":{"rendered":"http:\/\/argentinamunicipal.com.ar\/argentina\/?p=137399"},"modified":"2023-06-27T06:13:44","modified_gmt":"2023-06-27T09:13:44","slug":"los-sueldos-privados-de-neuquen-los-que-mas-le-ganaron-a-la-inflacion","status":"publish","type":"post","link":"http:\/\/argentinamunicipal.com.ar\/argentina\/los-sueldos-privados-de-neuquen-los-que-mas-le-ganaron-a-la-inflacion\/","title":{"rendered":"Los sueldos privados de Neuqu\u00e9n, los que m\u00e1s le ganaron a la inflaci\u00f3n"},"content":{"rendered":"<p>Los datos surgen de un informe nacional. La provincia lidera un ranking, seguida por Salta y Catamarca.<\/p>\n<p>La provincia con mejor ajuste salarial el \u00faltimo a\u00f1o fue Neuqu\u00e9n, que pas\u00f3 de un salario bruto de 155.334 pesos en 2022 a uno de $360.980 en el cierre del primer trimestre de 2023, es decir, una suba del 132,4% de modo nominal.<\/p>\n<p>Los datos surgen de la Remuneraci\u00f3n Imponible Promedio de los Trabajadores Estables (RIPTE), elaborada por la Subsecretar\u00eda de Programaci\u00f3n Macroecon\u00f3mica de la Naci\u00f3n, y con informaci\u00f3n de la Superintendencia de Riesgos de Trabajo (SRT) que se encarga de medir la cobertura sobre el total de trabajadores registrados del pa\u00eds.<\/p>\n<p>Seg\u00fan la SRT, en marzo de 2022 hab\u00eda 9.344.961 trabajadores formales con cobertura en Argentina y una masa salarial de $1.110.310.403, con un salario promedio bruto medido de $118.814 en el tercer mes de 2022.<\/p>\n<p>En marzo de este a\u00f1o la misma operaci\u00f3n\u00a0arroja un sueldo promedio de $235.523, con un aumento nominal anual del 98,2%, pero por debajo de la inflaci\u00f3n de tres d\u00edgitos que sufri\u00f3 la Argentina el \u00faltimo a\u00f1o.<\/p>\n<p>Adem\u00e1s de Neuqu\u00e9n, tambi\u00e9n quedaron por encima de la inflaci\u00f3n Salta (114,4%), Catamarca (111,7%), Santiago del Estero (114,6%), Chubut (112%), Jujuy (110%), San Juan (108,2%), Mendoza (108,2%) y R\u00edo Negro (104,2%).<\/p>\n<p>Entre las provincias con menor nivel de ajuste salarial se encuentran CABA (103,2%) Santa Fe (97,6%) C\u00f3rdoba (97,1%) y Buenos Aires (91,2%).<\/p>\n<p>Guti\u00e9rrez record\u00f3 que estos valores coinciden con la baja en la desocupaci\u00f3n en la provincia del Neuqu\u00e9n conocida d\u00edas atr\u00e1s, seg\u00fan la cual la provincia redujo la inflaci\u00f3n 1,5 puntos porcentuales en un a\u00f1o.<\/p>\n<p>\u201cNeuqu\u00e9n sigue al tope de la creaci\u00f3n de empleos en el sector privado a nivel nacional, con la creaci\u00f3n de 12.269 puestos de trabajo en un a\u00f1o, convirti\u00e9ndose nuevamente en la segunda provincia del pa\u00eds con mayor crecimiento del empleo privado. Llevamos 26 meses ininterrumpidos de crecimiento del empleo\u201d, se\u00f1al\u00f3 el mandatario.<\/p>\n<p>\u201cAdem\u00e1s -detall\u00f3 Guti\u00e9rrez- Neuqu\u00e9n encabeza todos los rankings de construcci\u00f3n a nivel nacional\u201d. En efecto, la provincia fue la primera del pa\u00eds en crecimiento del empleo en el sector de la construcci\u00f3n, encabezando tambi\u00e9n el ranking salarial anual. En marzo marc\u00f3 21.383 trabajadores en el sector.<\/p>\n<h6>Fuente: La ma\u00f1ana Neuqu\u00e9n<\/h6>\n","protected":false},"excerpt":{"rendered":"<p>Los datos surgen de un informe nacional. La provincia lidera un ranking, seguida por Salta y Catamarca.<\/p>\n","protected":false},"author":2,"featured_media":137400,"comment_status":"closed","ping_status":"closed","sticky":false,"template":"","format":"standard","meta":{"footnotes":""},"categories":[65],"tags":[23],"class_list":["post-137399","post","type-post","status-publish","format-standard","has-post-thumbnail","hentry","category-provincias","tag-neuquen"],"_links":{"self":[{"href":"http:\/\/argentinamunicipal.com.ar\/argentina\/wp-json\/wp\/v2\/posts\/137399","targetHints":{"allow":["GET"]}}],"collection":[{"href":"http:\/\/argentinamunicipal.com.ar\/argentina\/wp-json\/wp\/v2\/posts"}],"about":[{"href":"http:\/\/argentinamunicipal.com.ar\/argentina\/wp-json\/wp\/v2\/types\/post"}],"author":[{"embeddable":true,"href":"http:\/\/argentinamunicipal.com.ar\/argentina\/wp-json\/wp\/v2\/users\/2"}],"replies":[{"embeddable":true,"href":"http:\/\/argentinamunicipal.com.ar\/argentina\/wp-json\/wp\/v2\/comments?post=137399"}],"version-history":[{"count":0,"href":"http:\/\/argentinamunicipal.com.ar\/argentina\/wp-json\/wp\/v2\/posts\/137399\/revisions"}],"wp:featuredmedia":[{"embeddable":true,"href":"http:\/\/argentinamunicipal.com.ar\/argentina\/wp-json\/wp\/v2\/media\/137400"}],"wp:attachment":[{"href":"http:\/\/argentinamunicipal.com.ar\/argentina\/wp-json\/wp\/v2\/media?parent=137399"}],"wp:term":[{"taxonomy":"category","embeddable":true,"href":"http:\/\/argentinamunicipal.com.ar\/argentina\/wp-json\/wp\/v2\/categories?post=137399"},{"taxonomy":"post_tag","embeddable":true,"href":"http:\/\/argentinamunicipal.com.ar\/argentina\/wp-json\/wp\/v2\/tags?post=137399"}],"curies":[{"name":"wp","href":"https:\/\/api.w.org\/{rel}","templated":true}]}}