{"id":137405,"date":"2023-06-27T05:22:07","date_gmt":"2023-06-27T08:22:07","guid":{"rendered":"http:\/\/argentinamunicipal.com.ar\/argentina\/?p=137405"},"modified":"2023-06-27T06:25:21","modified_gmt":"2023-06-27T09:25:21","slug":"las-pymes-aportan-mas-de-120-mil-puestos-de-trabajo-en-salta","status":"publish","type":"post","link":"http:\/\/argentinamunicipal.com.ar\/argentina\/las-pymes-aportan-mas-de-120-mil-puestos-de-trabajo-en-salta\/","title":{"rendered":"Las pymes aportan m\u00e1s de 120 mil puestos de trabajo en Salta"},"content":{"rendered":"<p>Seg\u00fan el Registro Nacional de PyME, hay m\u00e1s de 24 mil peque\u00f1as y medianas empresas.<\/p>\n<p>Cada 27 de junio, la provincia de Salta celebra el D\u00eda Internacional de las Mipymes (Microempresas y las Peque\u00f1as y Medianas Empresas), reconociendo la vital importancia que tiene este sector en el desarrollo econ\u00f3mico y social de la regi\u00f3n. El objetivo de este d\u00eda, es destacar el rol fundamental que desempe\u00f1an en la generaci\u00f3n de empleo y la estimulaci\u00f3n de la econom\u00eda local.<\/p>\n<p>En Salta, seg\u00fan los \u00faltimos datos oficiales, el sector PyME aporta m\u00e1s de 120 mil puestos de trabajo asalariados que trabajan en los rubros servicios, comercio, industria, agropecuario, construcci\u00f3n y miner\u00eda. La Provincia impulsa el crecimiento de estas firmas salte\u00f1as con financiamiento a trav\u00e9s de distintas l\u00edneas de cr\u00e9ditos.<\/p>\n<p>En la provincia hay m\u00e1s de 24 mil peque\u00f1as y medianas empresas, seg\u00fan el Registro Nacional de PyME, entre sociedades, cooperativas, aut\u00f3nomos y monotributistas. Las MiPyMEs de servicios ocupan el 53% del total de empresas que operan en Salta, seguidas por las de comercio con un 27%. Tambi\u00e9n, las industriales con un 8%, agropecuarias un 8%, construcci\u00f3n un 3% y miner\u00eda un 1%.<\/p>\n<p>Despu\u00e9s de la pandemia, las pymes de la provincia y el pa\u00eds, sufrieron un tremendo golpe. Muchas tuvieron que cerrar, otras reconvertirse. Sin embargo, superada una de las perores crisis que atraves\u00f3 la humanidad, las pymes vuelven a ser protagonistas de la recuperaci\u00f3n econ\u00f3mica de nuestra provincia. Son la columna vertebral de la econom\u00eda salte\u00f1a, no solo porque contribuyen al fortalecimiento del tejido empresarial sino porque aportan significativamente al crecimiento local.<\/p>\n<p>El secretario de Industria, Comercio y Empleo, Nicol\u00e1s Avellaneda, coment\u00f3 que adem\u00e1s del acompa\u00f1amiento permanente que hacen desde el Gobierno, desarrollan diferentes tipos de acciones que incluyen financiamiento y campa\u00f1as de promoci\u00f3n.<\/p>\n<p>\u00abEn esta gesti\u00f3n -del gobernador Gustavo S\u00e1enz- le estamos dando una importancia muy grande y acompa\u00f1amiento. Desde el Ministerio de Producci\u00f3n, la Secretar\u00eda y en mi rol de secretario de la Fundaci\u00f3n ProSalta, dentro de la Agencia Provincial de Promoci\u00f3n de Exportaciones, estamos en permanente contacto con las distintas c\u00e1maras empresarias y con todos los sectores productivos de Salta\u00bb, expres\u00f3 Nicol\u00e1s Avellaneda.<\/p>\n<p>Uno de los programas que destac\u00f3 el funcionario provincial es el de Fortalecimiento de PyMES de Consumo Masivo, que funciona en el \u00e1mbito de la Secretar\u00eda de Industria y busca promover el crecimiento de las compa\u00f1\u00edas productoras regionales, para lograr su inserci\u00f3n en las grandes cadenas de supermercados. Tambi\u00e9n, para que posean m\u00e1s protagonismo y rotaci\u00f3n en g\u00f3ndolas, y alcancen nuevos canales de venta.<\/p>\n<p>\u00abDesde la Secretar\u00eda tenemos el programa de consumo masivo para que participen todas las pymes salte\u00f1as y puedan ofrecer sus productos en las grandes cadenas de supermercados para as\u00ed tambi\u00e9n poder fomentar las econom\u00edas regionales. Tambi\u00e9n buscamos que se otorguen cr\u00e9ditos con fondos nacionales y provinciales\u00bb, destac\u00f3.<\/p>\n<p>El funcionario provincial remarc\u00f3 que, sin lugar a dudas, hay un potencial muy fuerte dentro de la actividad minera en la provincia, por la proyecci\u00f3n que va a tener este rubro en cuanto a los servicios que se van generando dentro de la miner\u00eda.<\/p>\n<p>\u00abEsto va a ir creciendo de una manera abismal. Cada vez hay m\u00e1s emprendedores mineros que se anotan en el registro de proveedores. Es impresionante ver c\u00f3mo se capacitan las empresas para prestar servicios de calidad. Al auge minero que se viene, las comunidades que est\u00e1n en la Puna ya conformaron su C\u00e1mara empresarial y est\u00e1n teniendo un rol protag\u00f3nico\u00bb, asegur\u00f3.<\/p>\n<h6>Fuente: El Tribuno<\/h6>\n","protected":false},"excerpt":{"rendered":"<p>Seg\u00fan el Registro Nacional de PyME, hay m\u00e1s de 24 mil peque\u00f1as y medianas empresas.<\/p>\n","protected":false},"author":2,"featured_media":137406,"comment_status":"closed","ping_status":"closed","sticky":false,"template":"","format":"standard","meta":{"footnotes":""},"categories":[65],"tags":[9],"class_list":["post-137405","post","type-post","status-publish","format-standard","has-post-thumbnail","hentry","category-provincias","tag-salta"],"_links":{"self":[{"href":"http:\/\/argentinamunicipal.com.ar\/argentina\/wp-json\/wp\/v2\/posts\/137405","targetHints":{"allow":["GET"]}}],"collection":[{"href":"http:\/\/argentinamunicipal.com.ar\/argentina\/wp-json\/wp\/v2\/posts"}],"about":[{"href":"http:\/\/argentinamunicipal.com.ar\/argentina\/wp-json\/wp\/v2\/types\/post"}],"author":[{"embeddable":true,"href":"http:\/\/argentinamunicipal.com.ar\/argentina\/wp-json\/wp\/v2\/users\/2"}],"replies":[{"embeddable":true,"href":"http:\/\/argentinamunicipal.com.ar\/argentina\/wp-json\/wp\/v2\/comments?post=137405"}],"version-history":[{"count":0,"href":"http:\/\/argentinamunicipal.com.ar\/argentina\/wp-json\/wp\/v2\/posts\/137405\/revisions"}],"wp:featuredmedia":[{"embeddable":true,"href":"http:\/\/argentinamunicipal.com.ar\/argentina\/wp-json\/wp\/v2\/media\/137406"}],"wp:attachment":[{"href":"http:\/\/argentinamunicipal.com.ar\/argentina\/wp-json\/wp\/v2\/media?parent=137405"}],"wp:term":[{"taxonomy":"category","embeddable":true,"href":"http:\/\/argentinamunicipal.com.ar\/argentina\/wp-json\/wp\/v2\/categories?post=137405"},{"taxonomy":"post_tag","embeddable":true,"href":"http:\/\/argentinamunicipal.com.ar\/argentina\/wp-json\/wp\/v2\/tags?post=137405"}],"curies":[{"name":"wp","href":"https:\/\/api.w.org\/{rel}","templated":true}]}}