{"id":137411,"date":"2023-06-27T06:38:04","date_gmt":"2023-06-27T09:38:04","guid":{"rendered":"http:\/\/argentinamunicipal.com.ar\/argentina\/?p=137411"},"modified":"2023-06-27T06:38:04","modified_gmt":"2023-06-27T09:38:04","slug":"uruguay-conmemoro-50-anos-del-golpe-de-estado-decidido-a-preservar-la-democracia","status":"publish","type":"post","link":"http:\/\/argentinamunicipal.com.ar\/argentina\/uruguay-conmemoro-50-anos-del-golpe-de-estado-decidido-a-preservar-la-democracia\/","title":{"rendered":"Uruguay conmemor\u00f3 50 a\u00f1os del golpe de Estado decidido a preservar la democracia"},"content":{"rendered":"<p>Con el compromiso de preservar la democracia, Uruguay conmemor\u00f3 ayer lunes el 50 aniversario del golpe de Estado que dio inicio a la \u00faltima dictadura, un r\u00e9gimen c\u00edvico militar de 12 a\u00f1os cuyos ecos a\u00fan reverberan.<\/p>\n<p>El presidente Luis Lacalle Pou, y los tres exmandatarios desde la apertura democr\u00e1tica a\u00fan vivos -Julio Mar\u00eda Sanguinetti (1985-1990 y 1995-2000), Luis Lacalle Herrera (1990-1995) y Jos\u00e9 Mujica (2010-2015), asistir\u00e1n a un acto en la sede del Poder Legislativo, que ser\u00e1 acompa\u00f1ado por una vigilia en las afueras organizada por la sociedad civil.<\/p>\n<p>La \u00faltima sesi\u00f3n del Senado antes de la disoluci\u00f3n de las C\u00e1maras, la madrugada del 27 de junio de 1973, ser\u00e1 recreada a partir de las 22H30 (01H00 GMT del martes). Im\u00e1genes de esa noche se proyectar\u00e1n en la c\u00fapula del recinto, mientras se escuchar\u00e1n los discursos de legisladores emblem\u00e1ticos.<\/p>\n<p>Despu\u00e9s, representantes de todos los partidos pol\u00edticos y de los tres poderes del Estado, as\u00ed como familiares de senadores de la \u00e9poca y periodistas de entonces, entonar\u00e1n el himno nacional en el majestuoso Sal\u00f3n de los Pasos Perdidos en el que los militares irrumpieron hace cinco d\u00e9cadas.<\/p>\n<p>La fachada del Palacio Legislativo se iluminar\u00e1 luego con los colores de la bandera uruguaya y las palabras \u00abPor siempre democracia\u00bb, la frase elegida para marcar la fecha. A la medianoche, el colectivo de activistas sociales y sindicatos que convoca a la \u00abjornada de reflexi\u00f3n\u00bb en las afueras del edificio, invita a prender cientos de velas en los alrededores.<\/p>\n<p>\u00abLa democracia se cuida todos los d\u00edas\u00bb, dijo en Radio Carve la vicepresidenta Beatriz Argim\u00f3n, enfatizando especialmente este mensaje para las nuevas generaciones.<\/p>\n<p><strong>\u00abGuerra interna\u00bb<\/strong><\/p>\n<p>La \u00faltima dictadura en Uruguay comenz\u00f3 el 27 de junio de 1973 cuando el entonces presidente Juan Mar\u00eda Bordaberry decret\u00f3 el cierre del Parlamento con apoyo de las Fuerzas Armadas. Pero el golpe de Estado ven\u00eda gest\u00e1ndose desde febrero, cuando muchos militares se sublevaron contra el nombramiento de un ministro.<\/p>\n<p><strong>El clima de \u00abguerra interna\u00bb no era nuevo.<\/strong><\/p>\n<p>Historiadores se\u00f1alan como antecedentes la crisis econ\u00f3mica de mediados de los a\u00f1os 1950, y el posterior deterioro social y econ\u00f3mico. Fue en la d\u00e9cada de 1960 que surgi\u00f3 la guerrilla urbana Movimiento de Liberaci\u00f3n Nacional-Tupamaros (MLN-T), entre otros grupos de izquierda radical inspirados por la Revoluci\u00f3n cubana.<\/p>\n<p>Las acciones de lucha armada aumentaron el peso de los militares en la vida pol\u00edtica, en un contexto de Guerra Fr\u00eda al que Uruguay, como el resto del Cono Sur sudamericano, no estuvo ajeno, coinciden analistas.<\/p>\n<p>La apertura democr\u00e1tica de la d\u00e9cada de 1980 en la regi\u00f3n tambi\u00e9n se produjo en Uruguay. Tras una salida pactada con los militares, el 1 de marzo de 1985 el pa\u00eds cerr\u00f3 un oscuro per\u00edodo de su historia, que supuso decenas de miles de opositores presos, proscriptos y exiliados.<\/p>\n<p>Oficialmente se contabilizan 197 personas desaparecidas por acciones atribuidas al Estado uruguayo entre 1968 y 1985, la gran mayor\u00eda detenidos en Argentina en el marco del Plan C\u00f3ndor de colaboraci\u00f3n entre los reg\u00edmenes militares de la regi\u00f3n.<\/p>\n<p><strong>Junio intenso<\/strong><\/p>\n<p>En Uruguay se identificaron cinco detenidos desaparecidos enterrados en predios militares. Los restos de una mujer, hallados el 6 de junio en una unidad del Ej\u00e9rcito, est\u00e1n a\u00fan bajo an\u00e1lisis.<\/p>\n<p>Tambi\u00e9n este mes, el 2 de junio, dos militares retirados uruguayos fueron condenados a 12 a\u00f1os y seis meses de prisi\u00f3n por cr\u00edmenes de lesa humanidad cometidos durante la dictadura contra militantes comunistas.<\/p>\n<p>Y el 15 de junio, la Justicia argentina libr\u00f3 un exhorto internacional para que se preserve un avi\u00f3n hallado en territorio uruguayo se\u00f1alado de haber trasladado a detenidos bajo el Plan C\u00f3ndor.<\/p>\n<p>En cumplimiento de sentencias de la Corte Interamericana de Derechos Humanos, el Estado uruguayo realiz\u00f3 dos reconocimientos p\u00fablicos de su actuaci\u00f3n ileg\u00edtima durante el pasado r\u00e9gimen de facto.<\/p>\n<p>El acto de reparaci\u00f3n m\u00e1s reciente fue el 15 de junio, cuando admiti\u00f3 la ejecuci\u00f3n extrajudicial de las tres \u00abMuchachas de abril\u00bb, as\u00ed como dos desapariciones forzadas relacionadas. En 2012 hab\u00eda asumido su responsabilidad por la desaparici\u00f3n en 1976 de la argentina Mar\u00eda Claudia Garc\u00eda, nuera del poeta Juan Gelman.<\/p>\n<p>Bordaberry, quien en 1976 fue reemplazado por mandatarios militares, muri\u00f3 en 2011. Estaba en arresto domiciliario desde 2007, procesado por violaciones de los derechos humanos.<\/p>\n<p>Gregorio \u00abGoyo\u00bb \u00c1lvarez, el \u00faltimo militar que gobern\u00f3 Uruguay (1981-85) muri\u00f3 en 2016, mientras cumpl\u00eda una condena de 25 a\u00f1os de c\u00e1rcel por el homicidio de 37 personas en el marco del Plan C\u00f3ndor. Fue uno de los que ingres\u00f3 al Sal\u00f3n de los Pasos Perdidos hace 50 a\u00f1os.<\/p>\n<h6>Fuente: Tucum\u00e1n Hoy<\/h6>\n","protected":false},"excerpt":{"rendered":"<p>Con el compromiso de preservar la democracia, Uruguay conmemor\u00f3 ayer lunes el 50 aniversario del golpe de Estado que dio inicio a la \u00faltima dictadura, un r\u00e9gimen c\u00edvico militar de 12 a\u00f1os cuyos ecos a\u00fan reverberan.<\/p>\n","protected":false},"author":2,"featured_media":137412,"comment_status":"closed","ping_status":"closed","sticky":false,"template":"","format":"standard","meta":{"footnotes":""},"categories":[22],"tags":[57],"class_list":["post-137411","post","type-post","status-publish","format-standard","has-post-thumbnail","hentry","category-el-mundo","tag-el-mundo"],"_links":{"self":[{"href":"http:\/\/argentinamunicipal.com.ar\/argentina\/wp-json\/wp\/v2\/posts\/137411","targetHints":{"allow":["GET"]}}],"collection":[{"href":"http:\/\/argentinamunicipal.com.ar\/argentina\/wp-json\/wp\/v2\/posts"}],"about":[{"href":"http:\/\/argentinamunicipal.com.ar\/argentina\/wp-json\/wp\/v2\/types\/post"}],"author":[{"embeddable":true,"href":"http:\/\/argentinamunicipal.com.ar\/argentina\/wp-json\/wp\/v2\/users\/2"}],"replies":[{"embeddable":true,"href":"http:\/\/argentinamunicipal.com.ar\/argentina\/wp-json\/wp\/v2\/comments?post=137411"}],"version-history":[{"count":0,"href":"http:\/\/argentinamunicipal.com.ar\/argentina\/wp-json\/wp\/v2\/posts\/137411\/revisions"}],"wp:featuredmedia":[{"embeddable":true,"href":"http:\/\/argentinamunicipal.com.ar\/argentina\/wp-json\/wp\/v2\/media\/137412"}],"wp:attachment":[{"href":"http:\/\/argentinamunicipal.com.ar\/argentina\/wp-json\/wp\/v2\/media?parent=137411"}],"wp:term":[{"taxonomy":"category","embeddable":true,"href":"http:\/\/argentinamunicipal.com.ar\/argentina\/wp-json\/wp\/v2\/categories?post=137411"},{"taxonomy":"post_tag","embeddable":true,"href":"http:\/\/argentinamunicipal.com.ar\/argentina\/wp-json\/wp\/v2\/tags?post=137411"}],"curies":[{"name":"wp","href":"https:\/\/api.w.org\/{rel}","templated":true}]}}