{"id":137509,"date":"2023-06-29T19:03:25","date_gmt":"2023-06-29T22:03:25","guid":{"rendered":"http:\/\/argentinamunicipal.com.ar\/argentina\/?p=137509"},"modified":"2023-06-29T19:03:25","modified_gmt":"2023-06-29T22:03:25","slug":"neuquen-se-viene-el-segundo-festival-provincial-de-musica-andina","status":"publish","type":"post","link":"http:\/\/argentinamunicipal.com.ar\/argentina\/neuquen-se-viene-el-segundo-festival-provincial-de-musica-andina\/","title":{"rendered":"Neuqu\u00e9n: Se viene el Segundo Festival Provincial de M\u00fasica Andina"},"content":{"rendered":"<p>Se desarrollar\u00e1 en la ciudad de Neuqu\u00e9n el jueves 29 y viernes 30 de junio. Habr\u00e1 capacitaciones, cl\u00ednicas, talleres y shows de grupos y referentes de la m\u00fasica andina. Todas las propuestas son con entrada libre y gratuita.<\/p>\n<p>El jueves 29 y viernes 30 de junio, se desarrollar\u00e1 en la ciudad de Neuqu\u00e9n el segundo Festival Provincial de M\u00fasica Andina. Habr\u00e1 \u2013como parte del cronograma de actividades- diferentes propuestas para que los amantes de \u00e9ste g\u00e9nero aprovechen: capacitaciones, cl\u00ednicas y shows de grupos y referentes de la m\u00fasica andina. Todas las propuestas son con entrada libre y gratuita.<\/p>\n<p>El Festival contar\u00e1 con la m\u00fasica de agrupaciones de distintas localidades de la provincia como con talleres, conversatorios y charlas entre las que se encuentra el conversatorio sobre\u00a0\u201cEl rol de la mujer en la pr\u00e1ctica musical andina\u201d\u00a0a cargo de la artista Micaela Chauque; el taller\u00a0\u00abFormativo sobre Fabricaci\u00f3n y Uso de Instrumentos Aer\u00f3fonos\u00bb\u00a0del m\u00fasico y docente, Pablo C\u00f3rdoba; y el\u00a0Conversatorio con referentes de la M\u00fasica Andina de la provincia en homenaje a Ra\u00fal Mercado.<\/p>\n<p>El viernes 30 de junio a las 20, en el Cine Teatro Espa\u00f1ol, se realizar\u00e1 el gran cierre con las presentaciones en vivo de Disonando (Zapala), Los Kallpas (Cutral C\u00f3, Tito Gutierrez 5 (Neuqu\u00e9n) y Hueney Mapu (Plaza Huincul \/Cutral C\u00f3) mientras que los talleres y capacitaciones tendr\u00e1n lugar en el Centro Cultural Alberdi y en la Sala Alicia Fern\u00e1ndez Rego durante las jornadas del jueves y viernes. Acceso a la programaci\u00f3n completa a trav\u00e9s del siguiente link:\u00a0https:\/\/culturaprovincia.neuquen.gob.ar\/conoce-la-programacion-del-segundo-festival-provincial-de-musica-andina\/<\/p>\n<p>Artistas<\/p>\n<p>Participar\u00e1n del Festival la cantante Micaela Chauque, aerofonista y compositora que irrumpi\u00f3 la m\u00fasica popular de Argentina. Con arreglos originales y profundizando los recursos t\u00edmbricos, arm\u00f3nicos e interpretativos. Mantiene la esencia de la m\u00fasica juje\u00f1a y de los andes, buscando as\u00ed recuperar y revalorizar a compositores de esas regiones.<\/p>\n<p>Su tercer \u00e1lbum \u201cJallalla\u201d recibi\u00f3 el Premio Gardel 2019 a Mejor \u00c1lbum de Folklore de artista femenina. Es actualmente reconocida como una artista internacional del folklore del noroeste argentino. Adem\u00e1s realiz\u00f3 presentaciones en varios festivales tradicionales de Argentina como Jes\u00fas Mar\u00eda y form\u00f3 parte del primer Festival de M\u00fasica Andina del Neuqu\u00e9n en mayo del 2022.<\/p>\n<p>Surandes, es un proyecto nacido en el a\u00f1o 1994 a partir de un peque\u00f1o taller de acercamiento a la m\u00fasica de los pueblos andinos, bajo la gu\u00eda del maestro Chango Soria. Inicialmente fueron tres adolescentes los que comenzaron a transitar y compartir sus progresos en la interpretaci\u00f3n de la m\u00fasica de los pa\u00edses de Argentina, Chile, Bolivia, Per\u00fa y Ecuador. Con esta intenci\u00f3n, y dada la curiosidad que despertaba en ni\u00f1os, ni\u00f1as y adolescentes cada presentaci\u00f3n del grupo, sus integrantes se atrevieron a darle forma a un taller de instrumentos andinos destinado a esa poblaci\u00f3n (Taller de Sicus del Barrio El Arenal), con la intenci\u00f3n de canalizar sus inquietudes en un contexto social, cultural e hist\u00f3rico, con una propuesta de inclusi\u00f3n.<\/p>\n<p>\u201cDisonando\u201d en Concierto, es una propuesta original para quienes gustan apreciar m\u00fasica con atenci\u00f3n. El formato concierto del grupo se basa en un repertorio de m\u00fasica instrumental compuesto por obras de autor\u00eda propia y otras de grandes compositores latinoamericanos, tales como Ra\u00fal Carnota, Jorge Fandermole. Astor Piazzolla, \u201cCuchi\u201d Leguizam\u00f3n, Daniel Maza, Ra\u00fal Di Blasio, entre otros. El grupo se forma en el a\u00f1o 2016 en la ciudad de Zapala. Actualmente se encuentra integrado por Ariel Carrizo en flauta traversa (SJ), Fernando Mor\u00e1n en charango, charang\u00f3n y cuatro venezolano (NQN), Alejandro Leliwa en segunda guitarra(CBA), Daniel S\u00e1nchez en bajo (NQN), Gabriel Elizondo en bater\u00eda y percusi\u00f3n (SJ), y Gast\u00f3n P\u00e9rez en primera guitarra y arreglos (NQN).<\/p>\n<p>Los Kallpas es un grupo de Folklore Andino de proyecci\u00f3n que se cre\u00f3 un 25 de septiembre del 2018 en la ciudad de Cutral Co \u2013 Provincia del Neuqu\u00e9n con m\u00fasicos j\u00f3venes locales de trayectoria en el rubro. El nombre del grupo tiene su origen de la lengua Quichua Aimara, que significa con fuerza. En el mes de Septiembre del 2021 fuimos convocados por la Secretaria de Cultura de la Ciudad de Cutral-Co para participar en la presentaci\u00f3n Oficial del Tremn Tahuen en su 34\u00b0 edici\u00f3n de la Fiesta Nacional en el Centro Cultural N\u00e9stor Kichner en la Ciudad Aut\u00f3noma De Buenos Aires.<\/p>\n<p>\u00abTito Gutierrez 5\u00bb es un proyecto musical donde confluyen los instrumentos andinos, los instrumentos el\u00e9ctricos y otros instrumentos tradicionales junto al sonido de los sintetizadores. Es una b\u00fasqueda de formas, de historias, donde confluyen distintos g\u00e9neros y estilos, tanto tradicionales como contempor\u00e1neos: m\u00fasica andina y folkl\u00f3rica, electr\u00f3nica, pop, rock, hip-hop, m\u00fasica incidental y otros. Es el quinto proyecto musical de Tito en una carrera de m\u00e1s de 40 a\u00f1os que incluye diversos escenarios nacionales, internacionales y dos nominaciones a los premios Gardel durante el co-liderazgo de una de sus bandas, \u201cPachamama\u201d. Lo acompa\u00f1an en esta agrupaci\u00f3n: Lautaro Guti\u00e9rrez y Luis Cifuentes. \u201cEs el momento\u201d es el primer disco de este proyecto, producido por Tito y Lautaro Guti\u00e9rrez.<\/p>\n<p>El grupo de m\u00fasica Hueney Mapu \u2013 Amigos de la Tierra con ra\u00edz folcl\u00f3rica andina de proyecci\u00f3n, entrelaza a integrantes multi-intrumentistas y compositores.<br \/>\nHueney Mapu presenta un repertorio con obras propias y de autores latinoamericanos, que desde el origen de la formaci\u00f3n siempre tuvo como premisa dejar el mensaje de los pueblos originarios, la realidad social y los derechos en general, impreso a trav\u00e9s de ritmos de caporales, tinkus, morenadas, toba, phuna, salay entre otros.<\/p>\n<h6>Fuente: neuqueninforma.gob.ar<\/h6>\n","protected":false},"excerpt":{"rendered":"<p>Se desarrollar\u00e1 en la ciudad de Neuqu\u00e9n el jueves 29 y viernes 30 de junio. Habr\u00e1 capacitaciones, cl\u00ednicas, talleres y shows de grupos y referentes de la m\u00fasica andina. Todas las propuestas son con entrada libre y gratuita.<\/p>\n","protected":false},"author":2,"featured_media":137510,"comment_status":"closed","ping_status":"closed","sticky":false,"template":"","format":"standard","meta":{"footnotes":""},"categories":[47],"tags":[23],"class_list":["post-137509","post","type-post","status-publish","format-standard","has-post-thumbnail","hentry","category-fiestas","tag-neuquen"],"_links":{"self":[{"href":"http:\/\/argentinamunicipal.com.ar\/argentina\/wp-json\/wp\/v2\/posts\/137509","targetHints":{"allow":["GET"]}}],"collection":[{"href":"http:\/\/argentinamunicipal.com.ar\/argentina\/wp-json\/wp\/v2\/posts"}],"about":[{"href":"http:\/\/argentinamunicipal.com.ar\/argentina\/wp-json\/wp\/v2\/types\/post"}],"author":[{"embeddable":true,"href":"http:\/\/argentinamunicipal.com.ar\/argentina\/wp-json\/wp\/v2\/users\/2"}],"replies":[{"embeddable":true,"href":"http:\/\/argentinamunicipal.com.ar\/argentina\/wp-json\/wp\/v2\/comments?post=137509"}],"version-history":[{"count":0,"href":"http:\/\/argentinamunicipal.com.ar\/argentina\/wp-json\/wp\/v2\/posts\/137509\/revisions"}],"wp:featuredmedia":[{"embeddable":true,"href":"http:\/\/argentinamunicipal.com.ar\/argentina\/wp-json\/wp\/v2\/media\/137510"}],"wp:attachment":[{"href":"http:\/\/argentinamunicipal.com.ar\/argentina\/wp-json\/wp\/v2\/media?parent=137509"}],"wp:term":[{"taxonomy":"category","embeddable":true,"href":"http:\/\/argentinamunicipal.com.ar\/argentina\/wp-json\/wp\/v2\/categories?post=137509"},{"taxonomy":"post_tag","embeddable":true,"href":"http:\/\/argentinamunicipal.com.ar\/argentina\/wp-json\/wp\/v2\/tags?post=137509"}],"curies":[{"name":"wp","href":"https:\/\/api.w.org\/{rel}","templated":true}]}}