{"id":13768,"date":"2014-08-23T18:00:42","date_gmt":"2014-08-23T21:00:42","guid":{"rendered":"http:\/\/argentinamunicipal.com.ar\/argentina\/?p=13768"},"modified":"2014-08-20T19:57:18","modified_gmt":"2014-08-20T22:57:18","slug":"facebook-propone-internet-gratis-en-colombia","status":"publish","type":"post","link":"http:\/\/argentinamunicipal.com.ar\/argentina\/facebook-propone-internet-gratis-en-colombia\/","title":{"rendered":"Facebook propone internet gratis en Colombia"},"content":{"rendered":"<p><a href=\"http:\/\/argentinamunicipal.com.ar\/argentina\/wp-content\/uploads\/2014\/08\/70557_Foto_14_de_agosto_2014_06.jpg\"><img loading=\"lazy\" decoding=\"async\" class=\"aligncenter  wp-image-13769\" src=\"http:\/\/argentinamunicipal.com.ar\/argentina\/wp-content\/uploads\/2014\/08\/70557_Foto_14_de_agosto_2014_06.jpg\" alt=\"70557_Foto_14_de_agosto_2014_06\" width=\"716\" height=\"403\" srcset=\"http:\/\/argentinamunicipal.com.ar\/argentina\/wp-content\/uploads\/2014\/08\/70557_Foto_14_de_agosto_2014_06.jpg 800w, http:\/\/argentinamunicipal.com.ar\/argentina\/wp-content\/uploads\/2014\/08\/70557_Foto_14_de_agosto_2014_06-300x168.jpg 300w\" sizes=\"auto, (max-width: 716px) 100vw, 716px\" \/><\/a><br \/>\nLa mayor red social del mundo, Facebook, manifest\u00f3 a trav\u00e9s de su vicepresidente de Crecimiento, Javier Oliv\u00e1n, que la compa\u00f1\u00eda podr\u00eda ofrecer Internet gratuito en toda Colombia si se logra una alianza con el Gobierno del pa\u00eds cafetero.<\/p>\n<p>\u2018Para m\u00ed este viaje ser\u00eda un \u00e9xito si en los pr\u00f3ximos meses, colaborando con el ministro (de Tecnolog\u00edas de la Informaci\u00f3n y la Comunicaci\u00f3n) Diego Molano y con el Gobierno del presidente Santos, podemos por primera vez en un pa\u00eds de habla no inglesa y por primera vez en Latinoam\u00e9rica ofrecer un paquete de servicios gratuitos\u2019, afirm\u00f3 Oliv\u00e1n, durante su visita a la cumbre Colombia3.0 que tuvo lugar en Bogot\u00e1.<\/p>\n<p>Oliv\u00e1n tambi\u00e9n se\u00f1al\u00f3 que Colombia \u2018es un pa\u00eds con una combinaci\u00f3n \u00fanica de querer estar conectados, un Gobierno que est\u00e1 apostando por inversiones muy fuertes y por empujar la conectividad, y con una alianza estrat\u00e9gica con nosotros para llevar el Internet en Colombia al pr\u00f3ximo nivel\u2019.<\/p>\n<p>Aunque el 80% de la poblaci\u00f3n mundial vive en zonas de 2G o 3G, la mayor\u00eda de \u00c1frica, Am\u00e9rica Latina y Asia no \u2018existe\u2019, porque no tiene acceso a Internet. La se\u00f1al wifi y 4G existen principalmente en los pa\u00edses con un nivel alto de PBI per c\u00e1pita.<\/p>\n<p>Mark Zuckerberg planea resolver el problema y conectar el mundo mediante el proyecto Internet.org, que fue lanzado el a\u00f1o pasado en colaboraci\u00f3n con las compa\u00f1\u00edas Samsung, Ericsson, Nokia, Opera Software y Qualcomm.<\/p>\n<p>Internet.org, seg\u00fan el creador de Facebook, nace con el objetivo de impulsar iniciativas y acuerdos que permitan el desarrollo de una infraestructura de acceso a Internet menos costosa. El proyecto pretende ofrecer se\u00f1al wifi a los 5.000 millones de personas que habitan zonas donde no existe la infraestructura necesaria para conectarse a la Red.<\/p>\n<h6>Fuente: Preg\u00f3n<\/h6>\n","protected":false},"excerpt":{"rendered":"<p>La mayor red social del mundo, Facebook, manifest\u00f3 a trav\u00e9s de su vicepresidente de Crecimiento, Javier Oliv\u00e1n, que la compa\u00f1\u00eda podr\u00eda ofrecer Internet gratuito en toda Colombia si se logra una alianza con el Gobierno del pa\u00eds cafetero. \u2018Para m\u00ed este viaje ser\u00eda un \u00e9xito si en los pr\u00f3ximos meses, colaborando con el ministro (de<\/p>\n","protected":false},"author":2,"featured_media":13769,"comment_status":"closed","ping_status":"closed","sticky":false,"template":"","format":"standard","meta":{"footnotes":""},"categories":[22],"tags":[57],"class_list":["post-13768","post","type-post","status-publish","format-standard","has-post-thumbnail","hentry","category-el-mundo","tag-el-mundo"],"_links":{"self":[{"href":"http:\/\/argentinamunicipal.com.ar\/argentina\/wp-json\/wp\/v2\/posts\/13768","targetHints":{"allow":["GET"]}}],"collection":[{"href":"http:\/\/argentinamunicipal.com.ar\/argentina\/wp-json\/wp\/v2\/posts"}],"about":[{"href":"http:\/\/argentinamunicipal.com.ar\/argentina\/wp-json\/wp\/v2\/types\/post"}],"author":[{"embeddable":true,"href":"http:\/\/argentinamunicipal.com.ar\/argentina\/wp-json\/wp\/v2\/users\/2"}],"replies":[{"embeddable":true,"href":"http:\/\/argentinamunicipal.com.ar\/argentina\/wp-json\/wp\/v2\/comments?post=13768"}],"version-history":[{"count":0,"href":"http:\/\/argentinamunicipal.com.ar\/argentina\/wp-json\/wp\/v2\/posts\/13768\/revisions"}],"wp:featuredmedia":[{"embeddable":true,"href":"http:\/\/argentinamunicipal.com.ar\/argentina\/wp-json\/wp\/v2\/media\/13769"}],"wp:attachment":[{"href":"http:\/\/argentinamunicipal.com.ar\/argentina\/wp-json\/wp\/v2\/media?parent=13768"}],"wp:term":[{"taxonomy":"category","embeddable":true,"href":"http:\/\/argentinamunicipal.com.ar\/argentina\/wp-json\/wp\/v2\/categories?post=13768"},{"taxonomy":"post_tag","embeddable":true,"href":"http:\/\/argentinamunicipal.com.ar\/argentina\/wp-json\/wp\/v2\/tags?post=13768"}],"curies":[{"name":"wp","href":"https:\/\/api.w.org\/{rel}","templated":true}]}}