{"id":13808,"date":"2014-08-21T08:48:32","date_gmt":"2014-08-21T11:48:32","guid":{"rendered":"http:\/\/argentinamunicipal.com.ar\/argentina\/?p=13808"},"modified":"2014-08-21T08:48:32","modified_gmt":"2014-08-21T11:48:32","slug":"resurgio-la-tension-limitrofe-entre-chile-y-peru-por-un-mapa-que-difundio-lima","status":"publish","type":"post","link":"http:\/\/argentinamunicipal.com.ar\/argentina\/resurgio-la-tension-limitrofe-entre-chile-y-peru-por-un-mapa-que-difundio-lima\/","title":{"rendered":"Resurgi\u00f3 la tensi\u00f3n lim\u00edtrofe entre Chile y Per\u00fa por un mapa que difundi\u00f3 Lima"},"content":{"rendered":"<p><a href=\"http:\/\/argentinamunicipal.com.ar\/argentina\/wp-content\/uploads\/2014\/08\/822260.jpg\"><img loading=\"lazy\" decoding=\"async\" class=\"aligncenter  wp-image-13809\" src=\"http:\/\/argentinamunicipal.com.ar\/argentina\/wp-content\/uploads\/2014\/08\/822260.jpg\" alt=\"822260\" width=\"694\" height=\"484\" srcset=\"http:\/\/argentinamunicipal.com.ar\/argentina\/wp-content\/uploads\/2014\/08\/822260.jpg 840w, http:\/\/argentinamunicipal.com.ar\/argentina\/wp-content\/uploads\/2014\/08\/822260-300x209.jpg 300w\" sizes=\"auto, (max-width: 694px) 100vw, 694px\" \/><\/a><\/p>\n<p>Santiago hizo una \u00abexpresa reserva\u00bb frente a la nueva Carta de L\u00edmite Exterior difundida el martes por Per\u00fa, que fija como punto final de la frontera terrestre el Punto Concordia y no el Hito 1, como indica el tratado lim\u00edtrofe de 1929.<\/p>\n<p>Chile hizo una \u00abexpresa reserva\u00bb frente a la nueva Carta de L\u00edmite Exterior difundida el martes por Per\u00fa, que fija como punto final de la frontera terrestre el Punto Concordia y no el Hito 1, como indica el tratado lim\u00edtrofe de 1929 y los acuerdos bilaterales de 1930.<\/p>\n<p>Un comunicado le\u00eddo el martes por la noche por el canciller chileno Heraldo Mu\u00f1oz se\u00f1ala que Chile \u00abhace expresa reserva en lo que ata\u00f1e a la representaci\u00f3n del punto final de la frontera terrestre entre ambos pa\u00edses, que no se deriva del fallo de la Corte Internacional de Justicia\u00bb de febrero de 2014.<\/p>\n<p>La nota agrega que la frontera terrestre marcada por Per\u00fa tampoco se deriva de \u00abuna adecuada interpretaci\u00f3n del Tratado de 1929 (entre Per\u00fa y Chile) y los acuerdos que llevaron a materializar el l\u00edmite terrestre en 1930\u00bb.<\/p>\n<p>Per\u00fa aspira a un tri\u00e1ngulo de 3,5 hect\u00e1reas de terreno que se forma entre el Hito 1, donde nace el paralelo lim\u00edtrofe, y el Punto Concordia, que para Per\u00fa es el punto donde empieza la frontera en tierra. La Carta peruana muestra como inicio de su frontera sur el Punto Concordia y, por tanto, el tri\u00e1ngulo terrestre.<\/p>\n<p>El estado peruano desconoci\u00f3 en 2008 los l\u00edmites mar\u00edtimos con Chile y demand\u00f3 al pa\u00eds ante la Corte Internacional de Justicia, con sede en La Haya, que el 27 de febrero de este a\u00f1o fij\u00f3 una nueva frontera en el mar, que signific\u00f3 que Santiago traspasara a Lima 22 kil\u00f3metros cuadrados de su zona econ\u00f3mica exclusiva.<\/p>\n<p>La demanda peruana no hizo menci\u00f3n alguna a la frontera terrestre y el tribunal enfatiz\u00f3 que el l\u00edmite mar\u00edtimo parte del Hito 1, con un paralelo que se extiende 128 kil\u00f3metros (80 millas) mar adentro, y no 200 kil\u00f3metros, como dec\u00eda Chile, y desde all\u00ed nace una l\u00ednea equidistante hasta un punto marcado en el mar por los jueces.<\/p>\n<p>Para Chile el tri\u00e1ngulo terrestre es incuestionablemente chileno.<\/p>\n<p>El comunicado chileno enfatiza que en su demanda que \u00abPer\u00fa nunca sostuvo que existir\u00eda una diferencia entre el inicio del l\u00edmite mar\u00edtimo y el punto final del l\u00edmite terrestre entre Chile y Per\u00fa\u00bb.<\/p>\n<p>Recuerda que la Corte no se pronunci\u00f3 sobre la frontera terrestre y que en la Carta de L\u00edmite Exterior presentada por Per\u00fa \u00abse abordan materias que exceden lo dispuesto en aquel fallo\u00bb y lo acordado por un grupo bilateral de trabajo que implement\u00f3 el citado fallo.<\/p>\n<p>La nota reitera la voluntad de Chile \u00abde trabajar conjuntamente con el gobierno del Per\u00fa en el pleno cumplimiento del aludido fallo de la Corte Internacional de Justicia\u00bb.<\/p>\n<h6>Fuente: Uno, Mendoza<\/h6>\n","protected":false},"excerpt":{"rendered":"<p>Santiago hizo una \u00abexpresa reserva\u00bb frente a la nueva Carta de L\u00edmite Exterior difundida el martes por Per\u00fa, que fija como punto final de la frontera terrestre el Punto Concordia y no el Hito 1, como indica el tratado lim\u00edtrofe de 1929. Chile hizo una \u00abexpresa reserva\u00bb frente a la nueva Carta de L\u00edmite Exterior<\/p>\n","protected":false},"author":2,"featured_media":13809,"comment_status":"closed","ping_status":"closed","sticky":false,"template":"","format":"standard","meta":{"footnotes":""},"categories":[22],"tags":[57],"class_list":["post-13808","post","type-post","status-publish","format-standard","has-post-thumbnail","hentry","category-el-mundo","tag-el-mundo"],"_links":{"self":[{"href":"http:\/\/argentinamunicipal.com.ar\/argentina\/wp-json\/wp\/v2\/posts\/13808","targetHints":{"allow":["GET"]}}],"collection":[{"href":"http:\/\/argentinamunicipal.com.ar\/argentina\/wp-json\/wp\/v2\/posts"}],"about":[{"href":"http:\/\/argentinamunicipal.com.ar\/argentina\/wp-json\/wp\/v2\/types\/post"}],"author":[{"embeddable":true,"href":"http:\/\/argentinamunicipal.com.ar\/argentina\/wp-json\/wp\/v2\/users\/2"}],"replies":[{"embeddable":true,"href":"http:\/\/argentinamunicipal.com.ar\/argentina\/wp-json\/wp\/v2\/comments?post=13808"}],"version-history":[{"count":0,"href":"http:\/\/argentinamunicipal.com.ar\/argentina\/wp-json\/wp\/v2\/posts\/13808\/revisions"}],"wp:featuredmedia":[{"embeddable":true,"href":"http:\/\/argentinamunicipal.com.ar\/argentina\/wp-json\/wp\/v2\/media\/13809"}],"wp:attachment":[{"href":"http:\/\/argentinamunicipal.com.ar\/argentina\/wp-json\/wp\/v2\/media?parent=13808"}],"wp:term":[{"taxonomy":"category","embeddable":true,"href":"http:\/\/argentinamunicipal.com.ar\/argentina\/wp-json\/wp\/v2\/categories?post=13808"},{"taxonomy":"post_tag","embeddable":true,"href":"http:\/\/argentinamunicipal.com.ar\/argentina\/wp-json\/wp\/v2\/tags?post=13808"}],"curies":[{"name":"wp","href":"https:\/\/api.w.org\/{rel}","templated":true}]}}