{"id":138756,"date":"2023-08-09T05:09:15","date_gmt":"2023-08-09T08:09:15","guid":{"rendered":"http:\/\/argentinamunicipal.com.ar\/argentina\/?p=138756"},"modified":"2023-08-08T17:12:19","modified_gmt":"2023-08-08T20:12:19","slug":"que-empieza-a-jugarse-el-domingo-que-viene","status":"publish","type":"post","link":"http:\/\/argentinamunicipal.com.ar\/argentina\/que-empieza-a-jugarse-el-domingo-que-viene\/","title":{"rendered":"\u00bfQu\u00e9 empieza a jugarse el domingo que viene?"},"content":{"rendered":"<p>Nunca, desde el recupero democr\u00e1tico, se sinti\u00f3 con tanta intensidad que en \u201cla calle\u201d no pasa nada frente a un proceso de elecciones presidenciales.<\/p>\n<p>El paisaje s\u00ed cada vez m\u00e1s habitual, hace unos a\u00f1os, es aquel que ya no presenta grandes actos, ni muestras de trabajo incansable por parte de la militancia, ni convocatorias a desplegarse por los territorios.<\/p>\n<p>Todo, pr\u00e1cticamente, se reduce al escenario medi\u00e1tico y de las redes.\u00a0Se acab\u00f3 el contacto f\u00edsico, a tono con lo l\u00edquido de una realidad a distancia en la que el humor general resulta marcado por las intens\u00edsimas minor\u00edas y sectas digitales.<\/p>\n<p>No es cuesti\u00f3n de envoltorio, sino de contenido en tanto expresa el profundo alejamiento entre \u201cla gente\u201d y \u201cla pol\u00edtica\u201d. Entre el pueblo y la \u00fanica herramienta conocida para producir cambios o ratificaciones de actualidad y rumbo sociales.<\/p>\n<p>Como siempre se encargaba de recordar David Vi\u00f1as en su cita aristot\u00e9lica, el hombre es un animal pol\u00edtico. Y si se le quita lo pol\u00edtico\u2026<\/p>\n<p>Ninguna de las coaliciones y figuras participantes escapa al clima g\u00e9lido del decurso electoral. Quiz\u00e1 justamente debido a eso, la intenci\u00f3n de sacudir el tablero los lleva a incurrir en declaraciones, contradicciones, arrebatos y gestos capusottianos, a veces dirigidos a sus propios socios.<\/p>\n<p>En la liga oficialista hay una convivencia sin agresiones destacadas. Van tentando en base a conjeturas, porque nadie tiene mayor idea precisa de lo que ocurrir\u00e1 en las urnas.\u00a0Las\u00a0encuestas\u00a0est\u00e1n descartadas como term\u00f3metro fiel, incluso por quienes contin\u00faan pag\u00e1ndolas s\u00f3lo por inercia (o por alg\u00fan otro factor que suscita gente mal pensada).<\/p>\n<p>Se escapan chicanas, s\u00ed. Pudo escucharse que\u00a0votar a Juan Grabois es \u201ctirar el voto\u201d.\u00a0\u00bfPor qu\u00e9 habr\u00eda de serlo si se trata de Primarias?<\/p>\n<p>O se juega con el consignismo de\u00a0Sergio Massa\u00a0cual agente de La Embajada y otras delicias, dicho a modo resumen,\u00a0como si sus idas y venidas \u2014por cierto que a la altura de ingerir batracios\u2014 no alcanzaran tambi\u00e9n al recorrido de Grabois, quien en 2017, para no abundar, dec\u00eda que \u201cel kirchnerismo tuvo una pr\u00e1ctica alejada de los excluidos\u201d y que \u201cCristina ya no es el liderazgo del futuro\u201d\u00a0(entrevista de Luis Novaresio en\u00a0Infobae, 29 de octubre de aqu\u00e9l a\u00f1o).<\/p>\n<p>En otras palabras y sin perjuicio de que\u00a0Uni\u00f3n por la Patria\u00a0lleva bastante bien sus disidencias desde que CFK admiti\u00f3 o promovi\u00f3 la precandidatura de Massa,\u00a0le ser\u00eda mejor no andar topete\u00e1ndose en competencias de purismo.\u00a0Y, a la par, tener un compromiso enormemente m\u00e1s activo.<\/p>\n<p><strong>No es eso lo que se nota.<\/strong><\/p>\n<p>Tal como\u00a0escribi\u00f3\u00a0Luis Bruschtein\u00a0en este diario, el s\u00e1bado,\u00a0UxP\u00a0sale en desventaja y \u201cest\u00e1 obligada (\u2026) a volcarse las calles, con mesas, timbreando, puerta por puerta, con charlas en los barrios, porque tiene que convencer a esc\u00e9pticos y enojados, que\u00a0son muchos y son los que pueden hacerle ganar\u201d.<\/p>\n<p><strong>\u00bfSe advierte ese trabajo?<\/strong><\/p>\n<p>El macrismo, entendido como la derecha expl\u00edcita en condiciones de vencer excepto que\u00a0Javier Milei\u00a0produzca la sorpresa m\u00e1s estramb\u00f3tica de nuestra historia electoral, no tiene ese problema.\u00a0Sufre otros, en superficie conectados a choques de egos y resentimientos personales. Si se va m\u00e1s abajo, hablar\u00edamos de lucha por negocios. Y en cualquier caso, nunca de enfrentamientos ideol\u00f3gicos severos.<\/p>\n<p>Los cruces entre el \u00bfpalomismo? de\u00a0Larreta\u00a0y las\u00a0brutalidades de\u00a0Bullrich\u00a0(sobre todo esto \u00faltimo, porque la pauta publicitaria del gobierno de la Ciudad juega sus cartas) son aptos para el entretenimiento medi\u00e1tico. En los programas oficialistas se divierten. Son un loop en torno al pato criollo o la Comandante Pato, que habr\u00e1 de verse si sirve para algo.<\/p>\n<p>Y en el flanco opositor se enfrentan, de acuerdo a por qui\u00e9n apuesten sus presentadores de noticias. Unos a Larreta, otros a Bullrich. Nada que le mueva el amper\u00edmetro a \u201cla gente\u201d, salvo en el microcosmos politizados o a fines de la chismograf\u00eda.<\/p>\n<p>Hay quienes dicen ver m\u00e1s all\u00e1.\u00a0Pronostican a) que un buen n\u00famero de los votos de uno no ir\u00e1n a la otra y viceversa, luego de las Primarias (\u00bfy a d\u00f3nde ir\u00edan, en porcentaje determinante?). Y b), que en un gobierno cambiemita terminar\u00e1n muy mal, a poco de andar, la facci\u00f3n colomb\u00f3fila y el sector \u201chalc\u00f3n\u201d.<\/p>\n<p>En esa hip\u00f3tesis:\u00a0la puja por negocios y la inexistencia de grandes cuadros pol\u00edticos (eso que jam\u00e1s pudo ser Macri, para transformar a la clase dominante en clase dirigente) acabar\u00edan para los cambiemitas en un s\u00edmil de lo que fue el fracaso de la Alianza entre radicales y viudos peronistas, cuando cay\u00f3 el menemismo.<\/p>\n<p>Puede ser. O no. Pero, en principio,\u00a0\u00bfalguien tiene noticias argentinas de que la derecha se haya fracturado?<\/p>\n<p>Precisamente y mientras tanto, en lugar de prestarle tanta atenci\u00f3n a las pullas individuales, ser\u00eda m\u00e1s conveniente dedicarse a en qu\u00e9 esa derecha est\u00e1 de acuerdo. Parece obvio que deba ser as\u00ed, pero no es lo que indica la superficialidad de distraerse sin parar con las barrabasadas de\u00a0Bullrich. O con el bizarro intento de\u00a0Larreta\u00a0para ensayar un baile de chacarera. O con las proyecciones del\u00a0apoyo de Heidi al alcalde porte\u00f1o. O con el despecho de\u00a0Cristian Ritondo.<\/p>\n<p>Est\u00e1n avisando con todas las letras, pelos y se\u00f1ales que\u00a0intentar\u00e1n liquidar paritarias, indemnizaciones, adicionales de salario. Para pasar a mejor vida a \u201clos planeros\u201d no tienen mejor idea que\u00a0camiones hidrantes. La vieja oligarqu\u00eda, desde la\u00a0Rural, propuso volver a antes del \u201945. Y de yapa, \u00bfalguien conoce qu\u00e9 proponen los cambiemitas respecto de c\u00f3mo proceder con la monstruosidad de endeudamiento que dejaron con el FMI (quitados, claro, los delirios \u2014o no\u2014 de un\u00a0nuevo blindaje,\u00a0entrar con\u00a0c\u00e1maras a las b\u00f3vedas del Banco Central\u00a0o cargarlo de explosivos).\u00a0Es neur\u00e1lgico que no impresione la ausencia de alguna pregunta sobre esta cuesti\u00f3n.<\/p>\n<p>Uni\u00f3n por la Patria\u00a0tiene el dilema de c\u00f3mo se resuelve ser opo-oficialismo.<\/p>\n<p>Uno de sus precandidatos es ministro de Econom\u00eda cuando no cesan ni la\u00a0inflaci\u00f3n\u00a0ni la\u00a0cotizaci\u00f3n del d\u00f3lar\u00a0que genera las expectativas. Y el otro intenta m\u00fasculos de resistencia.<\/p>\n<p>Los dos tienen el mismo problema. \u00bfC\u00f3mo se proyecta futuro si est\u00e1 gobern\u00e1ndose hace rato y la percepci\u00f3n masiva, en consecuencia, es que se tuvo la probabilidad de arreglar las cosas, y de hacerlo ya mismo?<\/p>\n<p><strong>\u00bfEs atractivo y ganador acentuar lo que se evit\u00f3?<\/strong><\/p>\n<p>Primero, con un\u00a0Estado presente, se impidieron efectos de la\u00a0pandemia\u00a0m\u00e1s devastadores a\u00fan. Despu\u00e9s, hubo un pol\u00e9mico\u00a0acuerdo con el Fondo. Sirvi\u00f3 para regular la cat\u00e1strofe dejada por\u00a0Macri\u00a0para, ahora, no ceder as\u00ed como as\u00ed a las exigencias de toda la vida (y haber encontrado, aunque sean parches,\u00a0v\u00edas alternativas de financiamiento que eran impensables. Usar\u00a0yuanes, sin ir m\u00e1s lejos.\u00a0\u00bfEso es alineamiento con Washington?\u00a0Se atraves\u00f3 la\u00a0guerra\u00a0y la\u00a0sequ\u00eda\u00a0con\u00a0ajustes\u00a0que en manos de la oposici\u00f3n habr\u00edan sido cataclismos.<\/p>\n<p>No. No es atractivo. Es muy dif\u00edcil que alcance, porque lo evitado carece de impacto percibido en el bolsillo.\u00a0\u00bfDe qu\u00e9 me va a m\u00ed que se use moneda china o conseguir un pr\u00e9stamo qatar\u00ed?, podr\u00eda ser una s\u00edntesis de cu\u00e1nto \u201cpenetran\u201d ciertos logros en la sensibilidad popular.<\/p>\n<p>Y tambi\u00e9n es atendible que lo dem\u00e1s tiene mucho del Teorema de Baglini: las propuestas de un partido o dirigente (y comentaristas diversos) son directamente proporcionales a sus posibilidades de acceder al Poder. Cuanto m\u00e1s lejos, m\u00e1s duro.<\/p>\n<p>Se lo acusa de posibilista y es v\u00e1lido.<\/p>\n<p>Pero tambi\u00e9n puede v\u00e9rselo, seg\u00fan las circunstancias hist\u00f3ricas, como la responsabilidad de encontrar\u00a0un punto medio entre la resignaci\u00f3n y el panfletarismo.<\/p>\n<p>Se dir\u00eda que hay que saber administrar(se)\u00a0entre los sapos y la po\u00e9tica,\u00a0porque est\u00e1 en danza una elecci\u00f3n crucial que\u00a0comienza\u00a0el pr\u00f3ximo fin de semana.<\/p>\n<p>Eso es lo que se juega,\u00a0sobre todo,\u00a0en y desde Uni\u00f3n por la Patria.<\/p>\n<p>Por Eduardo Aliverti<\/p>\n<h6>Fuente: P\u00e1gina 12<\/h6>\n","protected":false},"excerpt":{"rendered":"<p>Nunca, desde el recupero democr\u00e1tico, se sinti\u00f3 con tanta intensidad que en \u201cla calle\u201d no pasa nada frente a un proceso de elecciones presidenciales.<\/p>\n","protected":false},"author":2,"featured_media":138757,"comment_status":"closed","ping_status":"closed","sticky":false,"template":"","format":"standard","meta":{"footnotes":""},"categories":[6],"tags":[21],"class_list":["post-138756","post","type-post","status-publish","format-standard","has-post-thumbnail","hentry","category-opiniones","tag-argentina"],"_links":{"self":[{"href":"http:\/\/argentinamunicipal.com.ar\/argentina\/wp-json\/wp\/v2\/posts\/138756","targetHints":{"allow":["GET"]}}],"collection":[{"href":"http:\/\/argentinamunicipal.com.ar\/argentina\/wp-json\/wp\/v2\/posts"}],"about":[{"href":"http:\/\/argentinamunicipal.com.ar\/argentina\/wp-json\/wp\/v2\/types\/post"}],"author":[{"embeddable":true,"href":"http:\/\/argentinamunicipal.com.ar\/argentina\/wp-json\/wp\/v2\/users\/2"}],"replies":[{"embeddable":true,"href":"http:\/\/argentinamunicipal.com.ar\/argentina\/wp-json\/wp\/v2\/comments?post=138756"}],"version-history":[{"count":0,"href":"http:\/\/argentinamunicipal.com.ar\/argentina\/wp-json\/wp\/v2\/posts\/138756\/revisions"}],"wp:featuredmedia":[{"embeddable":true,"href":"http:\/\/argentinamunicipal.com.ar\/argentina\/wp-json\/wp\/v2\/media\/138757"}],"wp:attachment":[{"href":"http:\/\/argentinamunicipal.com.ar\/argentina\/wp-json\/wp\/v2\/media?parent=138756"}],"wp:term":[{"taxonomy":"category","embeddable":true,"href":"http:\/\/argentinamunicipal.com.ar\/argentina\/wp-json\/wp\/v2\/categories?post=138756"},{"taxonomy":"post_tag","embeddable":true,"href":"http:\/\/argentinamunicipal.com.ar\/argentina\/wp-json\/wp\/v2\/tags?post=138756"}],"curies":[{"name":"wp","href":"https:\/\/api.w.org\/{rel}","templated":true}]}}