{"id":138789,"date":"2023-08-09T06:32:18","date_gmt":"2023-08-09T09:32:18","guid":{"rendered":"http:\/\/argentinamunicipal.com.ar\/argentina\/?p=138789"},"modified":"2023-08-09T06:32:18","modified_gmt":"2023-08-09T09:32:18","slug":"desidia-y-abandono-el-problema-de-los-basurales-a-5-minutos-de-la-ciudad-de-mendoza","status":"publish","type":"post","link":"http:\/\/argentinamunicipal.com.ar\/argentina\/desidia-y-abandono-el-problema-de-los-basurales-a-5-minutos-de-la-ciudad-de-mendoza\/","title":{"rendered":"Desidia y abandono: el problema de los basurales a 5 minutos de la Ciudad de Mendoza"},"content":{"rendered":"<p>La problem\u00e1tica en torno a los microbasurales emplazados en el piedemonte no es novedad como tampoco son nuevas las pr\u00e1cticas que se dan en torno al contexto de marginalidad, pero una de las principales dificultades se genera a partir de la discusi\u00f3n por la jurisdicci\u00f3n y la competencia en la zona.<\/p>\n<p>El incendio que se produjo el viernes pasado detr\u00e1s del Parque Deportivo de Monta\u00f1a dej\u00f3 al descubierto una serie de irregularidades en torno al manejo, la disposici\u00f3n de la basura y los litigios con los puesteros de esa zona del piedemonte. Micro basurales clandestinos proliferan entre los cerros donde est\u00e1n emplazados algunos puestos que datan desde hace m\u00e1s de una d\u00e9cada.<\/p>\n<p>El conflicto en torno a la\u00a0basura\u00a0y los puesteros que se encuentran\u00a0en la zona donde est\u00e1 ubicado el\u00a0Parque de Monta\u00f1a\u00a0y el Teatro Griego Frank Romero Day es complejo, pero reci\u00e9n comenz\u00f3 a visibilizarse\u00a0a partir de la presencia de\u00a0deportistas que acuden\u00a0para realizar trekking y\u00a0bicicleta. Ese espacio fue inaugurado por la\u00a0Municipalidad de la Ciudad de Mendoza\u00a0junto a la Secretar\u00eda de Ambiente de la provincia con el objetivo de\u00a0promover el turismo y las actividades recreativas siguiendo las pautas de una\u00a0ciudad sostenible que preserva y cuida el piedemonte, sin embargo, la existencia de una problem\u00e1tica de fondo genera disidencias\u00a0entre las autoridades que tienen competencia en la zona.<\/p>\n<p>El pasado viernes, MDZ acudi\u00f3 al lugar debido a un foco de incendio que se estaba produciendo en una especie de quebrada ubicada frente al Dique Fr\u00edas. La columna de humo negro se observaba desde la Ciudad y puso en alerta a los deportistas que acudieron al Parque de Monta\u00f1a para realizar sus entrenamientos habituales pero, sorprendentemente la rutina no se modific\u00f3 dando la pauta de que es una situaci\u00f3n habitual.<\/p>\n<p>Tras caminar un kil\u00f3metro desde la entrada al Teatro Griego, el paisaje se fue modificando. Unas cintas que funcionaban de vallado para limitar el acceso a esa zona fueron marcando el camino hacia el incendio pero tambi\u00e9n la basura desperdigada en la vegetaci\u00f3n daba cuenta de un espacio dejado al olvido. El humo cada vez era m\u00e1s espeso y la silueta de los bomberos apenas pod\u00eda percibirse. El ruido del agua impactando en las piedras y la basura generaba una sensaci\u00f3n placentera que auspiciaba el fin de las llamas que, de esparcirse, podr\u00edan provocar una tragedia.<\/p>\n<p>Mientras la Polic\u00eda Montada custodiaba el lugar y los bomberos apagaban las llamas que consum\u00edan parte de la basura, en la cima se observaba la descarga de un cami\u00f3n con un contenedor de escombros y residuos. Esta pr\u00e1ctica ilegal es habitual en la zona y los organismos que tienen competencia en el territorio delegan responsabilidades.<\/p>\n<p>\u00abRealizamos controles y actas pero los camiones ingresan por varios lugares ya que la geograf\u00eda de la zona es compleja. En el \u00faltimo trimestre se han labrado m\u00e1s de 26 actas de inspecci\u00f3n corroborando alg\u00fan tipo de falta en el piedemonte\u00bb, dijo Sebasti\u00e1n Fermani, subsecretario de Ambiente y Desarrollo Sostenible de la Municipalidad de la Ciudad de Mendoza al ser consultado sobre la responsabilidad del municipio frente a la proliferaci\u00f3n de los basurales.<\/p>\n<p><strong>La pelota pasa y la basura se acumula<\/strong><br \/>\nPor un lado, desde la Direcci\u00f3n de Parques de la provincia y Ambiente de la Municipalidad de la Ciudad, acuerdan en que\u00a0el conflicto se genera debido a la presencia y asentamiento irregular\u00a0de puesteros en la zona pero, al ser consultados sobre las tareas de remediaci\u00f3n surgen dudas en relaci\u00f3n a qui\u00e9n tiene la responsabilidad en esa jurisdicci\u00f3n.<\/p>\n<p>\u00abEs un sitio complejo ya que varias autoridades tienen competencia. Hay una situaci\u00f3n jur\u00eddica con algunos puestos como San Pedro y Candela ya que est\u00e1n ubicados en los terrenos del Parque y pertenecen a provincia. Tenemos limitantes legales para realizar acciones concretas ya que hemos detectado la acci\u00f3n conjunta entre puesteros y empresas que pagan para poder arrojar los residuos de forma ilegal\u00bb, expres\u00f3 el funcionario municipal y agreg\u00f3: \u00abRealizamos inspecciones y controlamos todas las semanas pero no podemos tener polic\u00eda las 24 horas. Hemos elevado a la fiscal\u00eda para que arbitre los medios necesarios para una soluci\u00f3n de fondo\u00bb.<\/p>\n<p>\u00abLa Direcci\u00f3n de Protecci\u00f3n Ambiental no controla jurisdicciones donde hay municipios, el control de la disposici\u00f3n de residuos es competencia de la Municipalidad, desde la provincia acompa\u00f1amos las denuncias\u00bb, manifest\u00f3 Ricardo Mariotti, director de Parques de Mendoza delegando la responsabilidad de la remediaci\u00f3n en sus pares del municipio de la Ciudad de Mendoza.<\/p>\n<p>La soluci\u00f3n de fondo para esta problem\u00e1tica que se acrecienta con el correr de los meses no se vislumbra. La vegetaci\u00f3n de la zona es seca y, de esparcirse un incendio, podr\u00eda suceder una tragedia ambiental irreparable. Los antecedentes son cercanos, en el 2020, m\u00e1s de 8 camiones de bomberos tuvieron que acudir para combatir las llamas que se generaron de forma intencional con la quema de basura pero tambi\u00e9n el recurrente viento Zonda podr\u00eda encender una chispa que desencadene un desastre.<\/p>\n<p>MDZ habl\u00f3 con uno de los pobladores que se mostr\u00f3 preocupado por el crecimiento del basural y advirti\u00f3 el riesgo con el conviven diariamente. \u00abEstamos cansados de reclamar a la Municipalidad por este tema pero la gente sigue viniendo a tirar la basura y nadie controla. Nuestras viviendas est\u00e1n en riesgo\u00bb, dijo Fabi\u00e1n.<\/p>\n<h6>Fuente: MDZ<\/h6>\n","protected":false},"excerpt":{"rendered":"<p>La problem\u00e1tica en torno a los microbasurales emplazados en el piedemonte no es novedad como tampoco son nuevas las pr\u00e1cticas que se dan en torno al contexto de marginalidad<\/p>\n","protected":false},"author":2,"featured_media":138790,"comment_status":"closed","ping_status":"closed","sticky":false,"template":"","format":"standard","meta":{"footnotes":""},"categories":[2],"tags":[31],"class_list":["post-138789","post","type-post","status-publish","format-standard","has-post-thumbnail","hentry","category-informe-municipal","tag-mendoza"],"_links":{"self":[{"href":"http:\/\/argentinamunicipal.com.ar\/argentina\/wp-json\/wp\/v2\/posts\/138789","targetHints":{"allow":["GET"]}}],"collection":[{"href":"http:\/\/argentinamunicipal.com.ar\/argentina\/wp-json\/wp\/v2\/posts"}],"about":[{"href":"http:\/\/argentinamunicipal.com.ar\/argentina\/wp-json\/wp\/v2\/types\/post"}],"author":[{"embeddable":true,"href":"http:\/\/argentinamunicipal.com.ar\/argentina\/wp-json\/wp\/v2\/users\/2"}],"replies":[{"embeddable":true,"href":"http:\/\/argentinamunicipal.com.ar\/argentina\/wp-json\/wp\/v2\/comments?post=138789"}],"version-history":[{"count":0,"href":"http:\/\/argentinamunicipal.com.ar\/argentina\/wp-json\/wp\/v2\/posts\/138789\/revisions"}],"wp:featuredmedia":[{"embeddable":true,"href":"http:\/\/argentinamunicipal.com.ar\/argentina\/wp-json\/wp\/v2\/media\/138790"}],"wp:attachment":[{"href":"http:\/\/argentinamunicipal.com.ar\/argentina\/wp-json\/wp\/v2\/media?parent=138789"}],"wp:term":[{"taxonomy":"category","embeddable":true,"href":"http:\/\/argentinamunicipal.com.ar\/argentina\/wp-json\/wp\/v2\/categories?post=138789"},{"taxonomy":"post_tag","embeddable":true,"href":"http:\/\/argentinamunicipal.com.ar\/argentina\/wp-json\/wp\/v2\/tags?post=138789"}],"curies":[{"name":"wp","href":"https:\/\/api.w.org\/{rel}","templated":true}]}}