{"id":138880,"date":"2023-08-14T05:56:06","date_gmt":"2023-08-14T08:56:06","guid":{"rendered":"http:\/\/argentinamunicipal.com.ar\/argentina\/?p=138880"},"modified":"2023-08-14T05:56:06","modified_gmt":"2023-08-14T08:56:06","slug":"paso-2023-falta-de-escucha-y-desconexion","status":"publish","type":"post","link":"http:\/\/argentinamunicipal.com.ar\/argentina\/paso-2023-falta-de-escucha-y-desconexion\/","title":{"rendered":"PASO 2023: falta de escucha y desconexi\u00f3n"},"content":{"rendered":"<p>Aun para los sectores enrolados en la derecha pol\u00edtica, los resultados de las elecciones primarias ofrecen m\u00e1s interrogantes que certezas. Y muchas de ellas solo tendr\u00e1n respuestas con el devenir los acontecimientos pol\u00edticos y sociales. No solo en lo inmediato, sino en el mediano y largo plazo. Las PASO ratificaron en las urnas la desconexi\u00f3n que la dirigencia pol\u00edtica sigue teniendo con la vida cotidiana de las personas, sus angustias, sus preocupaciones, sus necesidades. Se podr\u00e1 decir que el voto por Javier Milei es un \u201cvoto bronca\u201d, de hast\u00edo, de insatisfacci\u00f3n. Pero ser\u00eda un error creer que es un voto necesariamente ideol\u00f3gico, un voto de derecha y por la derecha. Sin duda tiene un componente de este tipo, pero circunscribirlo a esta mirada ser\u00eda un grave error. Entre otros motivos porque ser\u00eda subirle el precio al propio Milei, un candidato cargado de esl\u00f3ganes, de efectismo simplificador que ha dado &#8211;por lo menos en esta instancia&#8211; efectos electorales porque impacta y convoca emocionalmente, pero carece de respuestas s\u00f3lidas para mejorar la calidad de vida. Aunque el simplismo de los dichos encandile y a muchos les haga pensar lo contrario.<\/p>\n<p>Una pregunta que ser\u00eda importante responder es cu\u00e1ntos votos tradicionalmente peronistas o de ra\u00edz peronista le sumaron caudal a Milei porque el peronismo, en todas sus versiones, no le dio respuestas a las exigencias de su vida cotidiana, a sus demandas, a sus urgencias, que son econ\u00f3micas, pero tambi\u00e9n de calidad de vida de manera integral, donde la seguridad cobra una importancia inusitada como parte de los derechos ciudadanos.<\/p>\n<p>La mayor derrota ha sido la falta de capacidad de escucha, una actitud largamente proclamada por el elenco gobernante y escasamente ejecutada en sus acciones. Y est\u00e1 claro que si algo no puede hacerse es enojarse con las y los votantes, con la ciudadan\u00eda. El resultado de las elecciones PASO es una clara demanda de respuestas &#8211;con o\u00eddos atentos, abiertos y disponibles&#8211; a la dirigencia pol\u00edtica.<\/p>\n<p>Pero\u00a0tampoco puede decirse que lo sucedido en esta elecci\u00f3n ya decidi\u00f3 los comicios de octubre pr\u00f3ximo, aunque claramente es un indicador de enorme importancia. El futuro depende en gran medida de las estrategias de campa\u00f1a. Unidos por la Patria cuenta con la ventaja de estar ejerciendo el gobierno y manejar los resortes de decisiones que pueden favorecer a la calidad de vida de las personas. Con raz\u00f3n se podr\u00e1 decir que tambi\u00e9n que hacerse cargo del lastre que dej\u00f3 Mauricio Macri, sumados a los errores de la gesti\u00f3n de Alberto Fern\u00e1ndez. Y de un frente econ\u00f3mico en situaci\u00f3n cr\u00edtica y permanentemente acosado por las exigencias del Fondo Monetario Internacional.<\/p>\n<p>Queda abierta la pregunta respecto de\u00a0la posici\u00f3n que adoptar\u00e1n en octubre quienes ahora &#8211;quiz\u00e1s tambi\u00e9n por bronca o por incredulidad&#8211; se abstuvieron de participar\u00a0de las PASO. Pero para el\u00a0oficialismo necesita revisarse en su actitud de escucha como camino para intentar respuestas inmediatas que demanda la vida cotidiana de la ciudadan\u00eda.<\/p>\n<p>Frente a la derecha y ante el grito de \u201cque se vayan todos\u201d vale la pena recordar palabras de exvicepresidente de Bolivia \u00c1lvaro Garc\u00eda Linera: \u201cLa justicia y la igualdad siempre son esperanza. El resentimiento, el escarnio y el racismo no pueden serlo. Eso es la derecha, que quiere construir un mundo futuro fundado en la bilis y el odio. Nosotros, por el contrario, tenemos que construir un mundo alegre, fundado en la justicia y en la igualdad\u201d.<\/p>\n<p>Por Washington Uranga<\/p>\n<h6>Fuente: P\u00e1gina 12<\/h6>\n","protected":false},"excerpt":{"rendered":"<p>Aun para los sectores enrolados en la derecha pol\u00edtica, los resultados de las elecciones primarias ofrecen m\u00e1s interrogantes que certezas.<\/p>\n","protected":false},"author":2,"featured_media":138881,"comment_status":"closed","ping_status":"closed","sticky":false,"template":"","format":"standard","meta":{"footnotes":""},"categories":[6],"tags":[21],"class_list":["post-138880","post","type-post","status-publish","format-standard","has-post-thumbnail","hentry","category-opiniones","tag-argentina"],"_links":{"self":[{"href":"http:\/\/argentinamunicipal.com.ar\/argentina\/wp-json\/wp\/v2\/posts\/138880","targetHints":{"allow":["GET"]}}],"collection":[{"href":"http:\/\/argentinamunicipal.com.ar\/argentina\/wp-json\/wp\/v2\/posts"}],"about":[{"href":"http:\/\/argentinamunicipal.com.ar\/argentina\/wp-json\/wp\/v2\/types\/post"}],"author":[{"embeddable":true,"href":"http:\/\/argentinamunicipal.com.ar\/argentina\/wp-json\/wp\/v2\/users\/2"}],"replies":[{"embeddable":true,"href":"http:\/\/argentinamunicipal.com.ar\/argentina\/wp-json\/wp\/v2\/comments?post=138880"}],"version-history":[{"count":0,"href":"http:\/\/argentinamunicipal.com.ar\/argentina\/wp-json\/wp\/v2\/posts\/138880\/revisions"}],"wp:featuredmedia":[{"embeddable":true,"href":"http:\/\/argentinamunicipal.com.ar\/argentina\/wp-json\/wp\/v2\/media\/138881"}],"wp:attachment":[{"href":"http:\/\/argentinamunicipal.com.ar\/argentina\/wp-json\/wp\/v2\/media?parent=138880"}],"wp:term":[{"taxonomy":"category","embeddable":true,"href":"http:\/\/argentinamunicipal.com.ar\/argentina\/wp-json\/wp\/v2\/categories?post=138880"},{"taxonomy":"post_tag","embeddable":true,"href":"http:\/\/argentinamunicipal.com.ar\/argentina\/wp-json\/wp\/v2\/tags?post=138880"}],"curies":[{"name":"wp","href":"https:\/\/api.w.org\/{rel}","templated":true}]}}