{"id":138950,"date":"2023-08-16T05:41:07","date_gmt":"2023-08-16T08:41:07","guid":{"rendered":"http:\/\/argentinamunicipal.com.ar\/argentina\/?p=138950"},"modified":"2023-08-15T17:43:05","modified_gmt":"2023-08-15T20:43:05","slug":"el-desafio-de-la-pobreza","status":"publish","type":"post","link":"http:\/\/argentinamunicipal.com.ar\/argentina\/el-desafio-de-la-pobreza\/","title":{"rendered":"El desaf\u00edo de la pobreza\u00a0"},"content":{"rendered":"<p>Es uno de los m\u00e1s preocupantes rasgos de un conflicto que se agrav\u00f3 con el macrismo pero que el actual gobierno no pudo resolver. Las propuestas de un cambio de mirada para abordar el problema<\/p>\n<p>Desde el punto de vista de los sectores populares, no debe haber un indicador m\u00e1s relevante de las carencias econ\u00f3micas, despu\u00e9s de casi cuatro a\u00f1os de finalizado el macrismo, que el nivel de pobreza alcanzado y con crecimiento persistente. Y no se trata del dato estad\u00edstico: si es del 36 \u00f3 el 38 por ciento, o si es m\u00e1s v\u00e1lida la comparaci\u00f3n \u00abcon el trimestre inmediato anterior, o con el mismo trimestre del a\u00f1o pasado\u00bb. No: lo relevante es que los ingresos del grupo familiar no alcanzan para cubrir un presupuesto de gastos esenciales, y que cada vez hay que hacer un nuevo \u00abrecorte\u00bb de gastos o sumar alguna \u00abchanga\u00bb para llegar a fin de mes.<\/p>\n<p>Estad\u00edsticamente, se dice que los ingresos \u00abest\u00e1n por debajo de la l\u00ednea de pobreza\u00bb. Aun con empleo, son pobres. Puede ser que el fen\u00f3meno m\u00e1s significativo no resuelto sea la inflaci\u00f3n, que deteriora el poder adquisitivo mes a mes, apenas con alguna excepci\u00f3n. Pero tambi\u00e9n aparece en el microscopio la ausencia de una pol\u00edtica de ingresos que d\u00e9 respuesta. Lo concluyente es que el gobierno de Alberto Fern\u00e1ndez no logr\u00f3 compatibilizar esas dos variables, precios e ingresos, para lograr una distribuci\u00f3n m\u00e1s equitativa o, al menos, no tan desigual.<\/p>\n<p>\u00abSi la pobreza es tan persistente a trav\u00e9s de diferentes gobiernos es porque a unos, a \u00abellos\u00bb, no les importa y otros, \u00ablos nuestros\u00bb, no saben c\u00f3mo resolverlo\u00bb, me dec\u00eda no hace tanto tiempo (falleci\u00f3 a causa del Covid) Rafael \u00abTuta\u00bb Kohanoff, un \u00absabio\u00bb que a los 94 a\u00f1os no s\u00f3lo demostraba cu\u00e1nto hab\u00eda aprendido en su trayectoria de dirigente industrial, sino que adem\u00e1s cada d\u00eda lo expresaba mejor.<\/p>\n<p>El \u00abTuta\u00bb sol\u00eda decir que la asistencia con recursos de parte del Estado (los \u00abplanes\u00bb) pueden ser una respuesta para la emergencia pero no \u00abla pol\u00edtica\u00bb. \u00abCon esas transferencias a los pobres, lo que vas a lograr es que el pobre siga siendo pobre pero asistido\u00bb, dec\u00eda. Y reclamaba, en cambio, pol\u00edticas de capacitaci\u00f3n, a cada uno seg\u00fan sus posibilidades de aprendizaje, para que esa persona en pocas semanas deje de ser un marginado y pase a ser un trabajador con alg\u00fan oficio o aprendiz de uno.<\/p>\n<p>\u00abSubsidiale el empleo al empresario que lo va a contratar, o el microemprendimiento del que va a ser parte esa persona que quer\u00e9s sacar de la pobreza, pero a cambio de su trabajo. Yo le digo a algunos intendentes: vos traeme 30 \u00f3 40 personas pobres y en tres meses yo te los devuelvo en condiciones de trabajar en el empleo que hayamos definido de antemano\u00bb, dec\u00eda el \u00abTuta\u00bb con una sonrisa ganadora.<\/p>\n<p>Tuvo tres o cuatro experiencias en \u00abmunicipios compa\u00f1eros\u00bb, como \u00e9l dec\u00eda, y a los tres o cuatro meses devolv\u00eda, con la misma sonrisa canchera y ganadora, al grupo de ex marginados en condiciones de pasar a ser trabajadores reinsertados, inclu\u00eddos. En las semanas previas a su muerte, hab\u00eda recibido una pila de llamados de otros intendentes pidi\u00e9ndole que reiterara esa experiencia en sus respectivos distritos.<\/p>\n<p>Alberto Gandulfo, hoy secretario de Econom\u00eda Social y Solidaria de la municipalidad de La Matanza, es heredero de esa concepci\u00f3n. Se enoja cuando le preguntan por qu\u00e9 hay tanta pobreza en el pa\u00eds. \u00ab\u00a1Es que no hay pol\u00edticas para erradicar la pobreza! La depreciaci\u00f3n salarial, trabajadores con empleo pero con ingresos por debajo de la pobreza, el endeudamiento de las familias hasta para comer y a tasas usurarias, toda esa fragmentaci\u00f3n social es el mejor indicador de d\u00f3nde estamos parados\u00bb, afirm\u00f3 en una entrevista de estos d\u00edas para una radio comunitaria.<\/p>\n<p>Y se enoja m\u00e1s cuando recuerda que \u00ablas pol\u00edticas activas ganadas con el kirchnerismo se perdieron\u00bb. Gandulfo fue uno de pilares de la pol\u00edtica de Alicia Kirchner cuando fuera ministra de Desarrollo Social. \u00abSe multiplicaron los planes, pero no hay gente en el territorio para organizar a los receptores de los planes. Ten\u00e9s muy pocos emprendimientos que puedan mostrar una producci\u00f3n real. Hoy la pol\u00edtica de los planes es un programa compensatorio, no transforma la realidad de los que lo reciben ni genera riqueza. Organiza a los pobres, pero para recibir los planes, no para dejar de ser pobres. No los organiza desde una pol\u00edtica de fortalecimiento de la econom\u00eda social para disputar la renta, para discutir la riqueza\u00bb, critica y reclama.<\/p>\n<p>Alguien recuerda un proverbio que habla de \u00abense\u00f1ar a pescar en vez de regalar el pescado\u00bb. Pero la imagen que devuelve el presente es la de un mar que crece, con cada vez m\u00e1s sumergidos, y entre la cabecitas que se ve flotando navegan enormes buques pesqueros que no van regalando pescado sino arrasando con la riqueza ict\u00edcola.<\/p>\n<p>Desigualdad y pobreza es para muchos, y con raz\u00f3n, la deuda m\u00e1s dolorosa que tiene la democracia, sobre todo en un pa\u00eds al que no le faltan recursos. Y tampoco le falta una expresi\u00f3n nacional y popular que, por historia, est\u00e1 comprometida con el asunto. Ser\u00e1 el gran desaf\u00edo de la nueva etapa, ya sea que les toque a aqu\u00e9llos a los que no les importe, pero m\u00e1s aun si es para quienes s\u00ed les importa, que esta vez deber\u00e1n demostrar que saben c\u00f3mo resolverlo.<\/p>\n<p>Por Ra\u00fal Dellatorre<\/p>\n<h6>Fuente: P\u00e1gina 12<\/h6>\n<p>&nbsp;<\/p>\n","protected":false},"excerpt":{"rendered":"<p>Es uno de los m\u00e1s preocupantes rasgos de un conflicto que se agrav\u00f3 con el macrismo pero que el actual gobierno no pudo resolver. Las propuestas de un cambio de mirada para abordar el problema\u00a0<\/p>\n","protected":false},"author":2,"featured_media":138951,"comment_status":"closed","ping_status":"closed","sticky":false,"template":"","format":"standard","meta":{"footnotes":""},"categories":[6],"tags":[21],"class_list":["post-138950","post","type-post","status-publish","format-standard","has-post-thumbnail","hentry","category-opiniones","tag-argentina"],"_links":{"self":[{"href":"http:\/\/argentinamunicipal.com.ar\/argentina\/wp-json\/wp\/v2\/posts\/138950","targetHints":{"allow":["GET"]}}],"collection":[{"href":"http:\/\/argentinamunicipal.com.ar\/argentina\/wp-json\/wp\/v2\/posts"}],"about":[{"href":"http:\/\/argentinamunicipal.com.ar\/argentina\/wp-json\/wp\/v2\/types\/post"}],"author":[{"embeddable":true,"href":"http:\/\/argentinamunicipal.com.ar\/argentina\/wp-json\/wp\/v2\/users\/2"}],"replies":[{"embeddable":true,"href":"http:\/\/argentinamunicipal.com.ar\/argentina\/wp-json\/wp\/v2\/comments?post=138950"}],"version-history":[{"count":0,"href":"http:\/\/argentinamunicipal.com.ar\/argentina\/wp-json\/wp\/v2\/posts\/138950\/revisions"}],"wp:featuredmedia":[{"embeddable":true,"href":"http:\/\/argentinamunicipal.com.ar\/argentina\/wp-json\/wp\/v2\/media\/138951"}],"wp:attachment":[{"href":"http:\/\/argentinamunicipal.com.ar\/argentina\/wp-json\/wp\/v2\/media?parent=138950"}],"wp:term":[{"taxonomy":"category","embeddable":true,"href":"http:\/\/argentinamunicipal.com.ar\/argentina\/wp-json\/wp\/v2\/categories?post=138950"},{"taxonomy":"post_tag","embeddable":true,"href":"http:\/\/argentinamunicipal.com.ar\/argentina\/wp-json\/wp\/v2\/tags?post=138950"}],"curies":[{"name":"wp","href":"https:\/\/api.w.org\/{rel}","templated":true}]}}