{"id":138997,"date":"2023-08-17T06:32:48","date_gmt":"2023-08-17T09:32:48","guid":{"rendered":"http:\/\/argentinamunicipal.com.ar\/argentina\/?p=138997"},"modified":"2023-08-17T06:32:48","modified_gmt":"2023-08-17T09:32:48","slug":"mendoza-reclamo-que-la-deuda-de-nacion-por-el-subsidio-al-transporte-escalo-a-3-000-millones","status":"publish","type":"post","link":"http:\/\/argentinamunicipal.com.ar\/argentina\/mendoza-reclamo-que-la-deuda-de-nacion-por-el-subsidio-al-transporte-escalo-a-3-000-millones\/","title":{"rendered":"Mendoza reclam\u00f3 que la deuda de Naci\u00f3n por el subsidio al transporte escal\u00f3 a $3.000 millones"},"content":{"rendered":"<p>El secretario de Servicios P\u00fablicos de Mendoza asegur\u00f3 que la Naci\u00f3n no transfiere los montos del Fondo Compensador desde febrero. La deuda es de cuatro meses m\u00e1s que con el resto de las provincias<\/p>\n<p>Mientras el Gobierno de Mendoza sigue de cerca el proceso para el aumento del boleto de micro, Natalio Mema, secretario de Servicios P\u00fablicos, aprovech\u00f3 para reclamar en p\u00fablico que la Naci\u00f3n le debe a la Provincia $3.000 millones de subsidio al transporte.<\/p>\n<p>La pelea de Mendoza con el Ministerio de Transporte no es nueva pero en este 2023 la deuda se ha incrementado. Seg\u00fan dijo Mema en Nihuil, \u00abdesde febrero la Provincia no recibe un solo peso\u00bb.<\/p>\n<p>El\u00a0subsidio, que la Naci\u00f3n reparte a trav\u00e9s del Fondo Compensador, es clave en la formaci\u00f3n del precio del boleto de micro, por ejemplo.\u00a0\u00abEs una de las patas con las que se sostiene el sistema y hoy lo est\u00e1 absorviendo Mendoza\u00bb, asegur\u00f3 y advirti\u00f3 que a Mendoza le deben cuatro meses m\u00e1s que al resto de las provincias del pa\u00eds.<\/p>\n<p>Sobre el\u00a0aumento del boleto de micro\u00a0que se viene, Mema adelant\u00f3 que la clave de la discusi\u00f3n pasar\u00e1 por \u00aben cu\u00e1ntas veces se dividir\u00e1 durante el 2024 el porcentaje que se decida\u00bb.<\/p>\n<p><strong>\u00abTienen que venir los fondos nacionales para amortiguar la suba del boleto\u00bb<\/strong><\/p>\n<p>Natalio Mema dio cuenta de la deuda que la Naci\u00f3n mantiene con Mendoza por los fondos del transporte. Seg\u00fan dijo, \u00abdesde febrero no llega un solo peso\u00bb, por lo que la acumulaci\u00f3n en el debe es de\u00a0\u00abm\u00e1s de $3.000 millones\u00bb.<\/p>\n<p>El secretario de Servicios P\u00fablicos cont\u00f3 que el Ministerio de Transporte de la Naci\u00f3n tambi\u00e9n les debe al resto de las provincias, aunque no como a Mendoza. \u00abAl resto de las jurisdicciones les han pagado hasta junio\u00bb.<\/p>\n<p>Para el Gobierno es un problema porque\u00a0\u00abtienen que venir fondos nacionales a la provincia para amortiguar la suba\u00bb del boleto de micro, que se est\u00e1 analizando y se terminar\u00e1 de definir a principios de octubre, despu\u00e9s de las elecciones provinciales.<\/p>\n<p>\u00abLos fondos nacionales son una de las patas con las que se sostiene el sistema y hoy los est\u00e1 absorviendo Mendoza\u00bb, asegur\u00f3.<\/p>\n<p><strong>De cu\u00e1nto ser\u00e1 el aumento del boleto de micro<\/strong><br \/>\nEmpresarios y t\u00e9cnicos del EMOP coincidieron en que\u00a0los costos del servicio de transporte urbano y de media y larga distancia subieron en promedio el 140%. Esos n\u00fameros fueron presentados en audiencia p\u00fablica y desde el Gobierno de Mendoza esperan que ese proceso de an\u00e1lisis culmine para definir cu\u00e1nto de ese aumento podr\u00e1 absorver el Estado y cu\u00e1nto se trasladar\u00e1 al boleto de micro.<\/p>\n<p>\u00abLa idea es que el impacto sea lo menos posible y\u00a0no sea de una vez\u00bb, dijo\u00a0Natalio Mema\u00a0sobre el aumento de micro que se prev\u00e9 para 2024. \u00abLa discusi\u00f3n ser\u00e1 en cu\u00e1ntas veces va a ser el aumento\u00bb, dijo sobre el an\u00e1lisis pol\u00edtico que con los n\u00fameros en mano deber\u00e1 hacer principalmente el gobernador Rodolfo Suarez.<\/p>\n<p>\u00abNosotros tenemos en cuenta que los sueldos de la gente no han subido tantas veces como los costos\u00bb, dijo tambi\u00e9n para llevar tranquilidad al usuario del transporte p\u00fablico.<\/p>\n<p>De cu\u00e1nto ser\u00e1 el aumento y c\u00f3mo se aplicar\u00e1, es decir cu\u00e1ndo para hacerlo escalonado, se conocer\u00eda los primeros d\u00edas de octubre, despu\u00e9s de las elecciones provinciales a gobernador y antes de las presidenciales.<\/p>\n<h6>Fuente: Uno<\/h6>\n","protected":false},"excerpt":{"rendered":"<p>El secretario de Servicios P\u00fablicos de Mendoza asegur\u00f3 que la Naci\u00f3n no transfiere los montos del Fondo Compensador desde febrero. La deuda es de cuatro meses m\u00e1s que con el resto de las provincias<\/p>\n","protected":false},"author":2,"featured_media":138998,"comment_status":"closed","ping_status":"closed","sticky":false,"template":"","format":"standard","meta":{"footnotes":""},"categories":[4],"tags":[31],"class_list":["post-138997","post","type-post","status-publish","format-standard","has-post-thumbnail","hentry","category-informe-politico","tag-mendoza"],"_links":{"self":[{"href":"http:\/\/argentinamunicipal.com.ar\/argentina\/wp-json\/wp\/v2\/posts\/138997","targetHints":{"allow":["GET"]}}],"collection":[{"href":"http:\/\/argentinamunicipal.com.ar\/argentina\/wp-json\/wp\/v2\/posts"}],"about":[{"href":"http:\/\/argentinamunicipal.com.ar\/argentina\/wp-json\/wp\/v2\/types\/post"}],"author":[{"embeddable":true,"href":"http:\/\/argentinamunicipal.com.ar\/argentina\/wp-json\/wp\/v2\/users\/2"}],"replies":[{"embeddable":true,"href":"http:\/\/argentinamunicipal.com.ar\/argentina\/wp-json\/wp\/v2\/comments?post=138997"}],"version-history":[{"count":0,"href":"http:\/\/argentinamunicipal.com.ar\/argentina\/wp-json\/wp\/v2\/posts\/138997\/revisions"}],"wp:featuredmedia":[{"embeddable":true,"href":"http:\/\/argentinamunicipal.com.ar\/argentina\/wp-json\/wp\/v2\/media\/138998"}],"wp:attachment":[{"href":"http:\/\/argentinamunicipal.com.ar\/argentina\/wp-json\/wp\/v2\/media?parent=138997"}],"wp:term":[{"taxonomy":"category","embeddable":true,"href":"http:\/\/argentinamunicipal.com.ar\/argentina\/wp-json\/wp\/v2\/categories?post=138997"},{"taxonomy":"post_tag","embeddable":true,"href":"http:\/\/argentinamunicipal.com.ar\/argentina\/wp-json\/wp\/v2\/tags?post=138997"}],"curies":[{"name":"wp","href":"https:\/\/api.w.org\/{rel}","templated":true}]}}