{"id":139013,"date":"2023-08-18T05:19:25","date_gmt":"2023-08-18T08:19:25","guid":{"rendered":"http:\/\/argentinamunicipal.com.ar\/argentina\/?p=139013"},"modified":"2023-08-17T17:22:49","modified_gmt":"2023-08-17T20:22:49","slug":"que-nos-una-el-espanto","status":"publish","type":"post","link":"http:\/\/argentinamunicipal.com.ar\/argentina\/que-nos-una-el-espanto\/","title":{"rendered":"Que nos una el espanto"},"content":{"rendered":"<p>Imagino que estar\u00e1s todav\u00eda mascullando por qu\u00e9 tanta gente vot\u00f3 a Milei, con estupor y temor por lo que podr\u00eda suceder si efectivamente llega a convertirse en presidente en las elecciones de octubre. Porque lo vimos a la distancia con Trump en Estados Unidos o, m\u00e1s cerca, con Jair Bolsonaro, en Brasil, pero tambi\u00e9n con Santiago Abascal y Vox en Espa\u00f1a, y m\u00e1s recientemente con Giorgia Meloni, en Italia.<\/p>\n<p>Derechos conquistados para las mujeres, diversidades y migrantes, y derechos laborales con riesgo cierto de ser cercenados, adem\u00e1s de recortes en programas sociales, sanitarios, educativos: eso es parte de su combo de campa\u00f1a. Milei dice que habr\u00e1 que pagar por la salud y la educaci\u00f3n p\u00fablica. Que se podr\u00e1n vender ni\u00f1os y \u00f3rganos. Niega el cambio clim\u00e1tico, est\u00e1 a favor de la libre portaci\u00f3n de armas y de la derogaci\u00f3n de la obligatoriedad de la Educaci\u00f3n Sexual Integral (ESI), a la que considera un instrumento para la destrucci\u00f3n de la familia.<\/p>\n<p>Pero por los testimonios escuchados en las \u00faltimas horas, muchos de sus votantes no creen que vaya a implementar estas ideas. Sobre todo los seduce \u2013y sedujo\u2013 con la dolarizaci\u00f3n de la econom\u00eda aunque, sabemos, una propuesta de este tipo no funcion\u00f3 en otros pa\u00edses como Ecuador y tampoco explica con claridad c\u00f3mo la podr\u00eda llevar adelante. Milei vende espejitos de colores. Pero lamentablemente muchos creen que van a ganar m\u00e1s y en d\u00f3lares como por arte de magia. La promesa de billetes verdes y de mano dura para delincuentes atrajo.<\/p>\n<p>Milei canaliz\u00f3 el voto bronca contra una dirigencia pol\u00edtica que hace tiempo \u2013y no solo en los \u00faltimos tres a\u00f1os y medio\u2013 no da respuesta a los problemas m\u00e1s acuciantes para amplios sectores de la poblaci\u00f3n, un ranking que podr\u00edan encabezar la inflaci\u00f3n \u2013con aumento galopante de la pobreza\u2013 y la inseguridad. El miedo a no llegar a fin de mes pero tambi\u00e9n a no llegar de regreso a casa convenci\u00f3 a muchxs de sus votantes. Con Milei volvi\u00f3 el \u201cque se vayan todos\u201d, el grito antipol\u00edtica, contra la \u201ccasta\u201d, pero tambi\u00e9n contra los feminismos y todo lo que las luchas transfeministas significan y han conseguido.<\/p>\n<p>Este lunes dijo que plebiscitar\u00eda la ley de Interrupci\u00f3n Voluntaria del Embarazo. Es el Mes\u00edas que a los gritos descontrolados promete sue\u00f1os, que genera esperanza porque es el que todav\u00eda no fracas\u00f3. Pero, adem\u00e1s, result\u00f3 el candidato m\u00e1s votado en las PASO porque desde el oficialismo no se lleg\u00f3 a les j\u00f3venes desencantados que estuvieron encerrados en la pandemia, que trabajan pero no pueden alquilar para dejar la casa de sus viejos, que nunca vieron a la Argentina como un pa\u00eds pujante. Un dato no menor, en una elecci\u00f3n donde los j\u00f3venes constituyen m\u00e1s de un tercio del electorado.<\/p>\n<p>Como record\u00f3 Juan Elman en un art\u00edculo para openDemocracy en las elecciones de 2019, el Frente de Todos , gan\u00f3 y consigui\u00f3 el 60% de apoyo en ese segmento. La presencia de Milei en redes sociales y en particular sus videos en Tik Tok le permitieron afianzar un v\u00ednculo cercano con su electorado adolescentes \u2013que vota por primera vez\u2013 y j\u00f3ven, despu\u00e9s de haber sido catapultado a la fama en programas de televisi\u00f3n que lo invitaban porque med\u00eda y les resultaba histri\u00f3nico cuando vociferaba. Errores \u2013como el festejo del cumplea\u00f1os de la Primera Dama en momentos de restricciones dur\u00edsimas para la poblaci\u00f3n en medio de la pandemia\u2013, la pelea interna y el ninguneo permanente entre los distintos espacios que conforman el Frente de Todxs \u2013ahora Uni\u00f3n por la Patria\u2013 fueron distanciando al Gobierno incluso de aquellos votantes que tal vez lo hab\u00edan apoyado en 2019 con esperanzas y ahora o no fueron a votar o le dieron la espalda a la f\u00f3rmula oficialista.<\/p>\n<p>Hace falta construir \u2013y comunicar mejor\u2013 un programa cre\u00edble, sensible, cercano a las expectativas de las mayor\u00edas, que muestre c\u00f3mo se puede mejorar la econom\u00eda y el problema de la inseguridad, sin retroceder en derechos, con un Estado presente y eficiente. Las mezquindades personales de muchxs dirigentes del Gobierno y la coyuntura dinamitaron su propia credibilidad. \u00bfC\u00f3mo creerle a un ministro de Econom\u00eda que no puede controlar la inflaci\u00f3n hoy que la va a poder bajar despu\u00e9s de diciembre? Ese es el gran desaf\u00edo: El panorama es complejo. Pero sin dudas ser\u00e1 peor si la ultraderecha conservadora, que encarna Milei \u2013o Patricia Bullrich\u2013 finalmente llega a la Casa Rosada.<\/p>\n<p>Nuestros derechos est\u00e1n en peligro. Que nos una el espanto.<\/p>\n<p>Por Mariana Carbajal<\/p>\n<h6>Fuente: P\u00e1gina 12<\/h6>\n","protected":false},"excerpt":{"rendered":"<p>Imagino que estar\u00e1s todav\u00eda mascullando por qu\u00e9 tanta gente vot\u00f3 a Milei, con estupor y temor por lo que podr\u00eda suceder si efectivamente llega a convertirse en presidente en las elecciones de octubre.<\/p>\n","protected":false},"author":2,"featured_media":139014,"comment_status":"closed","ping_status":"closed","sticky":false,"template":"","format":"standard","meta":{"footnotes":""},"categories":[6],"tags":[21],"class_list":["post-139013","post","type-post","status-publish","format-standard","has-post-thumbnail","hentry","category-opiniones","tag-argentina"],"_links":{"self":[{"href":"http:\/\/argentinamunicipal.com.ar\/argentina\/wp-json\/wp\/v2\/posts\/139013","targetHints":{"allow":["GET"]}}],"collection":[{"href":"http:\/\/argentinamunicipal.com.ar\/argentina\/wp-json\/wp\/v2\/posts"}],"about":[{"href":"http:\/\/argentinamunicipal.com.ar\/argentina\/wp-json\/wp\/v2\/types\/post"}],"author":[{"embeddable":true,"href":"http:\/\/argentinamunicipal.com.ar\/argentina\/wp-json\/wp\/v2\/users\/2"}],"replies":[{"embeddable":true,"href":"http:\/\/argentinamunicipal.com.ar\/argentina\/wp-json\/wp\/v2\/comments?post=139013"}],"version-history":[{"count":0,"href":"http:\/\/argentinamunicipal.com.ar\/argentina\/wp-json\/wp\/v2\/posts\/139013\/revisions"}],"wp:featuredmedia":[{"embeddable":true,"href":"http:\/\/argentinamunicipal.com.ar\/argentina\/wp-json\/wp\/v2\/media\/139014"}],"wp:attachment":[{"href":"http:\/\/argentinamunicipal.com.ar\/argentina\/wp-json\/wp\/v2\/media?parent=139013"}],"wp:term":[{"taxonomy":"category","embeddable":true,"href":"http:\/\/argentinamunicipal.com.ar\/argentina\/wp-json\/wp\/v2\/categories?post=139013"},{"taxonomy":"post_tag","embeddable":true,"href":"http:\/\/argentinamunicipal.com.ar\/argentina\/wp-json\/wp\/v2\/tags?post=139013"}],"curies":[{"name":"wp","href":"https:\/\/api.w.org\/{rel}","templated":true}]}}