{"id":139241,"date":"2023-08-28T06:25:44","date_gmt":"2023-08-28T09:25:44","guid":{"rendered":"http:\/\/argentinamunicipal.com.ar\/argentina\/?p=139241"},"modified":"2023-08-28T06:25:44","modified_gmt":"2023-08-28T09:25:44","slug":"cuanta-derecha-aguantara-realmente-la-sociedad-argentina","status":"publish","type":"post","link":"http:\/\/argentinamunicipal.com.ar\/argentina\/cuanta-derecha-aguantara-realmente-la-sociedad-argentina\/","title":{"rendered":"\u00bfCu\u00e1nta derecha aguantar\u00e1 realmente la sociedad argentina?"},"content":{"rendered":"<p>Hablemos de encerronas.<\/p>\n<p>Quiz\u00e1 no haya una palabra mejor a fines de expresar la cantidad y calidad de obst\u00e1culos que afrontan la sociedad y\u00a0su\u00a0dirigencia pol\u00edtica. Se remarca el posesivo porque el espejo, aunque jam\u00e1s con iguales grados de responsabilidad, nos involucra a todos.<\/p>\n<p>Esta columna seguramente coincidir\u00e1 con los primeros anuncios de Sergio Massa dirigidos a amortiguar el golpe, fort\u00edsimo, producido por la devaluaci\u00f3n. Siendo clementes, es incierto que el conjunto de medidas alcance para corregir el \u00e1nimo popular. Y es indesmentible la sensaci\u00f3n de que el Gobierno corre atr\u00e1s de los acontecimientos.<\/p>\n<p>Est\u00e1 claro que las argumentaciones sobre el peso decisivo del acuerdo macrista con el Fondo, capaces de ahorcar a la econom\u00eda argentina hasta l\u00edmites nunca conocidos,\u00a0no sirven para potenciar las chances electorales del oficialismo.<\/p>\n<p>El desempe\u00f1o cambiemita en las Primarias fue malo, en la suma de sus dos candidatos como al verlos en forma individual. Pero nadie con un gramo anal\u00edtico tendr\u00eda la ocurrencia de ignorar que a) el sitio de castigo al Gobierno fue prioritariamente ocupado por un personaje casi inclasificable, sujeto a adjetivos que preferimos eludir en base a cuestiones de, llam\u00e9mosle, respeto; y b) que como quiera que fuese, casi la mitad de los votantes opt\u00f3 por las peores variantes de derecha.<\/p>\n<p>Las cuentas dan para que, siquiera en lo actitudinal y seg\u00fan ya se dijo aqu\u00ed la semana pasada, Uni\u00f3n por la Patria haga el esfuerzo de no sentirse derrotada de antemano.\u00a0Al menos cabr\u00eda esperar que sus referentes, \u00bfliderazgos? territoriales y presuntas \u201corgas\u201d o \u201ccolectivos\u201d militen al ministro candidato en vez de, como muchos de ellos hicieron en las PASO, cuidarse el traste de sus gobernaciones e intendencias. Otro tanto vale para los \u201cindependientes\u201d de pensamiento cr\u00edtico, sin duda v\u00e1lido, pero susceptibles de extraviarse con que Massa y Milei o Bullrich dan lo mismo.<\/p>\n<p>Sin embargo, los n\u00fameros tambi\u00e9n advierten, con pesimismo, sobre el tremendo peligro que acecha.<\/p>\n<p>La coincidencia un\u00e1nime entre los opin\u00f3logos de toda tendencia -a m\u00e1s de las encuestas circulantes, aunque ya sepamos de sobra sus caracter\u00edsticas de no acertar virtualmente nada- es que Massa entrar\u00e1 al ballottage con el \u201clibertario\u201d.\u00a0Eso siempre y cuando los precios no terminen de derrumbar al oficialismo, con su consecuencia de que Milei gane en primera vuelta si es que la ola del ganador no lo sit\u00faa ya en tal probabilidad.<\/p>\n<p>Acerca de esto \u00faltimo vale el destacado de que ese maremoto no comprender\u00eda a la conformaci\u00f3n del Congreso Nacional. Para esquivar el aburrimiento con cifras de ingenier\u00eda electiva, es \u00fatil la siguiente s\u00edntesis de acuerdo con la combinaci\u00f3n entre el resultado de las elecciones provinciales y el de las Primarias:\u00a0ninguna bancada de Diputados ni de Senado tendr\u00eda mayor\u00eda propia y, m\u00e1s a\u00fan, si Milei fuera el pr\u00f3ximo Presidente tendr\u00e1 el Congreso m\u00e1s adverso de los tres espacios con probabilidades de ser Gobierno.\u00a0Necesitar\u00eda acordar con todos los cambiemitas, pero afrontar\u00eda el peque\u00f1o detalle de que eso supone contar con la totalidad del componente radical, hoy incendiado, para obtener el respaldo a desvar\u00edos tales como la dolarizaci\u00f3n.<\/p>\n<p>As\u00ed las cosas, se requerir\u00eda de un Milei fujimorizado que cierre el Congreso pero, nuevamente con respeto, esto es la Argentina y no otros escenarios latinoamericanos en los que es posible llevarse por delante todo precepto social y constitucional.<\/p>\n<p>\u00bfA nadie le interesa ni poco ni demasiado que eso sea una barrera para sancionar el cambio de signo monetario, la carga de explosivos sobre el Banco Central, la derogaci\u00f3n de la ley de aborto voluntario o s\u00edmiles afiebrados de lo que propone el actor de moda, quien ocupa pr\u00e1cticamente todos los espacios de redes y medios tradicionales, a toda hora, en cada segmento de comentarios \u201cpol\u00edticos\u201d?\u00a0Puede ser, pero no var\u00eda que sus f\u00f3rmulas sean t\u00e9cnica, parlamentaria y socialmente impracticables excepci\u00f3n hecha, claro est\u00e1, de que su masa de votantes se convierta en una vocaci\u00f3n callejera de neofascistizados y en condiciones de imponer lo que fuere por la fuerza (como si, adem\u00e1s, no vaya a suceder que se encontrar\u00e1n con una fuerza contraria de tama\u00f1o superior o similar).\u00a0Si de encerronas se trata, ah\u00ed est\u00e1 un ejemplo contundente.<\/p>\n<p>La semana tambi\u00e9n depar\u00f3 aquello que no se acierta en definir como \u201csaqueos\u201d, meros \u201cactos delincuenciales\u201d, o qu\u00e9.<\/p>\n<p>Da la impresi\u00f3n de que no es cierto que est\u00e9 a punto de pudrirse todo, e igual de cierto que cabe preocuparse. Mucho.<\/p>\n<p>M\u00e1s bien parecer\u00eda que el combo de marginaci\u00f3n y pandillas redunda en un andamiaje recubierto por la polic\u00eda y los narcos. Que lo probable consiste en bandas o banditas resueltas a tomar la delantera contra unas tiendas y supermercados, para que despu\u00e9s se sumen otras turbas \u00bfinorg\u00e1nicas? sin nada que perder. Esto no quita descubrir qui\u00e9nes son y a qu\u00e9 apuntan las cuentas difusoras de falsos saqueos, reveladas por Alejandra Dandan en su estupendo art\u00edculo de este domingo en\u00a0P\u00e1gina\/12.<\/p>\n<p>La actividad delincuencial podr\u00e1 ser veraz, pero su apoyatura es una tensi\u00f3n, creciente, ligada al clima social de los contornos urbanos. Y lo peor, para decirlo de alguna manera, es que las figuritas con mayores chances de vencer en las urnas postulan el sanseacab\u00f3 de la represi\u00f3n.<\/p>\n<p>En medio de lo se\u00f1alado; y de que la campa\u00f1a oficial est\u00e1 librada a la buena de Dios, sin conducci\u00f3n de naturaleza alguna; y de que no se tienen noticias de la vicepresidenta; y de que en el oficialismo cada quien declara lo que se le antoja; y de que Massa tira el c\u00f3rner y cabecea m\u00e1s all\u00e1 de cualquier estimaci\u00f3n ideol\u00f3gica, se produjo la muy buena noticia del ingreso argentino a los BRICS. Por supuesto, al igual que el desembolso del FMI para tirar unos meses, carece por completo de impacto popular.\u00a0Pero dejar de se\u00f1alarlo como un hecho positivo es lo \u00fanico que falta.<\/p>\n<p>La candidata cambiemita dijo que saldr\u00e1 del bloque y Milei adujo que no har\u00e1 alianza \u201ccon comunistas\u201d.<\/p>\n<p>En otra de sus notas de sencillez y solidez extraordinarias, Mart\u00edn Granovsky se pregunt\u00f3 aqu\u00ed cu\u00e1l ser\u00eda la raz\u00f3n pr\u00e1ctica para no elevar el nivel de relaciones con el 42 por ciento de la poblaci\u00f3n mundial y con la cuarta parte del PBI global.<\/p>\n<p>\u201cPara cuatro provincias, el principal socio comercial y el primer destino de las ventas al exterior es Brasil. Para ocho provincias, es China. San Juan y Santa Fe tienen un socio comercial clave en la India. El 30 por ciento de las exportaciones argentinas se dirige a los BRICS\u00a0(\u2026). Los pronorteamericanos argentinos averg\u00fcenzan al propio gobierno de los Estados Unidos, que no consume adentro lo que vende afuera.\u00a0\u00bfO acaso la incorporaci\u00f3n a los BRICS impidi\u00f3 el desembolso del FMI, donde, dicho sea de paso, China forma parte del board?\u201d.<\/p>\n<p>Si entre nosotros hubiera una derecha l\u00facida (lo de ser clase dirigente y no s\u00f3lo dominante), las perspectivas de quedarse a vivir tras ganar las elecciones ser\u00edan amplias.<\/p>\n<p>El a\u00f1o pr\u00f3ximo, para empezar y salvo por la prevenci\u00f3n de inundaciones que seg\u00fan Milei enancar\u00edan en la pavada del cambio clim\u00e1tico, la sequ\u00eda se asentar\u00e1 como recuerdo; el super\u00e1vit comercial ser\u00e1 impresionante y el gasoducto N\u00e9stor Kirchner variar\u00e1 la dependencia energ\u00e9tica del pa\u00eds para convertirlo en autosuficiente. Todo semeja que estar mejor en \u201cla macro\u201d deber\u00eda repercutir saludablemente, por fin y a plazos razonables, en la cotidianeidad de las mayor\u00edas argentinas.<\/p>\n<p>Pero no. No es una derecha inteligente.\u00a0Es una muy bruta, podr\u00eda ser brutal\u00a0y, beneficiada por los errores de un oficialismo que tampoco sabe comunicar lo que hace bien, es competitiva para ofrecer espejitos de colores y venta de futuro.<\/p>\n<p>Pregunt\u00e9monos si estamos dispuestos a tolerarlo.<\/p>\n<p>P\/D: Vaya nuestro recuerdo y homenaje conmovido al fiscal federal Federico Delgado. Un hombre incorruptible, respetado y admirado. De \u00e9sos que son y ser\u00e1n el ejemplo de la Justicia que tanto nos falta.<\/p>\n<p>Por Eduardo Aliverti<\/p>\n<h6>Fuente: P\u00e1gina 12<\/h6>\n","protected":false},"excerpt":{"rendered":"<p>Quiz\u00e1 no haya una palabra mejor a fines de expresar la cantidad y calidad de obst\u00e1culos que afrontan la sociedad y\u00a0su\u00a0dirigencia pol\u00edtica. Se remarca el posesivo porque el espejo, aunque jam\u00e1s con iguales grados de responsabilidad, nos involucra a todos.<\/p>\n","protected":false},"author":2,"featured_media":139242,"comment_status":"closed","ping_status":"closed","sticky":false,"template":"","format":"standard","meta":{"footnotes":""},"categories":[6],"tags":[21],"class_list":["post-139241","post","type-post","status-publish","format-standard","has-post-thumbnail","hentry","category-opiniones","tag-argentina"],"_links":{"self":[{"href":"http:\/\/argentinamunicipal.com.ar\/argentina\/wp-json\/wp\/v2\/posts\/139241","targetHints":{"allow":["GET"]}}],"collection":[{"href":"http:\/\/argentinamunicipal.com.ar\/argentina\/wp-json\/wp\/v2\/posts"}],"about":[{"href":"http:\/\/argentinamunicipal.com.ar\/argentina\/wp-json\/wp\/v2\/types\/post"}],"author":[{"embeddable":true,"href":"http:\/\/argentinamunicipal.com.ar\/argentina\/wp-json\/wp\/v2\/users\/2"}],"replies":[{"embeddable":true,"href":"http:\/\/argentinamunicipal.com.ar\/argentina\/wp-json\/wp\/v2\/comments?post=139241"}],"version-history":[{"count":0,"href":"http:\/\/argentinamunicipal.com.ar\/argentina\/wp-json\/wp\/v2\/posts\/139241\/revisions"}],"wp:featuredmedia":[{"embeddable":true,"href":"http:\/\/argentinamunicipal.com.ar\/argentina\/wp-json\/wp\/v2\/media\/139242"}],"wp:attachment":[{"href":"http:\/\/argentinamunicipal.com.ar\/argentina\/wp-json\/wp\/v2\/media?parent=139241"}],"wp:term":[{"taxonomy":"category","embeddable":true,"href":"http:\/\/argentinamunicipal.com.ar\/argentina\/wp-json\/wp\/v2\/categories?post=139241"},{"taxonomy":"post_tag","embeddable":true,"href":"http:\/\/argentinamunicipal.com.ar\/argentina\/wp-json\/wp\/v2\/tags?post=139241"}],"curies":[{"name":"wp","href":"https:\/\/api.w.org\/{rel}","templated":true}]}}