{"id":139285,"date":"2023-08-29T06:29:12","date_gmt":"2023-08-29T09:29:12","guid":{"rendered":"http:\/\/argentinamunicipal.com.ar\/argentina\/?p=139285"},"modified":"2023-08-29T06:29:12","modified_gmt":"2023-08-29T09:29:12","slug":"municipio-de-guaymallen-pagara-un-extra-ademas-de-los-60-000-que-anuncio-sergio-massa","status":"publish","type":"post","link":"http:\/\/argentinamunicipal.com.ar\/argentina\/municipio-de-guaymallen-pagara-un-extra-ademas-de-los-60-000-que-anuncio-sergio-massa\/","title":{"rendered":"Municipio de Guaymall\u00e9n pagar\u00e1 un \u00abextra\u00bb, adem\u00e1s de los $60.000 que anunci\u00f3 Sergio Massa"},"content":{"rendered":"<p>Desde la comuna conducida por Marcelino Iglesias abonar\u00e1n con un agregado el monto que se desprende del paquete de medidas anunciado por el Gobierno nacional en las \u00faltimas horas.<\/p>\n<p>A trav\u00e9s de un comunicado, desde Guaymall\u00e9n comunicaron que pagar\u00e1n a sus empleados municipales la suma fija que fue puesta sobre la mesa por parte del ministro de Econom\u00eda de la Naci\u00f3n, y candidato presidencial, Sergio Massa, y que el Gobierno de Mendoza tambi\u00e9n abonar\u00e1, seg\u00fan comunicaron desde la administraci\u00f3n de Rodolfo Suarez este lunes. La comuna conducida por el radical Marcelino Iglesias se\u00f1al\u00f3 que pagar\u00e1 el monto de $60.000 en dos cuotas y que le agregar\u00e1 $5.000 extra.<\/p>\n<p>\u00abUna vez m\u00e1s, y con la improvisaci\u00f3n que lo caracteriza, el Gobierno nacional anunci\u00f3 medidas insuficientes y electoralistas, tratando de morigerar las consecuencias de la devaluaci\u00f3n del 22%, que al no ser parte de un plan integral, impact\u00f3 en los ingresos -asalariados y cuentapropistas- de manera significativa. Lo que s\u00ed est\u00e1 claro es que no van a frenar la inflaci\u00f3n, que es la verdadera causa del deterioro econ\u00f3mico. Seguramente, algunos organismos van a poder pagar esta suma fija y otros no, o lo har\u00e1n parcialmente, quedando much\u00edsimos argentinos fuera de este beneficio\u00bb, aseguraron mediante un escrito.<\/p>\n<p>\u00abLa Municipalidad de Guaymall\u00e9n informa que en septiembre se abonar\u00e1n $35.000, los que se sumar\u00e1n a los $30.000 ya comprometidos en el \u00faltimo acuerdo paritario, totalizando en ese mes $65.000. Durante octubre, se abonar\u00e1n $30.000, sum\u00e1ndose a los $30.000 ya comprometidos, lo que totalizar\u00e1 $60.000. La fecha de pago de cada uno de estos bonos, que en su conjunto suman $125.000, se dar\u00e1 a conocer en la brevedad\u00bb, indicaron.<\/p>\n<p><strong>El Gobierno provincial pagar\u00e1 la suma fija<\/strong><br \/>\nEl Gobierno de Mendoza anunci\u00f3 que pagar\u00e1 una suma extra\u00a0de $60.000 a los empleados estatales. Ser\u00e1 depositado el jueves 14 de septiembre. \u00abEsto es una\u00a0suma\u00a0de $60.000 pagadera en una cuota, no remunerativa, no bonificable y por \u00fanica vez.\u00a0Es para trabajadores con salarios netos de hasta $400.000 mensuales al 31 de agosto de 2023\u00bb, detallaron.<\/p>\n<p>\u00abA la luz de las medidas tomadas por el Gobierno nacional no nos queda otra que reaccionar. No sin antes decir que una vez m\u00e1s las provincias y las Pymes tenemos que estar haci\u00e9ndonos cargo de los desmanejos del Gobierno. Era anunciado que esta devaluaci\u00f3n sin un plan nos iba a llevar de un aumento inmediato en los precios\u00bb, explic\u00f3 el ministro de Hacienda y Finanzas, V\u00edctor Fayad.<\/p>\n<p>Y agreg\u00f3: \u00abLa decisi\u00f3n nuestra sobre este bono anunciado por el Gobierno Nacional es hacer frente al pago en una sola cuota en el mes de septiembre. Adem\u00e1s, quedamos a la espera del dato de la inflaci\u00f3n de agosto y tambi\u00e9n c\u00f3mo viene el dato de la recaudaci\u00f3n de la actividad para analizar y rever el cronograma paritario fijado para el mes de octubre\u00bb.<\/p>\n<h6>Fuente: MDZ<\/h6>\n","protected":false},"excerpt":{"rendered":"<p>Desde la comuna conducida por Marcelino Iglesias abonar\u00e1n con un agregado el monto que se desprende del paquete de medidas anunciado por el Gobierno nacional en las \u00faltimas horas.<\/p>\n","protected":false},"author":2,"featured_media":139286,"comment_status":"closed","ping_status":"closed","sticky":false,"template":"","format":"standard","meta":{"footnotes":""},"categories":[7],"tags":[31],"class_list":["post-139285","post","type-post","status-publish","format-standard","has-post-thumbnail","hentry","category-informe-sindical","tag-mendoza"],"_links":{"self":[{"href":"http:\/\/argentinamunicipal.com.ar\/argentina\/wp-json\/wp\/v2\/posts\/139285","targetHints":{"allow":["GET"]}}],"collection":[{"href":"http:\/\/argentinamunicipal.com.ar\/argentina\/wp-json\/wp\/v2\/posts"}],"about":[{"href":"http:\/\/argentinamunicipal.com.ar\/argentina\/wp-json\/wp\/v2\/types\/post"}],"author":[{"embeddable":true,"href":"http:\/\/argentinamunicipal.com.ar\/argentina\/wp-json\/wp\/v2\/users\/2"}],"replies":[{"embeddable":true,"href":"http:\/\/argentinamunicipal.com.ar\/argentina\/wp-json\/wp\/v2\/comments?post=139285"}],"version-history":[{"count":0,"href":"http:\/\/argentinamunicipal.com.ar\/argentina\/wp-json\/wp\/v2\/posts\/139285\/revisions"}],"wp:featuredmedia":[{"embeddable":true,"href":"http:\/\/argentinamunicipal.com.ar\/argentina\/wp-json\/wp\/v2\/media\/139286"}],"wp:attachment":[{"href":"http:\/\/argentinamunicipal.com.ar\/argentina\/wp-json\/wp\/v2\/media?parent=139285"}],"wp:term":[{"taxonomy":"category","embeddable":true,"href":"http:\/\/argentinamunicipal.com.ar\/argentina\/wp-json\/wp\/v2\/categories?post=139285"},{"taxonomy":"post_tag","embeddable":true,"href":"http:\/\/argentinamunicipal.com.ar\/argentina\/wp-json\/wp\/v2\/tags?post=139285"}],"curies":[{"name":"wp","href":"https:\/\/api.w.org\/{rel}","templated":true}]}}