{"id":139288,"date":"2023-08-29T06:32:52","date_gmt":"2023-08-29T09:32:52","guid":{"rendered":"http:\/\/argentinamunicipal.com.ar\/argentina\/?p=139288"},"modified":"2023-08-29T06:32:52","modified_gmt":"2023-08-29T09:32:52","slug":"comercios-de-barrio-mendicnos-entre-aumentos-disparatados-bronca-de-clientes-y-miedo","status":"publish","type":"post","link":"http:\/\/argentinamunicipal.com.ar\/argentina\/comercios-de-barrio-mendicnos-entre-aumentos-disparatados-bronca-de-clientes-y-miedo\/","title":{"rendered":"Comercios de barrio mendicnos: entre aumentos disparatados, bronca de clientes y miedo"},"content":{"rendered":"<p>Los peque\u00f1os negocios tuvieron que reponer mercader\u00eda m\u00e1s cara que el precio al que la estaban vendiendo. Paciencia en el trato a compradores enojados y cambios en los horarios de atenci\u00f3n.<\/p>\n<p>Las \u00faltimas dos semanas fueron una monta\u00f1a rusa para muchos comerciantes de barrio. El conflicto comenz\u00f3 con varios aumentos repentinos de precios, m\u00e1s altos de los que en principio se anunciaron. Primero se habl\u00f3 de un 15% o 20%, similar a la devaluaci\u00f3n, pero algunos productos aumentaron un 70% en los \u00faltimos 15 d\u00edas. En este contexto, hubo ventas que se frenaron. La falta de dinero impidi\u00f3 a muchos reponer nuevo stock. De cara al mostrador toc\u00f3 atender a clientes que recibieron con bronca la noticia de las subas, adem\u00e1s del miedo por la amenaza de saqueos en distintos puntos del territorio.<\/p>\n<p>El representante de una cadena de productos para la construcci\u00f3n se\u00f1alaba a\u00a0MDZ Radio\u00a0que para sobrellevar la devaluaci\u00f3n, dispuesta por el gobierno nacional despu\u00e9s de las\u00a0PASO, habr\u00eda que tener \u201cespalda financiera\u201d. En otras palabras, los\u00a0comerciantes\u00a0que hab\u00edan guardado suficiente stock de mercader\u00eda o ten\u00edan ahorros protegidos de alguna otra manera ante la depreciaci\u00f3n del peso, cuentan con m\u00e1s posibilidades de enfrentar el cimbronazo de esta crisis. Por lo general, los peque\u00f1os negocios viven otra realidad.<\/p>\n<p><strong>Reponer mercader\u00eda<\/strong><br \/>\nEstela Gim\u00e9nez, que tiene librer\u00eda hace m\u00e1s de 30 a\u00f1os, hac\u00eda cola en un mayorista para reponer stock de productos que no le acercan los viajantes. Todos en la fila comentaban\u00a0sobre los aumentos cuando\u00a0un empleado del lugar avis\u00f3 que aprovecharan, porque esa tarde iban a volver a aumentar. \u201cNo puedo gastar todo en mercader\u00eda, tambi\u00e9n tengo que vivir\u201d, respondi\u00f3 la due\u00f1a del negocio minorista Rosmary, quien\u00a0se sorprende de los precios que coloca para la venta: una hoja de papel carb\u00f3nico sale $1.500, un cuaderno $3.000.<\/p>\n<p>Gim\u00e9nez cuenta a\u00a0MDZ\u00a0que proveedor le envi\u00f3 dos veces la lista de precios en una semana y el d\u00eda que el d\u00f3lar blue lleg\u00f3 a 800\u00a0pesos directamente mand\u00f3 un mensaje avisando que la mercader\u00eda aumentaba un 35% m\u00e1s. La librera tiene recuerdos de vivencias similares,\u00a0la hiperinflaci\u00f3n argentina de\u00a01989 y 1990, la crisis del 2001. \u201cNos quedan tres meses pat\u00e9ticos, da bronca que el gobierno no haya algo para parar la inflaci\u00f3n y m\u00e1s que el presidente nos eche la culpa a nosotros\u201d, dice Estela.<\/p>\n<p><strong>Frente al mostrador<\/strong><br \/>\nEn los \u00faltimos d\u00edas muchos\u00a0comerciantes\u00a0tuvieron que reponer mercader\u00eda a costos m\u00e1s altos de los precios de venta. \u201cLos juguitos los vendimos a $170 y cuando los fuimos a comprar sal\u00edan $200 de costo\u201d, se\u00f1al\u00f3 un quiosquero. En los productos de marca el aumento fue mayor e incluso hay mercader\u00eda que ahora cuesta conseguir, como las galletitas Formis, que \u201ctodos los chicos la quieren\u201d para merienda. En su negocio el cartel nuevo dice $380. Hace dos semanas el mismo paquete sal\u00eda $290.<\/p>\n<p>Ante estas subas hay clientes que se enojan mucho con los vendedores. Otros disimulan la angustia de no poder comprar lo que antes s\u00ed o se disculpan con algo de \u201capuro\u201d por no llevar dinero suficiente para comprar la mercader\u00eda que pidieron.<\/p>\n<p>\u201cA nosotros nos subieron en dos d\u00edas el 45%\u201d, dice Paola, propietaria de un lubricentro. En las marcas los aumentos progresivos sumaron un 70% en total para el comerciante. El tambor de 200 litros de aceite que costaba\u00a0$150.000 a principios de agosto se fue a $300.000, dio como ejemplo la comerciante. Como su mercader\u00eda no se echa a perder hab\u00eda estado guardando stock, pero hay productos que debe reponer y para eso hace falta contar con dinero en efectivo.<\/p>\n<p>Por \u00faltimo, frente a los\u00a0saqueos\u00a0de los \u00faltimos d\u00edas y las amenazas que llegaron en cadenas de Whatsapp los\u00a0comerciantes\u00a0de barrio consultados por\u00a0MDZ\u00a0(que trabajan en horario partido) coincidieron que han decidido empezar a cerrar al menos una hora antes en las tardes. Sea o no ciertas las alertas que circulaban, no pueden arriesgarse a perder mercader\u00eda.<\/p>\n<h6>Fuente: MDZ<\/h6>\n","protected":false},"excerpt":{"rendered":"<p>Los peque\u00f1os negocios tuvieron que reponer mercader\u00eda m\u00e1s cara que el precio al que la estaban vendiendo. Paciencia en el trato a compradores enojados y cambios en los horarios de atenci\u00f3n.<\/p>\n","protected":false},"author":2,"featured_media":139289,"comment_status":"closed","ping_status":"closed","sticky":false,"template":"","format":"standard","meta":{"footnotes":""},"categories":[5],"tags":[31],"class_list":["post-139288","post","type-post","status-publish","format-standard","has-post-thumbnail","hentry","category-informe-economico","tag-mendoza"],"_links":{"self":[{"href":"http:\/\/argentinamunicipal.com.ar\/argentina\/wp-json\/wp\/v2\/posts\/139288","targetHints":{"allow":["GET"]}}],"collection":[{"href":"http:\/\/argentinamunicipal.com.ar\/argentina\/wp-json\/wp\/v2\/posts"}],"about":[{"href":"http:\/\/argentinamunicipal.com.ar\/argentina\/wp-json\/wp\/v2\/types\/post"}],"author":[{"embeddable":true,"href":"http:\/\/argentinamunicipal.com.ar\/argentina\/wp-json\/wp\/v2\/users\/2"}],"replies":[{"embeddable":true,"href":"http:\/\/argentinamunicipal.com.ar\/argentina\/wp-json\/wp\/v2\/comments?post=139288"}],"version-history":[{"count":0,"href":"http:\/\/argentinamunicipal.com.ar\/argentina\/wp-json\/wp\/v2\/posts\/139288\/revisions"}],"wp:featuredmedia":[{"embeddable":true,"href":"http:\/\/argentinamunicipal.com.ar\/argentina\/wp-json\/wp\/v2\/media\/139289"}],"wp:attachment":[{"href":"http:\/\/argentinamunicipal.com.ar\/argentina\/wp-json\/wp\/v2\/media?parent=139288"}],"wp:term":[{"taxonomy":"category","embeddable":true,"href":"http:\/\/argentinamunicipal.com.ar\/argentina\/wp-json\/wp\/v2\/categories?post=139288"},{"taxonomy":"post_tag","embeddable":true,"href":"http:\/\/argentinamunicipal.com.ar\/argentina\/wp-json\/wp\/v2\/tags?post=139288"}],"curies":[{"name":"wp","href":"https:\/\/api.w.org\/{rel}","templated":true}]}}