{"id":139323,"date":"2023-08-30T06:33:49","date_gmt":"2023-08-30T09:33:49","guid":{"rendered":"http:\/\/argentinamunicipal.com.ar\/argentina\/?p=139323"},"modified":"2023-08-30T06:33:49","modified_gmt":"2023-08-30T09:33:49","slug":"mendoza-los-intendentes-radicales-acordaron-pagar-el-bono-de-60-000-en-2-cuotas-a-sus-municipales","status":"publish","type":"post","link":"http:\/\/argentinamunicipal.com.ar\/argentina\/mendoza-los-intendentes-radicales-acordaron-pagar-el-bono-de-60-000-en-2-cuotas-a-sus-municipales\/","title":{"rendered":"Mendoza: Los intendentes radicales acordaron pagar el bono de $60.000 en 2 cuotas a sus municipales"},"content":{"rendered":"<p>Los 9 jefes comunales pactaron pagar la primera cuota el 14 de septiembre y la restante en octubre. Aseguran que para pagarlos deber\u00e1n posponer y recortar obras<\/p>\n<p>Acorralados por el\u00a0anuncio del ministro\u00a0Sergio Massa\u00a0que adelant\u00f3 que le pagar\u00e1 a los empleados estatales una suma extra de $60.000 en dos cuotas, y por el mismo gobernador Rodolfo Suarez que retruc\u00f3 que en Mendoza lo pagar\u00e1 en una sola cuota,\u00a0los 9 intendentes radicales se reunieron para definir c\u00f3mo har\u00e1n para pagar ese bono a los municipales.<\/p>\n<p>Los jefes comunales se reunieron por Zoom y de la reuni\u00f3n tambi\u00e9n particip\u00f3 el ministro de Hacienda, V\u00edctor Fayad, y todos acordaron que lo pagar\u00e1n en dos cuotas de $30.000, la primera el 14 de septiembre y la restante, en octubre, en una fecha a acordar con los gremios. Del encuentro no participaron los intendentes de Las Heras, Daniel Orozco, ya divorciado de Cambia Mendoza, ni el de Luj\u00e1n, Sebasti\u00e1n Bragagnolo, tambi\u00e9n enrolado en La Uni\u00f3n Mendocina.<\/p>\n<p>As\u00ed lo confirm\u00f3 el intendente citadino Ulpiano Suarez, quien adelant\u00f3 que\u00a0para poder pagar esos bonos deber\u00e1n recortar y posponer obras que ten\u00edan previstas.<\/p>\n<p>\u00abLe planteamos al ministro Fayad la imposibilidad de la totalidad de los municipios de afrontar estos pagos en una sola cuota. Porque est\u00e1 claro que la Naci\u00f3n a esto lo va a cubrir con emisi\u00f3n y sabemos que esto termina en un impacto inflacionario, pero las provincias y los municipios lo tenemos que hacer con recursos propios y advert\u00edamos que muchos vamos a relegar obras en cada uno de los lugares en que gestionamos\u00bb, adelant\u00f3 el jefe comunal de Ciudad al programa Hola Mendoza, de Canal 7 y remarc\u00f3 que para las comunas supondr\u00e1 una erogaci\u00f3n que va de los $100 millones a los $150 millones.<\/p>\n<p>Ulpiano Suarez asegur\u00f3 que para poder pagar la primera cuota, que\u00a0abonar\u00edan el 14 de septiembre, deber\u00e1n echar mano a los fondos de coparticipaci\u00f3n\u00a0que estar\u00edan cobrando en los pr\u00f3ximos d\u00edas.<\/p>\n<p>Luego del anuncio, los intendentes radicales emitieron un cr\u00edtico comunicado en el que muestran el descontento que les genera tener que avanzar forzosamente con estos bonos.<\/p>\n<p><strong>\u00abMassa gasta plata con los fondos de bolsillos ajenos\u00bb<\/strong><br \/>\nNotoriamente molesto con la situaci\u00f3n inc\u00f3moda en la que los puso el aumento que anunci\u00f3 el ministro de Econom\u00eda, Ulpiano Suarez no dej\u00f3 de insistir en que esta medida tiene un objetivo claramente electoral.<\/p>\n<p>\u00abM\u00e1s all\u00e1 de avanzar con este bono,\u00a0hay que aclarar que esto es un parche, parte del plan platita, que ve\u00edamos venir despu\u00e9s de la devaluaci\u00f3n post PASO\u00a0de la elecci\u00f3n nacional y esto\u00a0no soluciona el problema de fondo que es la inflaci\u00f3n y el impacto en el bolsillo\u00a0de los trabajadores de la devaluaci\u00f3n\u00bb, comenz\u00f3 quej\u00e1ndose el intendente.<\/p>\n<p>Y ampli\u00f3: \u00abcomo tambi\u00e9n ha sido tan light este anuncio del ministro Massa, hay que analizar con los gremios municipales c\u00f3mo se definen esos bonos puntuales. Lo que dec\u00edan los colegas es que\u00a0el ministro Sergio Massa est\u00e1 gastando plata con los bolsillos ajenos con todos estos anuncios, que adem\u00e1s dejan a millones de argentinos afuera. Tiene que quedar claro que a esto lo terminamos pagando todos los argentinos\u00bb.<\/p>\n<p><strong>Rodolfo Suarez lo pagar\u00e1 en una sola cuota<\/strong><br \/>\nEn la jornada del lunes, y tras reunirse con el ministro de Hacienda, V\u00edctor Fayad para saber la disponibilidad de caja que ten\u00eda, el gobernador\u00a0Rodolfo Suarez anunci\u00f3 que el Gobierno pagar\u00e1 esa suma fija extraordinaria en una sola cuota de $60.000 a los empleados estatales.<\/p>\n<p>Alcanzar\u00e1 a quienes cobren menos de $400.000 y se abonar\u00e1 el 14 de septiembre pr\u00f3ximo.<\/p>\n<p>\u00abEn Mendoza planificamos las medidas y tratamos de ser serios pero ante el anuncio de Naci\u00f3n, no nos queda otra que reaccionar\u00bb, dijo el ministro de Hacienda.<\/p>\n<p>\u00abUna vez m\u00e1s las provincias, las pymes y los empleadores tenemos que hacernos cargo de los desmanejos del Gobierno nacional. Era anunciado que una devaluaci\u00f3n sin un plan nos iba a llevar casi a un aumento inmediato en cuesti\u00f3n de precios\u00bb, analiz\u00f3 sobre la devaluaci\u00f3n y el incremento de la inflaci\u00f3n post elecciones PASO.<\/p>\n<h6>Fuente: Uno<\/h6>\n","protected":false},"excerpt":{"rendered":"<p>Los 9 jefes comunales pactaron pagar la primera cuota el 14 de septiembre y la restante en octubre. Aseguran que para pagarlos deber\u00e1n posponer y recortar obras<\/p>\n","protected":false},"author":2,"featured_media":139324,"comment_status":"closed","ping_status":"closed","sticky":false,"template":"","format":"standard","meta":{"footnotes":""},"categories":[2],"tags":[31],"class_list":["post-139323","post","type-post","status-publish","format-standard","has-post-thumbnail","hentry","category-informe-municipal","tag-mendoza"],"_links":{"self":[{"href":"http:\/\/argentinamunicipal.com.ar\/argentina\/wp-json\/wp\/v2\/posts\/139323","targetHints":{"allow":["GET"]}}],"collection":[{"href":"http:\/\/argentinamunicipal.com.ar\/argentina\/wp-json\/wp\/v2\/posts"}],"about":[{"href":"http:\/\/argentinamunicipal.com.ar\/argentina\/wp-json\/wp\/v2\/types\/post"}],"author":[{"embeddable":true,"href":"http:\/\/argentinamunicipal.com.ar\/argentina\/wp-json\/wp\/v2\/users\/2"}],"replies":[{"embeddable":true,"href":"http:\/\/argentinamunicipal.com.ar\/argentina\/wp-json\/wp\/v2\/comments?post=139323"}],"version-history":[{"count":0,"href":"http:\/\/argentinamunicipal.com.ar\/argentina\/wp-json\/wp\/v2\/posts\/139323\/revisions"}],"wp:featuredmedia":[{"embeddable":true,"href":"http:\/\/argentinamunicipal.com.ar\/argentina\/wp-json\/wp\/v2\/media\/139324"}],"wp:attachment":[{"href":"http:\/\/argentinamunicipal.com.ar\/argentina\/wp-json\/wp\/v2\/media?parent=139323"}],"wp:term":[{"taxonomy":"category","embeddable":true,"href":"http:\/\/argentinamunicipal.com.ar\/argentina\/wp-json\/wp\/v2\/categories?post=139323"},{"taxonomy":"post_tag","embeddable":true,"href":"http:\/\/argentinamunicipal.com.ar\/argentina\/wp-json\/wp\/v2\/tags?post=139323"}],"curies":[{"name":"wp","href":"https:\/\/api.w.org\/{rel}","templated":true}]}}