{"id":139368,"date":"2023-08-31T06:41:23","date_gmt":"2023-08-31T09:41:23","guid":{"rendered":"http:\/\/argentinamunicipal.com.ar\/argentina\/?p=139368"},"modified":"2023-08-31T06:41:23","modified_gmt":"2023-08-31T09:41:23","slug":"arranca-el-nuevo-sistema-bicitran-en-mendoza","status":"publish","type":"post","link":"http:\/\/argentinamunicipal.com.ar\/argentina\/arranca-el-nuevo-sistema-bicitran-en-mendoza\/","title":{"rendered":"Arranca el nuevo sistema Bicitran en Mendoza"},"content":{"rendered":"<p>Se estrena el nuevo sistema de bicicletas p\u00fablicas que funcionar\u00e1 en el Gran Mendoza. Detalles y normas para utilizarlo<\/p>\n<p>El nuevo sistema de transporte p\u00fablico\u00a0Bicitran\u00a0estar\u00e1 habilitado al p\u00fablico desde este mi\u00e9rcoles 30 de agosto a partir del mediod\u00eda, seg\u00fan confirm\u00f3 el secretario de Servicios P\u00fablicos de Mendoza,\u00a0Natalio Mema.<\/p>\n<p>El funcionario inform\u00f3 que ya est\u00e1 disponible la app que los usuarios deber\u00e1n descargar para poner en funcionamiento cada una de las 400 bicicletas que estar\u00e1n en 26 estaciones repartidas en tres municipios del Gran Mendoza: Luj\u00e1n de Cuyo, Godoy Cruz y Ciudad.<\/p>\n<p>Los\u00a0ansiosos\u00a0que intentaron arrancar durante la ma\u00f1ana se encontraron con un mensaje donde se advert\u00eda que\u00a0a esa hora el Bicitran todav\u00eda no estaba activo\u00a0(video: Paula Jalil).<\/p>\n<p>Se trata de una primera etapa de implementaci\u00f3n del sistema que, hacia fin de a\u00f1o, tiene previsto tener en la calle 750 bicicletas sumando estaciones en Maip\u00fa y Las Heras y ampliando hacia el Sur la zona de servicio en Luj\u00e1n.<\/p>\n<p>El boleto para usar el Bicitran\u00a0costar\u00e1 lo mismo que el de Mendotran, es decir $70. La bici quedar\u00e1 habilitada para ser utilizada por\u00a0una hora como m\u00e1ximo.<\/p>\n<p>La idea del Gobierno era que este nuevo sistema de bicicletas compartidas se estrenara en diciembre del a\u00f1o pasado, pero los meses fueron pasando y su habilitaci\u00f3n se fue demorando.<\/p>\n<p>La primera etapa se posterg\u00f3 primero para febrero y despu\u00e9s para junio. Ahora, finalmente, se puso en funcionamiento la aplicaci\u00f3n y se anunci\u00f3 su comienzo.<\/p>\n<p>La empresa\u00a0Smod\u00a0es la encargada de la provisi\u00f3n del software de gesti\u00f3n y administraci\u00f3n del sistema.<\/p>\n<p><strong>Sin la SUBE<\/strong><br \/>\nEl uso del Bicitran costar\u00e1 $70 por hora. Ese tiempo se defini\u00f3 en raz\u00f3n de la finalidad del sistema, que consiste en la articulaci\u00f3n con el resto del transporte p\u00fablico como metrotranv\u00eda o colectivos.<\/p>\n<p>\u00abSe podr\u00e1 pagar con tarjeta de d\u00e9bito o cr\u00e9dito, o en efectivo en Rapipago y Pagof\u00e1cil\u00bb, dijo Mema. Por ahora,\u00a0no est\u00e1 disponible la opci\u00f3n de hacer por Mercado Pago.\u00a0Tampoco se articular\u00e1 con el sistema SUBE.<\/p>\n<p>La etapa inicial contar\u00e1 con\u00a0400 bicicletas repartidas en estaciones en Ciudad, Godoy Cruz y Luj\u00e1n de Cuyo\u00a0(hasta Carodilla).<\/p>\n<p>Para usarlas,\u00a0los usuarios deber\u00e1n descargarse y registrarse en una aplicaci\u00f3n\u00a0que permitir\u00e1 hacer el pago mediante un c\u00f3digo QR, destrabar la bicicleta, conocer en qu\u00e9 estaciones hay bicis disponibles y qu\u00e9 recorrido hacer para poder dejar la que est\u00e1 en uso en otra estaci\u00f3n.<\/p>\n<p>Todas cuentan con un sistema de GPS que permitir\u00e1 que sean monitoreadas de manera permanente.<\/p>\n<p>Cada estaci\u00f3n est\u00e1 compuesta por un t\u00f3tem informativo de formas de uso y un mapa zonal, con los respectivos paradores donde se retiran las bicicletas.<\/p>\n<p>Las estaciones est\u00e1n ubicadas en las inmediaciones de la red de transporte, especialmente en sitios de mucha concurrencia.<\/p>\n<p>La app ya est\u00e1 disponible para su descarga.<\/p>\n<p>Se publicaron las normas para el funcionamiento del Bicitran<br \/>\nParalelamente, se publicaron en el\u00a0bolet\u00edn oficial\u00a0las normas para el funcionamiento del nuevo sistema de bicicletas, donde se especifica qu\u00e9 cosas pueden y no pueden hacer los usuarios.<\/p>\n<h6>Fuente: Uno<\/h6>\n","protected":false},"excerpt":{"rendered":"<p>Se estrena el nuevo sistema de bicicletas p\u00fablicas que funcionar\u00e1 en el Gran Mendoza. Detalles y normas para utilizarlo<\/p>\n","protected":false},"author":2,"featured_media":139369,"comment_status":"closed","ping_status":"closed","sticky":false,"template":"","format":"standard","meta":{"footnotes":""},"categories":[2],"tags":[31],"class_list":["post-139368","post","type-post","status-publish","format-standard","has-post-thumbnail","hentry","category-informe-municipal","tag-mendoza"],"_links":{"self":[{"href":"http:\/\/argentinamunicipal.com.ar\/argentina\/wp-json\/wp\/v2\/posts\/139368","targetHints":{"allow":["GET"]}}],"collection":[{"href":"http:\/\/argentinamunicipal.com.ar\/argentina\/wp-json\/wp\/v2\/posts"}],"about":[{"href":"http:\/\/argentinamunicipal.com.ar\/argentina\/wp-json\/wp\/v2\/types\/post"}],"author":[{"embeddable":true,"href":"http:\/\/argentinamunicipal.com.ar\/argentina\/wp-json\/wp\/v2\/users\/2"}],"replies":[{"embeddable":true,"href":"http:\/\/argentinamunicipal.com.ar\/argentina\/wp-json\/wp\/v2\/comments?post=139368"}],"version-history":[{"count":0,"href":"http:\/\/argentinamunicipal.com.ar\/argentina\/wp-json\/wp\/v2\/posts\/139368\/revisions"}],"wp:featuredmedia":[{"embeddable":true,"href":"http:\/\/argentinamunicipal.com.ar\/argentina\/wp-json\/wp\/v2\/media\/139369"}],"wp:attachment":[{"href":"http:\/\/argentinamunicipal.com.ar\/argentina\/wp-json\/wp\/v2\/media?parent=139368"}],"wp:term":[{"taxonomy":"category","embeddable":true,"href":"http:\/\/argentinamunicipal.com.ar\/argentina\/wp-json\/wp\/v2\/categories?post=139368"},{"taxonomy":"post_tag","embeddable":true,"href":"http:\/\/argentinamunicipal.com.ar\/argentina\/wp-json\/wp\/v2\/tags?post=139368"}],"curies":[{"name":"wp","href":"https:\/\/api.w.org\/{rel}","templated":true}]}}