{"id":139372,"date":"2023-09-01T06:19:14","date_gmt":"2023-09-01T09:19:14","guid":{"rendered":"http:\/\/argentinamunicipal.com.ar\/argentina\/?p=139372"},"modified":"2023-09-01T06:19:14","modified_gmt":"2023-09-01T09:19:14","slug":"elecciones-2023-estos-son-los-tres-candidatos-a-intendente-por-san-rafael","status":"publish","type":"post","link":"http:\/\/argentinamunicipal.com.ar\/argentina\/elecciones-2023-estos-son-los-tres-candidatos-a-intendente-por-san-rafael\/","title":{"rendered":"Elecciones 2023: estos son los tres candidatos a intendente por San Rafael"},"content":{"rendered":"<p>San Rafael es uno de los siete municipios que tienen sus elecciones desdobladas del calendario provincial. El pr\u00f3ximo 3 de septiembre se definir\u00e1 qui\u00e9n ser\u00e1 el nuevo intendente<\/p>\n<p>El pr\u00f3ximo 3 de septiembre, Mendoza reanudar\u00e1 su\u00a0calendario electoral 2023\u00a0con elecciones generales en siete departamentos. Ese d\u00eda, ciudadanos de Maip\u00fa,\u00a0San Rafael, San Carlos, La Paz, Santa Rosa, Tunuy\u00e1n y Lavalle elegir\u00e1n intendente y concejales. En tierras sanrafaelinas quedaron\u00a0tres competidores en carrera, tras las elecciones PASO del 30 de abril.<\/p>\n<p>En esas primarias, el oficialismo liderado por los hermanos Emir -intendente saliente- y Omar F\u00e9lix compiti\u00f3 bajo el ala del Frente Eleg\u00ed San Rafael Avanza. Omar gan\u00f3 la interna a los otros precandidatos peronistas con el 86,2% de los sufragios: 32.745 votos en total. Segundo qued\u00f3 el concejal kirchnerista Nadir Yasuff (11,5%) y tercero, el soci\u00f3logo y docente Miguel Sorroche (2,1%).<\/p>\n<p>Cambia Mendoza obtuvo el segundo lugar con el 35,5% de los votos,\u00a0en una contienda que coron\u00f3 al senador provincial\u00a0Abel Freidemberg\u00a0con 15.909 votos (74,2% en la primaria opositora). Atr\u00e1s -quedando afuera de las generales- estuvieron las listas del concejal\u00a0Francisco Mondotte\u00a0y el empresario\u00a0Alfredo Andi\u00f3n.<br \/>\nLa sorpresa la pusieron desde el tercer lugar los\u00a0Libertarios\u00a0de Mendoza, que\u00a0inauguraron su sello en un frente con el Partido de los Jubilados y el Partido Dem\u00f3crata.\u00a0Su candidato, el empresario\u00a0Rodolfo Bianchi,\u00a0sac\u00f3 el 75% de los votos en la interna contra el ingeniero mileista\u00a0Juan Baldovin. Toda la coalici\u00f3n sac\u00f3 un 9% que no s\u00f3lo los ubic\u00f3 en la elecci\u00f3n de septiembre, sino que adem\u00e1s potenci\u00f3, dentro del espectro libertario,\u00a0la importancia\u00a0de algunos de sus\u00a0dirigentes.<\/p>\n<p><strong>Estos son los 3 candidatos a intendente de San Rafael<\/strong><br \/>\n<strong>Omar F\u00e9lix (Frente Eleg\u00ed)<\/strong><br \/>\nOmar Chaf\u00ed F\u00e9lix\u00a0tiene 63 a\u00f1os y actualmente es\u00a0diputado provincial\u00a0por el cuarto distrito. Comenz\u00f3 su carrera pol\u00edtica siendo concejal de la comuna. Fue senador provincial,\u00a0intendente de San Rafael,\u00a0diputado nacional en el\u00a0Congreso\u00a0durante dos per\u00edodos y fue\u00a0directivo de YPF\u00a0.<\/p>\n<p>En di\u00e1logo con Diario UNO, F\u00e9lix expres\u00f3 que su desaf\u00edo es darle continuidad a la \u00abhist\u00f3rica transformaci\u00f3n de San Rafael que gest\u00f3 Emir durante estos a\u00f1os, y al mismo tiempo planificar el futuro del departamento a partir de la experiencia en gesti\u00f3n p\u00fablica. Ser intendente de esta tierra es una responsabilidad de inmensas proporciones\u201d.<\/p>\n<p>F\u00e9lix, quien lleg\u00f3 a la Legislatura tras las elecciones del 2021, pondera particularmente la gesti\u00f3n de su hermano: \u201cLo logrado por Emir, que con una cuidadosa y ordenada administraci\u00f3n multiplic\u00f3 la obra p\u00fablica y optimiz\u00f3 los servicios, habilita a que\u00a0los ejes de mi nueva gesti\u00f3n apunten a profundizar el desarrollo humano del municipio:\u00a0salud, deportes, cultura y desarrollo econ\u00f3mico de la regi\u00f3n. A su vez, planeo trabajar fuertemente en la\u00a0industria del turismo, articulando acciones con prestadores privados\u201d, a\u00f1adi\u00f3.<\/p>\n<p><strong>Tres ejes para transformar San Rafael<\/strong><br \/>\n\u00abDarle\u00a0continuidad a las acciones municipales\u00a0por las que logramos transformar la comuna, sosteniendo una buena administraci\u00f3n de los recursos que nos permitan avanzar sin depender de la asistencia provincial o nacional. Y en ese sentido, profundizar nuestras pol\u00edticas de desarrollo humano a trav\u00e9s de las \u00e1reas de cultura, salud, deporte, educaci\u00f3n y juventud, entre otras.<br \/>\nLa concreci\u00f3n del\u00a0Paso Las Le\u00f1as:\u00a0luego del gasoducto que logr\u00f3 ejecutar Emir para\u00a0cubrir la demanda energ\u00e9tica que durante a\u00f1os tuvo San Rafael por la falta de factibilidad de ese servicio,\u00a0debemos bregar y trabajar sin pausas por esa meta; la alternativa m\u00e1s efectiva para conectar Argentina con Chile y la principal puerta al desarrollo comercial, industrial y tur\u00edstico del sur mendocino.<br \/>\nApertura de nuevos corredores:\u00a0el turismo ya es una de las principales industrias de nuestra regi\u00f3n; para lo que viene, debemos trabajar en\u00a0generar m\u00e1s atractivos tur\u00edsticos,\u00a0incrementar las acciones de promoci\u00f3n y fomentar con mucha fuerza las acciones mancomunadas, en v\u00ednculo con el sector privado\u00bb.<\/p>\n<p><strong>Abel Freidemberg (Cambia Mendoza)<\/strong><br \/>\nAbel Freidemberg\u00a0es actual senador del radicalismo y va por la intendencia de San Rafael por el\u00a0frente Cambia Mendoza. Es m\u00e9dico\u00a0pediatra\u00a0y antes de asumir como legislador provincial estuvo al frente de la\u00a0coordinaci\u00f3n del Ministerio de Salud en la Regi\u00f3n Sur.\u00a0Es uno de los referentes m\u00e1s importantes del radicalismo y Cambia Mendoza en el departamento y en 2019 compiti\u00f3 para ser intendente.<\/p>\n<p>\u00abEste es un camino que empec\u00e9 a recorrer en el 2018, y aunque vengo trabajando con Alfredo Cornejo desde finales de 2015, hoy m\u00e1s que nunca estoy convencido y asumo esta responsabilidad de que es momento de un nuevo San Rafael y no tengo ninguna duda de que a partir del 10 de diciembre comenzaremos a conducir los destinos de esta nueva etapa que pretendo integrar en forma equitativa con todos los barrios del departamento\u00bb<\/p>\n<p>El galeno afirm\u00f3 que quiere llevar adelante una\u00a0revoluci\u00f3n transformadora de la gesti\u00f3n municipal:\u00a0\u201cMi gesti\u00f3n va en\u00a0total contraposici\u00f3n al clientelismo, la demagogia y el populismo de la gesti\u00f3n actual, ligada directamente con el Kirchnerismo y con un gobierno nacional actual que\u00a0atrasa y empobrece\u00bb, asegur\u00f3.<\/p>\n<p>\u00abEstoy preparado y listo para ser el nuevo Intendente de San Rafael, considero que\u00a0mi experiencia, mis valores y por sobre todas las cosas mis ganas de trabajar est\u00e1n a disposici\u00f3n para cambiar la realidad de nuestros vecinos.\u00a0Necesitamos potenciar las econom\u00edas regionales y fortalecer la creaci\u00f3n de empleo genuino\u201d, finaliz\u00f3.<\/p>\n<p><strong>Tres ejes para transformar San Rafael<\/strong><br \/>\nModernizaci\u00f3n del Estado y seguridad:\u00a0se buscar\u00e1 una mayor accesibilidad y transparencia a trav\u00e9s de la implementaci\u00f3n de tecnolog\u00eda para mejorar el servicio y el contacto con la ciudadan\u00eda a trav\u00e9s de la App Ciudadana, mayor conectividad en los distritos y la implementaci\u00f3n de un sistema de seguridad integral.<br \/>\nTurismo y ambiente:\u00a0fomentar el crecimiento econ\u00f3mico, la generaci\u00f3n de fuentes de\u00a0trabajo genuino,\u00a0el fortalecimiento de la marca San Rafael tanto a nivel\u00a0nacional como internacional\u00a0y el desarrollo de circuitos no tradicionales.<br \/>\nDesarrollo, agricultura y comercio:\u00a0acompa\u00f1ar al productor, al agricultor y a las econom\u00edas regionales. Construcci\u00f3n de nuevos pozos de agua subterr\u00e1nea, mejoramiento de los sistemas de riego y recuperaci\u00f3n de espacios verdes.<br \/>\nRodolfo \u00abChofo\u00bb Bianchi (Frente Libertario, Dem\u00f3crata y Jubilados)<br \/>\nLuis Rodolfo Bianchi, termin\u00f3 tercero en las primarias, como parte de la coalici\u00f3n que reuni\u00f3 al Partido Dem\u00f3crata con el Partido Libertario y el de los Jubilados. Es hermano del due\u00f1o de Plastiandino, la firma que sufri\u00f3 un incendio meses atr\u00e1s, y sorprendi\u00f3 por su performance, por encima de pol\u00edticos y espacios tradicionales.<\/p>\n<p><strong>Rodolfo Bianchi. Se meti\u00f3 como tercero en las PASO de la comuna.<\/strong><br \/>\n<strong>\u00a0<\/strong><br \/>\nSe recibi\u00f3 de ingeniero en Computaci\u00f3n de la Universidad de Mendoza\u00a0y se capacit\u00f3 en diferentes sistemas de gesti\u00f3n ISO, direcci\u00f3n de pymes y posgrados en docencia universitaria, adem\u00e1s de finanzas empresariales y mercado de capitales. Profesionalmente se desempe\u00f1\u00f3 como\u00a0docente universitario, gerente de sistemas en Plastiandino; y fue fundador y presidente de Oficina pyme-EcoWiFi, firma que, aseguran, es reconocida en el rubro.<\/p>\n<p>Actualmente es\u00a0socio y director financiero en Velonet SAS, empresa proveedora de servicios de internet en Medell\u00edn, Colombia; y su equipo lo define como un emprendedor serial: cuenta m\u00e1s de una docena de proyectos y en su \u00e1mbito destacan algunos ic\u00f3nicos como Acrux, la\u00a0primera f\u00e1brica de software del sur mendocino.<\/p>\n<p>\u201cHoy un empleado de comercio se ve obligado a alquilar su vivienda, porque no le alcanza para comprarla. Si seguimos as\u00ed, cuando se jubile, \u00bfva a comer o va alquilar?\u201d<\/p>\n<p>Organizador, jurado, mentor, panelista y presentador en numerosos eventos para emprendedores, inform\u00e1ticos y la industria de las comunicaciones,\u00a0lleva m\u00e1s de una d\u00e9cada apoyando a emprendedores TIC. \u201cQueremos\u00a0crear un municipio que ayude al emprendedor\u00a0a crecer y dar empleo, atrayendo inversores, quitando tantas trabas como sea posible\u201d, explic\u00f3.<\/p>\n<p><strong>Tres ejes para transformar San Rafael<\/strong><br \/>\nSmartcities:\u00a0una ciudad que tenga\u00a0comunicaci\u00f3n directa con el ciudadano.\u00a0Con tr\u00e1mites digitales, ciudadan\u00eda digital, cuidado del ambiente, mejoras en el tr\u00e1nsito, en seguridad, crecimiento planificado,\u00a0programaci\u00f3n consensuada de obras y proyectos.\u00a0\u00abEl municipio en una app: desde denunciar un \u00e1rbol ca\u00eddo hasta la habilitaci\u00f3n de un comercio\u00bb<br \/>\nTransparencia: proveer herramientas inform\u00e1ticas para consultar y transparentar la gesti\u00f3n. Desde el presupuesto anual hasta cada movimiento contable, con seguimiento de expedientes, calificaci\u00f3n de gestiones, evaluaci\u00f3n del personal 360 grados, establecimiento\u00a0y seguimiento de metas, creaci\u00f3n de comit\u00e9s vinculantes con c\u00e1maras y colegios t\u00e9cnicos.<br \/>\nVivienda: herramientas para poner al alcance de la poblaci\u00f3n viviendas econ\u00f3micas, gestionando cambios en el\u00a0c\u00f3digo de la construcci\u00f3n, y facilitando la construcci\u00f3n\u00a0de estas unidades. Apunta a que los precios sean disruptivamente bajos en t\u00e9rminos de mercado.<\/p>\n<p><strong>\u00bfQui\u00e9nes pueden votar en las elecciones nacionales?<\/strong><br \/>\nDe acuerdo a la\u00a0Ley de Ciudadan\u00eda Argentina N\u00b026.774, todos los ciudadanos de\u00a018 a\u00f1os o m\u00e1s\u00a0a la fecha de la elecci\u00f3n nacional\u00a0tiene el deber c\u00edvico de votar y de ejercer su derecho.<\/p>\n<p>Son electores los argentinos nativos y por opci\u00f3n, desde los diecis\u00e9is (16) a\u00f1os de edad, la calidad de elector se prueba, a los fines del sufragio, exclusivamente por su inclusi\u00f3n en el registro electoral.<\/p>\n<p>Todos los ciudadanos que tengan 18 a\u00f1os o m\u00e1s a la fecha de la elecci\u00f3n nacional, tienen el derecho y el deber c\u00edvico de votar. Es importante destacar que\u00a0es optativo y no obligatorio el voto para los menores de 18 y mayores de 70 a\u00f1os.<\/p>\n<p><strong>C\u00f3mo ser\u00e1 el voto asistido para las personas con discapacidad<\/strong><br \/>\nDesde de la direcci\u00f3n de Atenci\u00f3n a personas con discapacidad se hace hincapi\u00e9 en el\u00a0voto asistido, que implica que\u00a0toda persona con discapacidad puede ir con su acompa\u00f1ante\u00a0para poder ejercer su voto y tener a alguien que lo asista y el presidente de mesa lo tiene que permitir, respetando el derecho de voto.<\/p>\n<p>La persona con discapacidad tiene derecho y est\u00e1 obligada a votar,\u00a0pero, desde el \u00e1rea anunciaron que\u00a0hay casos espec\u00edficos en los que no se va a cobrar la multa por impedimento.\u00a0Por eso se incentiva a la participaci\u00f3n ciudadana y a la posibilidad de elegir a quien los va a representar. En nuestra provincia hay cerca de 55 mil personas con discapacidad, en condiciones de votar en las pr\u00f3ximas elecciones.<\/p>\n<p>Quienes deseen informarse sobre el lugar donde votar, e interiorizarse m\u00e1s sobre la capacitaci\u00f3n de voto asistido, tienen la posibilidad de hacerlo a trav\u00e9s de\u00a0YouTube<\/p>\n<h6>Fuente: UNo<\/h6>\n","protected":false},"excerpt":{"rendered":"<p>San Rafael es uno de los siete municipios que tienen sus elecciones desdobladas del calendario provincial. El pr\u00f3ximo 3 de septiembre se definir\u00e1 qui\u00e9n ser\u00e1 el nuevo intendente<\/p>\n","protected":false},"author":2,"featured_media":139373,"comment_status":"closed","ping_status":"closed","sticky":false,"template":"","format":"standard","meta":{"footnotes":""},"categories":[4],"tags":[31],"class_list":["post-139372","post","type-post","status-publish","format-standard","has-post-thumbnail","hentry","category-informe-politico","tag-mendoza"],"_links":{"self":[{"href":"http:\/\/argentinamunicipal.com.ar\/argentina\/wp-json\/wp\/v2\/posts\/139372","targetHints":{"allow":["GET"]}}],"collection":[{"href":"http:\/\/argentinamunicipal.com.ar\/argentina\/wp-json\/wp\/v2\/posts"}],"about":[{"href":"http:\/\/argentinamunicipal.com.ar\/argentina\/wp-json\/wp\/v2\/types\/post"}],"author":[{"embeddable":true,"href":"http:\/\/argentinamunicipal.com.ar\/argentina\/wp-json\/wp\/v2\/users\/2"}],"replies":[{"embeddable":true,"href":"http:\/\/argentinamunicipal.com.ar\/argentina\/wp-json\/wp\/v2\/comments?post=139372"}],"version-history":[{"count":0,"href":"http:\/\/argentinamunicipal.com.ar\/argentina\/wp-json\/wp\/v2\/posts\/139372\/revisions"}],"wp:featuredmedia":[{"embeddable":true,"href":"http:\/\/argentinamunicipal.com.ar\/argentina\/wp-json\/wp\/v2\/media\/139373"}],"wp:attachment":[{"href":"http:\/\/argentinamunicipal.com.ar\/argentina\/wp-json\/wp\/v2\/media?parent=139372"}],"wp:term":[{"taxonomy":"category","embeddable":true,"href":"http:\/\/argentinamunicipal.com.ar\/argentina\/wp-json\/wp\/v2\/categories?post=139372"},{"taxonomy":"post_tag","embeddable":true,"href":"http:\/\/argentinamunicipal.com.ar\/argentina\/wp-json\/wp\/v2\/tags?post=139372"}],"curies":[{"name":"wp","href":"https:\/\/api.w.org\/{rel}","templated":true}]}}