{"id":139466,"date":"2023-09-04T06:12:11","date_gmt":"2023-09-04T09:12:11","guid":{"rendered":"http:\/\/argentinamunicipal.com.ar\/argentina\/?p=139466"},"modified":"2023-09-04T06:12:11","modified_gmt":"2023-09-04T09:12:11","slug":"mendoza-el-pj-obtuvo-claras-victorias-en-6-comunas-y-en-san-carlos-gano-el-candidato-de-difonso-por-facundo-garcia","status":"publish","type":"post","link":"http:\/\/argentinamunicipal.com.ar\/argentina\/mendoza-el-pj-obtuvo-claras-victorias-en-6-comunas-y-en-san-carlos-gano-el-candidato-de-difonso-por-facundo-garcia\/","title":{"rendered":"Mendoza: El PJ obtuvo claras victorias en 6 comunas y en San Carlos gan\u00f3 el candidato de Difonso Por Facundo Garc\u00eda"},"content":{"rendered":"<p>La votaci\u00f3n en los municipios que adelantaron sus elecciones de intendentes y concejales cerr\u00f3 a las 18. Concurri\u00f3 aproximadamente el 69,5% del padr\u00f3n electoral<\/p>\n<p>Las cifras\u00a0del conteo de votos correspondiente a las\u00a0elecciones 2023\u00a0en las 7 comunas que desdoblaron los comicios municipales\u00a0-en su mayor\u00eda en manos del PJ- sugieren triunfos de los\u00a0oficialismos.<br \/>\nEn\u00a0Maip\u00fa, San Rafael, La Paz, Santa Rosa, Lavalle y Tunuy\u00e1n\u00a0el peronismo confirma buenos resultados. En efecto, el candidato a la gobernaci\u00f3n por el Frente Eleg\u00ed,\u00a0Omar Parisi, est\u00e1 en camino hacia tierras sanrafaelinas para participar de las celebraciones.<\/p>\n<p>El mismo \u00e1nimo se vive en los b\u00fankeres de\u00a0Mat\u00edas Stevanato\u00a0(Maip\u00fa) y\u00a0Emir Andraos\u00a0(Tunuy\u00e1n). En La Paz, Cambia Mendoza ya reconoci\u00f3 la derrota frente al intendente justicialista\u00a0Fernando Ubieta.<\/p>\n<p>En\u00a0San Carlos, Uni\u00f3n Popular -la fuerza de Difonso- tambi\u00e9n anticipa una victoria.<\/p>\n<p>A las 18 cerraron los comicios -se vot\u00f3 con boleta \u00fanica de papel- y se supo que\u00a0hab\u00eda concurrido aproximadamente el 69,5% del padr\u00f3n electoral. Esto representa 6% m\u00e1s que la cantidad de personas que fueron a votar durante las elecciones PASO en estos mismos departamentos el pasado 30 de abril, cuando el porcentaje fue del 63,7%.<\/p>\n<p>Para los mendocinos de las comunas que adelantaron sus elecciones para intendentes y concejales, fue la tercera vez que fueron a las urnas este a\u00f1o.<\/p>\n<p><strong>Las elecciones en Maip\u00fa<\/strong><br \/>\nEn el b\u00fanker del intendente maipucino,\u00a0Mat\u00edas Stevanato (PJ), hay caras de felicidad desde temprano. El mandatario municipal conf\u00eda en repetir su buena performance de las PASO, cuando sac\u00f3 el 52% de los sufragios. No parece estar muy lejos, ya que\u00a0con el 88,64% de las mesas escrutadas obtuvo un 50,64% de los sufragios.<\/p>\n<p>Su principal contrincante,\u00a0Mauricio Pinti Clop (UCR),\u00a0no logr\u00f3 retener todos los votos que en las PASO fueron para su rival\u00a0en la interna oficialista, N\u00e9stor Majul.<\/p>\n<p>Pinti Clop levant\u00f3 el\u00a028,61%\u00a0de los votos.<\/p>\n<p><strong>Las elecciones en Tunuy\u00e1n<\/strong><br \/>\nEn Tunuy\u00e1n,\u00a0Emir Andraos\u00a0(Frente Eleg\u00ed), quien llevaba entre su lista de concejales al intendente\u00a0Mart\u00edn Aveiro, se impon\u00eda al candidato\u00a0Luis L\u00f3pez\u00a0(Cambia Mendoza).<\/p>\n<p>Con el 83,85% de las mesas procesadas, Andraos conquist\u00f3 el\u00a053,67%\u00a0de los votos. Es decir que\u00a0Andraos prolongar\u00e1 los 12 a\u00f1os de conducci\u00f3n peronista que concret\u00f3 Aveiro.<\/p>\n<p>El candidato a la vicegobernaci\u00f3n por el Frente Eleg\u00ed,\u00a0Lucas Ilardo, ya lleg\u00f3 al Valle de Uco para participar del cierre.<\/p>\n<p>L\u00f3pez, concejal radical en la comuna valletana, fue cuestionado por la Oficina de \u00c9tica P\u00fablica de la provincia por tener dos cargos en el Estado y opt\u00f3 por dejar su trabajo como profesional de la salud y continuar en el Concejo Deliberante tunuyanino.<\/p>\n<p><strong>Las elecciones en La Paz<\/strong><br \/>\nEn\u00a0La Paz\u00a0el intendente\u00a0Fernando Ubieta (PJ)\u00a0renov\u00f3 su mandato. Pasadas las 20, el exjugador de f\u00fatbol y alba\u00f1il radical\u00a0Ramiro Blanco reconoci\u00f3 la derrota.<\/p>\n<p>\u00abLa tendencia es\u00a0irreversible\u00a0-dijo el dirigente de Cambia Mendoza-. Nos ponemos a disposici\u00f3n del intendente Ubieta\u00bb.<\/p>\n<p>Con el 72,41% de las mesas escrutadas,\u00a0el peronismo ostentaba el 57,02% de los votos, ante el 40,48% del Cambia Mendoza, lo que significa\u00a0un panorama distinto a la situaci\u00f3n re\u00f1ida que se hab\u00eda verificado en las PASO locales. Esta vez fue diferente: la tendencia fue claramente favorable al PJ.<\/p>\n<p>As\u00ed las cosas, el departamento del Este, que tiene alrededor de 12.000 habitantes,\u00a0seguir\u00e1 en manos del peronismo.<\/p>\n<p><strong>Las elecciones en Santa Rosa<\/strong><br \/>\nEn el caso de\u00a0Santa Rosa, la intendenta y presidenta del PJ provincial,\u00a0Flor Dest\u00e9fanis, est\u00e1 casi segura de conservar su lugar gan\u00e1ndole a\u00a0Leonardo Fern\u00e1ndez, un joven referente surgido del Movimiento de Integraci\u00f3n y Desarrollo, MID, integrado a Cambia Mendoza.<\/p>\n<p>Con el\u00a078,26%\u00a0de las mesas escrutadas, los guarismos muestran que\u00a0Dest\u00e9fanis se hizo con el 56,42% de los votos, frente a un 38,77% que fueron para Fern\u00e1ndez.<\/p>\n<p>De esta forma, Dest\u00e9fanis -la \u00fanica intendenta mujer de toda la provincia- seguir\u00eda a cargo del municipio por 4 a\u00f1os m\u00e1s.<\/p>\n<p><strong>Las elecciones en San Rafael<\/strong><br \/>\nLos hermanos F\u00e9lix\u00a0creen que Omar suceder\u00e1 a su hermano Emir en comando del municipio. Es m\u00e1s: el candidato a gobernador por el Frente Eleg\u00ed,\u00a0Omar Parisi, estar\u00e1 en su b\u00fanker para intentar una foto de unidad y victoria.<\/p>\n<p>Omar F\u00e9lix, hoy diputado provincial, ya fue intendente de San Rafael en el 2003, y de imponerse este domingo en las urnas vendr\u00eda a garantizar ese enroque entre hermanos que\u00a0les permiti\u00f3 mantenerse en el poder por m\u00e1s de 20 a\u00f1os.<\/p>\n<p>\u00abHemos ganado en todas las mesas sanrafaelinas\u00bb, recalc\u00f3 el actual jefe comunal del departamento sure\u00f1o, Emir Felix. Con el 82,12 de las mesas escrutadas, el peronismo ten\u00eda el 48,96% de los votos.<\/p>\n<p>La apuesta del radicalismo recay\u00f3 en el m\u00e9dico y legislador provincial,\u00a0Abel Freidemberg (25,99%), que anteriormente compiti\u00f3 por ese sill\u00f3n y cay\u00f3 derrotado por el mismo Emir.<\/p>\n<p>Pero a la competencia por el sill\u00f3n municipal se prendi\u00f3 con fuerza adem\u00e1s el empresario\u00a0Rodolfo Bianchi (20,58%), que es el candidato libertario y que seg\u00fan las \u00faltimas mediciones ha crecido notoriamente en la intenci\u00f3n de voto.<\/p>\n<p>En San Rafael fue notorio c\u00f3mo Cambia Mendoza\u00a0perdi\u00f3 gravitaci\u00f3n respecto a las PASO, acaso por el\u00a0\u00abefecto Milei\u00bb\u00a0que catapult\u00f3 a la opci\u00f3n liberal tras las PASO presidenciales.<\/p>\n<p><strong>Las elecciones en Lavalle<\/strong><br \/>\nEn Lavalle fue la primera vez en 22 a\u00f1os en que el intendente saliente\u00a0Roberto Righi\u00a0no estuvo en las listas, con el condimento extra de que el referente cont\u00f3 que har\u00eda campa\u00f1a por La Uni\u00f3n Mendocina, la fuerza de Omar De Marchi, en las elecciones provinciales.<\/p>\n<p>De todos modos, los guarismos muestran que se impuso el candidato del peronismo,\u00a0Edgardo Gonz\u00e1lez, quien en abril le gan\u00f3 las internas a Gerardo Vaquer, el hombre por el que apostaba Righi.<\/p>\n<p>Con el 85,32% de las mesas escrutadas,\u00a0Gonz\u00e1lez apareci\u00f3 con el 57,44%. Una victoria rotunda.<\/p>\n<p>Segundo -pero lejos- qued\u00f3\u00a0Lucas Luppo (27,01%), el ex concejal radical, y tercero est\u00e1 el Frente Libertario, que llev\u00f3 a\u00a0Betina Torrecilla\u00a0como candidata (11%).<\/p>\n<p><strong>Las elecciones en San Carlos<\/strong><br \/>\nCon el total de las mesas escrutadas, el frente oficialista de\u00a0San Carlos\u00a0se erige como ganador con el\u00a032% de los sufragios.\u00a0Alejandro Morillas\u00a0(Uni\u00f3n Popular) ser\u00e1 el nuevo jefe comunal.<\/p>\n<p>De todos modos, se verific\u00f3 una elecci\u00f3n de tres tercios.\u00a0Silvio Panocchia\u00a0(UCR-Cambia Mendoza) sac\u00f3 el 29,74% y\u00a0Marcelo Romano\u00a0(Partido Verde) el 28,62%.\u00a0Todos quedaron muy cerca.<\/p>\n<p>Como sea, el exintendente Jorge Difonso seguir\u00e1 siendo una figura de peso por aquellos pagos, luego de que uno de sus aliados, Rolando Scanio, complete el mandato que est\u00e1 por concluir. La pregunta es qu\u00e9 efecto puede tener todo esto en La Uni\u00f3n Mendocina, que es la fuerza donde milita el difonsismo actualmente.<\/p>\n<p>El peronismo, por su parte, encara un panorama desafiante, con su candidato\u00a0Juanchi Torres\u00a0alcanzando s\u00f3lo el\u00a04,80%\u00a0de los votos.<\/p>\n<h6>Fuente: Uno<\/h6>\n","protected":false},"excerpt":{"rendered":"<p>La votaci\u00f3n en los municipios que adelantaron sus elecciones de intendentes y concejales cerr\u00f3 a las 18. Concurri\u00f3 aproximadamente el 69,5% del padr\u00f3n electoral<\/p>\n","protected":false},"author":2,"featured_media":139467,"comment_status":"closed","ping_status":"closed","sticky":false,"template":"","format":"standard","meta":{"footnotes":""},"categories":[4],"tags":[31],"class_list":["post-139466","post","type-post","status-publish","format-standard","has-post-thumbnail","hentry","category-informe-politico","tag-mendoza"],"_links":{"self":[{"href":"http:\/\/argentinamunicipal.com.ar\/argentina\/wp-json\/wp\/v2\/posts\/139466","targetHints":{"allow":["GET"]}}],"collection":[{"href":"http:\/\/argentinamunicipal.com.ar\/argentina\/wp-json\/wp\/v2\/posts"}],"about":[{"href":"http:\/\/argentinamunicipal.com.ar\/argentina\/wp-json\/wp\/v2\/types\/post"}],"author":[{"embeddable":true,"href":"http:\/\/argentinamunicipal.com.ar\/argentina\/wp-json\/wp\/v2\/users\/2"}],"replies":[{"embeddable":true,"href":"http:\/\/argentinamunicipal.com.ar\/argentina\/wp-json\/wp\/v2\/comments?post=139466"}],"version-history":[{"count":0,"href":"http:\/\/argentinamunicipal.com.ar\/argentina\/wp-json\/wp\/v2\/posts\/139466\/revisions"}],"wp:featuredmedia":[{"embeddable":true,"href":"http:\/\/argentinamunicipal.com.ar\/argentina\/wp-json\/wp\/v2\/media\/139467"}],"wp:attachment":[{"href":"http:\/\/argentinamunicipal.com.ar\/argentina\/wp-json\/wp\/v2\/media?parent=139466"}],"wp:term":[{"taxonomy":"category","embeddable":true,"href":"http:\/\/argentinamunicipal.com.ar\/argentina\/wp-json\/wp\/v2\/categories?post=139466"},{"taxonomy":"post_tag","embeddable":true,"href":"http:\/\/argentinamunicipal.com.ar\/argentina\/wp-json\/wp\/v2\/tags?post=139466"}],"curies":[{"name":"wp","href":"https:\/\/api.w.org\/{rel}","templated":true}]}}