{"id":139469,"date":"2023-09-04T05:12:20","date_gmt":"2023-09-04T08:12:20","guid":{"rendered":"http:\/\/argentinamunicipal.com.ar\/argentina\/?p=139469"},"modified":"2023-09-04T06:13:59","modified_gmt":"2023-09-04T09:13:59","slug":"que-dijo-alfredo-cornejo-tras-la-derrota-de-cambia-mendoza-en-los-siete-departamentos","status":"publish","type":"post","link":"http:\/\/argentinamunicipal.com.ar\/argentina\/que-dijo-alfredo-cornejo-tras-la-derrota-de-cambia-mendoza-en-los-siete-departamentos\/","title":{"rendered":"Qu\u00e9 dijo Alfredo Cornejo tras la derrota de Cambia Mendoza en los siete departamentos"},"content":{"rendered":"<p>El candidato a gobernador de Mendoza se refiri\u00f3 a los resultados de este domingo: felicit\u00f3 a quienes compitieron por su espacio y a los intendentes que ganaron.<\/p>\n<p>En Mendoza se eligieron intendente y concejales en los siete departamentos que desdoblaron sus elecciones del calendario provincial. Los resultados de las PASO se repitieron en todos los municipios, donde ganaron los oficialismos: el PJ retuvo en seis departamentos y Encuentro por San Carlos lo hizo en su territorio.<\/p>\n<p>En ese contexto, desde\u00a0Cambia Mendoza\u00a0igual salieron a \u00abfestejar\u00bb en redes los resultados obtenidos, pese a haber perdido en las 7 comunas.\u00a0En concreto, celebraron que en 5 de los 7 municipios tuvieron m\u00e1s votos que en las PASO.<\/p>\n<p>Tras las publicaciones de Tadeo Garc\u00eda Zalazar y la cuenta oficial de Cambia Mendoza, tambi\u00e9n tuite\u00f3 Alfredo Cornejo: \u00abAgradezco y felicito a los candidatos de @CambiaMendoza que realizaron una gran competencia hoy, sosteniendo el piso del 30 por ciento de las paso. Felicito tambi\u00e9n a los intendentes electos de los distintos departamentos\u00bb, cont\u00f3.<\/p>\n<p>El candidato a gobernador de\u00a0Mendoza, que el 24 de septiembre buscar\u00e1 ser el primer reelecto de la historia, felicit\u00f3 a los intendentes de otras fuerzas que ganaron este domingo.<\/p>\n<h6>Fuente: MDZ<\/h6>\n","protected":false},"excerpt":{"rendered":"<p>El candidato a gobernador de Mendoza se refiri\u00f3 a los resultados de este domingo: felicit\u00f3 a quienes compitieron por su espacio y a los intendentes que ganaron.<\/p>\n","protected":false},"author":2,"featured_media":139470,"comment_status":"closed","ping_status":"closed","sticky":false,"template":"","format":"standard","meta":{"footnotes":""},"categories":[4],"tags":[31],"class_list":["post-139469","post","type-post","status-publish","format-standard","has-post-thumbnail","hentry","category-informe-politico","tag-mendoza"],"_links":{"self":[{"href":"http:\/\/argentinamunicipal.com.ar\/argentina\/wp-json\/wp\/v2\/posts\/139469","targetHints":{"allow":["GET"]}}],"collection":[{"href":"http:\/\/argentinamunicipal.com.ar\/argentina\/wp-json\/wp\/v2\/posts"}],"about":[{"href":"http:\/\/argentinamunicipal.com.ar\/argentina\/wp-json\/wp\/v2\/types\/post"}],"author":[{"embeddable":true,"href":"http:\/\/argentinamunicipal.com.ar\/argentina\/wp-json\/wp\/v2\/users\/2"}],"replies":[{"embeddable":true,"href":"http:\/\/argentinamunicipal.com.ar\/argentina\/wp-json\/wp\/v2\/comments?post=139469"}],"version-history":[{"count":0,"href":"http:\/\/argentinamunicipal.com.ar\/argentina\/wp-json\/wp\/v2\/posts\/139469\/revisions"}],"wp:featuredmedia":[{"embeddable":true,"href":"http:\/\/argentinamunicipal.com.ar\/argentina\/wp-json\/wp\/v2\/media\/139470"}],"wp:attachment":[{"href":"http:\/\/argentinamunicipal.com.ar\/argentina\/wp-json\/wp\/v2\/media?parent=139469"}],"wp:term":[{"taxonomy":"category","embeddable":true,"href":"http:\/\/argentinamunicipal.com.ar\/argentina\/wp-json\/wp\/v2\/categories?post=139469"},{"taxonomy":"post_tag","embeddable":true,"href":"http:\/\/argentinamunicipal.com.ar\/argentina\/wp-json\/wp\/v2\/tags?post=139469"}],"curies":[{"name":"wp","href":"https:\/\/api.w.org\/{rel}","templated":true}]}}