{"id":139584,"date":"2023-09-06T06:16:42","date_gmt":"2023-09-06T09:16:42","guid":{"rendered":"http:\/\/argentinamunicipal.com.ar\/argentina\/?p=139584"},"modified":"2023-09-06T06:16:42","modified_gmt":"2023-09-06T09:16:42","slug":"mendoza-la-encuesta-que-pidio-alfredo-cornejo-para-sondear-la-intencion-de-voto-en-un-municipio-clave","status":"publish","type":"post","link":"http:\/\/argentinamunicipal.com.ar\/argentina\/mendoza-la-encuesta-que-pidio-alfredo-cornejo-para-sondear-la-intencion-de-voto-en-un-municipio-clave\/","title":{"rendered":"Mendoza: La encuesta que pidi\u00f3 Alfredo Cornejo para sondear la intenci\u00f3n de voto en un municipio clave"},"content":{"rendered":"<p>El encuestador Elbio Rodr\u00edguez enfoc\u00f3 su sondeo en Guaymall\u00e9n, basado en que los resultados de las \u00faltimas elecciones en esa comuna se asemejaron bastante a lo que mostraron las urnas de la provincia<\/p>\n<p>Alfredo Cornejo pidi\u00f3 medir la intenci\u00f3n de voto en la comuna de Guaymall\u00e9n, que no s\u00f3lo es la m\u00e1s poblada, sino que tuvo en dos elecciones previas resultados muy similares a los resultados provinciales.<\/p>\n<p>En el tramo final de la campa\u00f1a a la gobernaci\u00f3n\u00a0Alfredo Cornejo le pidi\u00f3 a Elbio Rodr\u00edguez hacer una encuesta estrat\u00e9gica\u00a0que para \u00e9l podr\u00eda ser reveladora. Quiso conocer la\u00a0intenci\u00f3n de voto en Guaymall\u00e9n, la comuna m\u00e1s poblada de la provincia, en la que adem\u00e1s los resultados de las \u00faltimas dos PASO provinciales y nacionales se asemejaron bastante a los resultados de esos comicios en la provincia.<\/p>\n<p>M\u00e1s all\u00e1 de la creencia del lema pol\u00edtico que sostiene que \u00abquien gana en Guaymall\u00e9n, gana la provincia\u00bb, Cornejo y Rodr\u00edguez quisieron saber no s\u00f3lo qu\u00e9 preferencia ten\u00edan los vecinos de esa comuna sobre los precandidatos a la gobernaci\u00f3n, sino tambi\u00e9n qu\u00e9 \u00edndice de indecisos hay y proyectar a quien podr\u00edan ponerle su voto el pr\u00f3ximo 24 de septiembre.<\/p>\n<p>El sondeo que se concentr\u00f3 s\u00f3lo en Guaymall\u00e9n se hizo la \u00faltima semana de agosto de manera presencial y sobre una muestra de 450 casos. All\u00ed se muestra que ante la consulta de qu\u00e9 preferencia tiene sobre los candidatos a gobernador,\u00a0las respuestas marcaron que un 41% se inclin\u00f3 por preferir a Alfredo Cornejo y un 21% eligi\u00f3 a Omar De Marchi.<br \/>\nPero hay un dato m\u00e1s que resalta, reclama atenci\u00f3n y genera cierto nerviosismo tanto en Casa de Gobierno como en el seno de la Uni\u00f3n Mendocina:\u00a0hay un 21% de indecisos que no sabe o no contesta a qui\u00e9n votar\u00e1.<\/p>\n<p>En tercer lugar, y lejos de aquella puja aparece\u00a0Omar Parisi con una baj\u00edsima intenci\u00f3n de voto que s\u00f3lo llega al 6,7%,\u00a0muy lejos de los 15,6% de los votos que logr\u00f3 en las PASO provinciales.<\/p>\n<p>\u00abEl \u00edndice de indecisos es alto, pero nosotros creemos que en el \u00faltimo tramo de la campa\u00f1a esos que no contestan definen su voto y por eso buscamos en sus respuestas c\u00f3mo proyectar ese voto en base a las coincidencias. Nuestra experiencia muestra que en ese \u00edndice de indecisos\u00a0puede haber un voto peronista escondido y que se repartir\u00e1 proporcionalmente entre los tres principales candidatos\u00bb, analiz\u00f3 Rodr\u00edguez.<\/p>\n<p>El analista, que supo medir para el PJ y tambi\u00e9n para el mismo Alfredo Cornejo durante su gesti\u00f3n como gobernador, ahora viene de acertar el triunfo de Milei en las PASO nacionales en Mendoza, y tambi\u00e9n al resultado que se dio en San Rafael en las elecciones del domingo pasado.<\/p>\n<p><strong>Por qu\u00e9 medir s\u00f3lo Guaymall\u00e9n<\/strong><br \/>\nLa l\u00f3gica de pedir una encuesta que s\u00f3lo sondee la intenci\u00f3n de voto en Guaymall\u00e9n va mucho m\u00e1s all\u00e1 del mito de que esa comuna ser\u00eda como \u00abLa Matanza\u00bb mendocina por la cantidad de votantes que concentra, con los que supera incluso a los padrones electorales de varias comunas juntas.<\/p>\n<p>Los analistas se dedicaron a revisar que all\u00ed\u00a0los resultados de las \u00faltimas dos PASO, la provincial y la nacional, fueron casi id\u00e9nticos de lo que reflejaron las urnas provinciales en esos mismos comicios. De eso se desprende que la composici\u00f3n y la segmentaci\u00f3n social de ese municipio ser\u00eda muy similar al provincial.<\/p>\n<p>Para ponerlo en n\u00fameros. En las \u00faltimas\u00a0PASO en las que se eleg\u00edan candidatos a la gobernaci\u00f3n en Guaymall\u00e9n La Uni\u00f3n Mendocina, que llev\u00f3 a la dupla de Omar De Marchi y Daniel Orozco\u00a0logr\u00f3 un 19,2% de los votos, y en la elecci\u00f3n provincial esa f\u00f3rmula cosech\u00f3 el 20,3% de los sufragios.<\/p>\n<p>En el caso de Cambia Mendoza, en esa comuna Alfredo Cornejo logr\u00f3 un 26,7% mientras que en la provincia se qued\u00f3 con el 26%. Una situaci\u00f3n similar se dio tambi\u00e9n con su competidor en esa interna, Luis Petri. El hoy aspirante a la vicepresidencia en aquella elecci\u00f3n logr\u00f3 el 17,3% en Guaymall\u00e9n, y en los comicios provinciales baj\u00f3 unas mil\u00e9sismas y termin\u00f3 con 16,8%.<\/p>\n<p>\u00abEsa similitud nos llev\u00f3 a sondear Guaymall\u00e9n y tratar de interpretar qu\u00e9 podr\u00eda pasar con los votos que en las PASO fueron a Petri. Lo que nos muestra la encuesta es que Cornejo se podr\u00eda quedar con algo as\u00ed como 14 puntos de aquellos 17 y que no hay una gran fuga de esos votos que vayan a De Marchi, porque pasa de 19 puntos a 21. El interrogante es qu\u00e9 pasa con los indecisos y el bajo porcentaje del PJ. Entendemos que hay un voto peronista que no se asume como tal, pero que aparecer\u00e1 en el \u00faltimo tramo de la campa\u00f1a\u00bb, concluy\u00f3 el encuestador.<\/p>\n<h6>Fuente: Uno<\/h6>\n","protected":false},"excerpt":{"rendered":"<p>El encuestador Elbio Rodr\u00edguez enfoc\u00f3 su sondeo en Guaymall\u00e9n, basado en que los resultados de las \u00faltimas elecciones en esa comuna se asemejaron bastante a lo que mostraron las urnas de la provincia<\/p>\n","protected":false},"author":2,"featured_media":139585,"comment_status":"closed","ping_status":"closed","sticky":false,"template":"","format":"standard","meta":{"footnotes":""},"categories":[4],"tags":[31],"class_list":["post-139584","post","type-post","status-publish","format-standard","has-post-thumbnail","hentry","category-informe-politico","tag-mendoza"],"_links":{"self":[{"href":"http:\/\/argentinamunicipal.com.ar\/argentina\/wp-json\/wp\/v2\/posts\/139584","targetHints":{"allow":["GET"]}}],"collection":[{"href":"http:\/\/argentinamunicipal.com.ar\/argentina\/wp-json\/wp\/v2\/posts"}],"about":[{"href":"http:\/\/argentinamunicipal.com.ar\/argentina\/wp-json\/wp\/v2\/types\/post"}],"author":[{"embeddable":true,"href":"http:\/\/argentinamunicipal.com.ar\/argentina\/wp-json\/wp\/v2\/users\/2"}],"replies":[{"embeddable":true,"href":"http:\/\/argentinamunicipal.com.ar\/argentina\/wp-json\/wp\/v2\/comments?post=139584"}],"version-history":[{"count":0,"href":"http:\/\/argentinamunicipal.com.ar\/argentina\/wp-json\/wp\/v2\/posts\/139584\/revisions"}],"wp:featuredmedia":[{"embeddable":true,"href":"http:\/\/argentinamunicipal.com.ar\/argentina\/wp-json\/wp\/v2\/media\/139585"}],"wp:attachment":[{"href":"http:\/\/argentinamunicipal.com.ar\/argentina\/wp-json\/wp\/v2\/media?parent=139584"}],"wp:term":[{"taxonomy":"category","embeddable":true,"href":"http:\/\/argentinamunicipal.com.ar\/argentina\/wp-json\/wp\/v2\/categories?post=139584"},{"taxonomy":"post_tag","embeddable":true,"href":"http:\/\/argentinamunicipal.com.ar\/argentina\/wp-json\/wp\/v2\/tags?post=139584"}],"curies":[{"name":"wp","href":"https:\/\/api.w.org\/{rel}","templated":true}]}}