{"id":139587,"date":"2023-09-06T06:23:15","date_gmt":"2023-09-06T09:23:15","guid":{"rendered":"http:\/\/argentinamunicipal.com.ar\/argentina\/?p=139587"},"modified":"2023-09-06T06:23:15","modified_gmt":"2023-09-06T09:23:15","slug":"bono-de-60-000-municipales-de-las-heras-consideraron-insuficiente-la-propuesta-y-convocaron-a-un-paro","status":"publish","type":"post","link":"http:\/\/argentinamunicipal.com.ar\/argentina\/bono-de-60-000-municipales-de-las-heras-consideraron-insuficiente-la-propuesta-y-convocaron-a-un-paro\/","title":{"rendered":"Bono de $60.000: municipales de Las Heras consideraron \u00abinsuficiente\u00bb la propuesta y convocaron a un paro"},"content":{"rendered":"<p>Desde el Sindicato Unidos Trabajadores Municipales de Las Heras (Sutram) comunicaron que la propuesta para el pago de la suma fija fue \u00abinsuficiente\u00bb y que se encuentran \u00aben estado alerta, paro y movilizaci\u00f3n\u00bb a partir de este mi\u00e9rcoles.<\/p>\n<p>El Sindicato Unidos Trabajadores Municipales de Las Heras (Sutram) convoc\u00f3 a una medida de fuerza a llevarse a cabo este mi\u00e9rcoles en la Municipalidad lasherina, con extensi\u00f3n hasta el viernes, en el caso de no llegar a un acuerdo con el intendente Daniel Orozco. La decisi\u00f3n del gremio se da en el marco del pago del bono de $60.000 anunciado la semana anterior por el ministro de Econom\u00eda de la Naci\u00f3n, Sergio Massa. Seg\u00fan indicaron, la propuesta para el cobro \u00abfue insuficiente\u00bb.<\/p>\n<p>\u00abAtento a lo insuficiente de la propuesta efectuada por el Ejecutivo municipal con respecto al\u00a0bono\u00a0que fue anunciado a nivel nacional\u00a0y que se abona a nivel provincial y en todos los departamentos de nuestra provincia, nuestra entidad a partir del d\u00eda mi\u00e9rcoles 6\/9 y hasta el d\u00eda viernes 8\/9 se encuentra en estado alerta, paro y movilizaci\u00f3n desde las 07:00 hs\u00bb, indica el escrito firmado por el secretario general del sindicato, Sergio Ruel.<\/p>\n<p>El Gobierno de Mendoza otorgar\u00e1 el bono de $60.000 que anunci\u00f3 el ministro de Econom\u00eda de la Naci\u00f3n, Sergio Massa. La medida fue confirmada el 31 de agosto a trav\u00e9s de un decreto en el que se dan detalles acerca de la modalidad que se adoptar\u00e1 para aplicarlo. Acerca de la metodolog\u00eda que adoptar\u00e1 Mendoza para otorgar este bono, el decreto establece que se tratar\u00e1 de \u00abuna suma extraordinaria con car\u00e1cter no remunerativo no bonificable, por \u00fanica vez por la suma de $60.000\u00bb. El dinero estar\u00e1 depositado el 14 de septiembre, pero solo alcanzar\u00e1 a todos aquellos agentes que a esa fecha hayan percibido un salario neto, menor o igual a $400.000.<\/p>\n<p>En el caso de los municipios, el anuncio puso presi\u00f3n sobre las comunas,\u00a0que pueden optar por adherir o no a la medida, pero que -en el caso de dar el s\u00ed- deben afrontar el gasto con fondos propios.\u00a0Tal como cont\u00f3 MDZ,\u00a0las conducciones departamentales comenzaron a analizar c\u00f3mo proceder. Hasta la semana pasada, gran parte de los 18 municipios mendocinos hab\u00eda confirmado el pago, aunque con diferentes modalidades y con plus incluido en algunos territorios. Otros optaron por continuar estudiando la situaci\u00f3n.\u00a0Las Heras\u00a0es uno de ellos.<\/p>\n<h6>Fuente: MDZ<\/h6>\n","protected":false},"excerpt":{"rendered":"<p>Desde el Sindicato Unidos Trabajadores Municipales de Las Heras (Sutram) comunicaron que la propuesta para el pago de la suma fija fue \u00abinsuficiente\u00bb y que se encuentran \u00aben estado alerta, paro y movilizaci\u00f3n\u00bb a partir de este mi\u00e9rcoles.<\/p>\n","protected":false},"author":2,"featured_media":139588,"comment_status":"closed","ping_status":"closed","sticky":false,"template":"","format":"standard","meta":{"footnotes":""},"categories":[7],"tags":[31],"class_list":["post-139587","post","type-post","status-publish","format-standard","has-post-thumbnail","hentry","category-informe-sindical","tag-mendoza"],"_links":{"self":[{"href":"http:\/\/argentinamunicipal.com.ar\/argentina\/wp-json\/wp\/v2\/posts\/139587","targetHints":{"allow":["GET"]}}],"collection":[{"href":"http:\/\/argentinamunicipal.com.ar\/argentina\/wp-json\/wp\/v2\/posts"}],"about":[{"href":"http:\/\/argentinamunicipal.com.ar\/argentina\/wp-json\/wp\/v2\/types\/post"}],"author":[{"embeddable":true,"href":"http:\/\/argentinamunicipal.com.ar\/argentina\/wp-json\/wp\/v2\/users\/2"}],"replies":[{"embeddable":true,"href":"http:\/\/argentinamunicipal.com.ar\/argentina\/wp-json\/wp\/v2\/comments?post=139587"}],"version-history":[{"count":0,"href":"http:\/\/argentinamunicipal.com.ar\/argentina\/wp-json\/wp\/v2\/posts\/139587\/revisions"}],"wp:featuredmedia":[{"embeddable":true,"href":"http:\/\/argentinamunicipal.com.ar\/argentina\/wp-json\/wp\/v2\/media\/139588"}],"wp:attachment":[{"href":"http:\/\/argentinamunicipal.com.ar\/argentina\/wp-json\/wp\/v2\/media?parent=139587"}],"wp:term":[{"taxonomy":"category","embeddable":true,"href":"http:\/\/argentinamunicipal.com.ar\/argentina\/wp-json\/wp\/v2\/categories?post=139587"},{"taxonomy":"post_tag","embeddable":true,"href":"http:\/\/argentinamunicipal.com.ar\/argentina\/wp-json\/wp\/v2\/tags?post=139587"}],"curies":[{"name":"wp","href":"https:\/\/api.w.org\/{rel}","templated":true}]}}