{"id":13963,"date":"2014-08-23T09:33:03","date_gmt":"2014-08-23T12:33:03","guid":{"rendered":"http:\/\/argentinamunicipal.com.ar\/argentina\/?p=13963"},"modified":"2014-08-23T09:33:03","modified_gmt":"2014-08-23T12:33:03","slug":"lanzaron-en-parana-el-primer-teatro-multimedia-del-interior-del-pais","status":"publish","type":"post","link":"http:\/\/argentinamunicipal.com.ar\/argentina\/lanzaron-en-parana-el-primer-teatro-multimedia-del-interior-del-pais\/","title":{"rendered":"Lanzaron, en Paran\u00e1, el primer Teatro Multimedia del interior del pa\u00eds"},"content":{"rendered":"<p><a href=\"http:\/\/argentinamunicipal.com.ar\/argentina\/wp-content\/uploads\/2014\/08\/vorterix.jpg_2069580699.jpg\"><img loading=\"lazy\" decoding=\"async\" class=\"aligncenter size-full wp-image-13964\" src=\"http:\/\/argentinamunicipal.com.ar\/argentina\/wp-content\/uploads\/2014\/08\/vorterix.jpg_2069580699.jpg\" alt=\"vorterix.jpg_2069580699\" width=\"761\" height=\"507\" srcset=\"http:\/\/argentinamunicipal.com.ar\/argentina\/wp-content\/uploads\/2014\/08\/vorterix.jpg_2069580699.jpg 761w, http:\/\/argentinamunicipal.com.ar\/argentina\/wp-content\/uploads\/2014\/08\/vorterix.jpg_2069580699-300x199.jpg 300w\" sizes=\"auto, (max-width: 761px) 100vw, 761px\" \/><\/a><\/p>\n<p>Cuenta con 220 butacas y la posibilidad de transmitir en simult\u00e1neo a trav\u00e9s de TV, internet, radio y televisi\u00f3n en HD. Es la primera experiencia en la regi\u00f3n que fusiona todos estos servicios y tecnolog\u00eda de \u00faltima generaci\u00f3n en un s\u00f3lo lugar.<\/p>\n<p>Se inaugur\u00f3 este viernes el nuevo espacio cultural, denominado \u201cTeatro Multimedia del C\u00edrculo\u201d, situado en el C\u00edrculo M\u00e9dico de calle Urquiza 1135 de la ciudad de Paran\u00e1.<\/p>\n<p>Si bien ya se realizaron actividades piloto, en la noche de este viernes la sala qued\u00f3 inaugurada formalmente, de la mano del periodista y empresario paranaense Horacio Moglia que en di\u00e1logo con UNO expres\u00f3: \u201cLo empezamos a so\u00f1ar hace tres a\u00f1os, ten\u00edamos este auditorio, que no s\u00f3lo es precioso, sino que arquitect\u00f3nicamente es un sitio privilegiado. Lo que hicimos fue equiparlo con la mejor tecnolog\u00eda, y optimizar todas las capacidades que ya ten\u00eda, de manera que todo lo que ocurra en este escenario puede llegar simult\u00e1neamente a cualquier lugar del mundo\u201d.<\/p>\n<p>La renovada \u201cSala Vorterix\u201d cuenta con 220 butacas para el publico presencial, pero adem\u00e1s le da cuerpo a una propuesta de experiencia multimedial. Equipada con tecnolog\u00eda de avanzada, permitir\u00e1 realizar transmisiones a trav\u00e9s de diferentes plataformas en la m\u00e1s alta calidad, en ese sentido Moglia rescat\u00f3 el papel del estado en materia de comunicaci\u00f3n y la necesidad del aporte del sector privado. \u201cEl estado ha hecho mucho en materia de comunicaci\u00f3n, pero notamos que faltaba la iniciativa del sector privado, que tambi\u00e9n este sector aportara a la cultura, la comunicaci\u00f3n y las artes, al conocimiento y la cultura de Paran\u00e1\u201d.<\/p>\n<h3>Una usina de hechos creativos<\/h3>\n<p>La iniciativa significa, en la regi\u00f3n, un salto significativo en materia de comunicaci\u00f3n y m\u00e1s a\u00fan en la distribuci\u00f3n de los contenidos. En ese sentido, el secretario de Cultura de la Municipalidad, Rub\u00e9n Clavenzani, manifest\u00f3 \u201cEste es un hecho feliz, para la cultura, la comunicaci\u00f3n y para la ciudad. El adelanto tecnol\u00f3gico con el que cuenta va a permitir que todo lo que acontezca en esta sala, pueda ser visto en todo el mundo. Paran\u00e1 es una ciudad con mucha actividad art\u00edstica, es una usina de creadores y esta sala viene a complementar eso\u00bb.<\/p>\n<p>\u00abNo se debe olvidar la actividad presencial, porque el teatro necesita el p\u00fablico en vivo, tambi\u00e9n un m\u00fasico, pero la tecnolog\u00eda no tiene que estar divorciada de actividades tan tradicionales. Esto es un feliz complemento, necesario, para una ciudad que es una usina de hechos creativos\u201d, finaliz\u00f3.<\/p>\n<h6>Fuente: Uno, Entre R\u00edos<\/h6>\n","protected":false},"excerpt":{"rendered":"<p>Cuenta con 220 butacas y la posibilidad de transmitir en simult\u00e1neo a trav\u00e9s de TV, internet, radio y televisi\u00f3n en HD. Es la primera experiencia en la regi\u00f3n que fusiona todos estos servicios y tecnolog\u00eda de \u00faltima generaci\u00f3n en un s\u00f3lo lugar. Se inaugur\u00f3 este viernes el nuevo espacio cultural, denominado \u201cTeatro Multimedia del C\u00edrculo\u201d,<\/p>\n","protected":false},"author":2,"featured_media":13964,"comment_status":"closed","ping_status":"closed","sticky":false,"template":"","format":"standard","meta":{"footnotes":""},"categories":[2],"tags":[17],"class_list":["post-13963","post","type-post","status-publish","format-standard","has-post-thumbnail","hentry","category-informe-municipal","tag-entre-rios"],"_links":{"self":[{"href":"http:\/\/argentinamunicipal.com.ar\/argentina\/wp-json\/wp\/v2\/posts\/13963","targetHints":{"allow":["GET"]}}],"collection":[{"href":"http:\/\/argentinamunicipal.com.ar\/argentina\/wp-json\/wp\/v2\/posts"}],"about":[{"href":"http:\/\/argentinamunicipal.com.ar\/argentina\/wp-json\/wp\/v2\/types\/post"}],"author":[{"embeddable":true,"href":"http:\/\/argentinamunicipal.com.ar\/argentina\/wp-json\/wp\/v2\/users\/2"}],"replies":[{"embeddable":true,"href":"http:\/\/argentinamunicipal.com.ar\/argentina\/wp-json\/wp\/v2\/comments?post=13963"}],"version-history":[{"count":0,"href":"http:\/\/argentinamunicipal.com.ar\/argentina\/wp-json\/wp\/v2\/posts\/13963\/revisions"}],"wp:featuredmedia":[{"embeddable":true,"href":"http:\/\/argentinamunicipal.com.ar\/argentina\/wp-json\/wp\/v2\/media\/13964"}],"wp:attachment":[{"href":"http:\/\/argentinamunicipal.com.ar\/argentina\/wp-json\/wp\/v2\/media?parent=13963"}],"wp:term":[{"taxonomy":"category","embeddable":true,"href":"http:\/\/argentinamunicipal.com.ar\/argentina\/wp-json\/wp\/v2\/categories?post=13963"},{"taxonomy":"post_tag","embeddable":true,"href":"http:\/\/argentinamunicipal.com.ar\/argentina\/wp-json\/wp\/v2\/tags?post=13963"}],"curies":[{"name":"wp","href":"https:\/\/api.w.org\/{rel}","templated":true}]}}