{"id":139649,"date":"2023-09-07T06:18:53","date_gmt":"2023-09-07T09:18:53","guid":{"rendered":"http:\/\/argentinamunicipal.com.ar\/argentina\/?p=139649"},"modified":"2023-09-07T06:18:53","modified_gmt":"2023-09-07T09:18:53","slug":"daniel-orozco-anuncio-un-bono-de-100-000-para-los-municipales-de-las-heras","status":"publish","type":"post","link":"http:\/\/argentinamunicipal.com.ar\/argentina\/daniel-orozco-anuncio-un-bono-de-100-000-para-los-municipales-de-las-heras\/","title":{"rendered":"Daniel Orozco anunci\u00f3 un bono de $100.000 para los municipales de Las Heras"},"content":{"rendered":"<p>El intendente de Las Heras y candidato a vicegobernador de La Uni\u00f3n Mendocina dio a conocer este mi\u00e9rcoles la noticia en sus redes sociales<\/p>\n<p>El\u00a0intendente de Las Heras, Daniel Orozco,\u00a0anunci\u00f3 este mi\u00e9rcoles un\u00a0bono no remunerativo y no bonificable de $100.000 para los municipales,\u00a0quienes ven\u00edan reclamando por el cobro ya que el resto de sus pares ya hab\u00edan recibido la noticia d\u00edas atr\u00e1s. Se trata del monto m\u00e1s alto dispuesto en Mendoza para el sector p\u00fablico comunal.<\/p>\n<p>La noticia fue publicada por el propio jefe comunal y candidato a vicegobernador de La Uni\u00f3n Mendocina en sus redes sociales. All\u00ed expres\u00f3: \u00abEn un esfuerzo con el sindicato SOEM de Las Heras anunciamos un acuerdo para nuestra comunidad municipal, un bono extraordinario de $100.000 para las familias municipales. Esto ha sido posible gracias a una administraci\u00f3n \u00f3ptima y responsable de los recursos p\u00fablicos\u00bb.<\/p>\n<p>En el\u00a0acta acuerdo\u00a0se detalla el pago del bono de la siguiente manera: $25.000 el 20 de septiembre; $15.000 en octubre, noviembre y diciembre (pagaderos el 20 de cada mes) y $15.000 tambi\u00e9n en noviembre en reconocimiento por el D\u00eda del Empleado Municipal.<\/p>\n<p><strong>Daniel Orozco fue el \u00faltimo en sumarse al pago del bono<\/strong><br \/>\nUno de los \u00faltimos -el 30 de agosto- en sumarse al\u00a0bono de $60.000 dispuesto por el ministro de Econom\u00eda, Sergio Massa,\u00a0para los empleados estatales y los trabajadores del \u00e1mbito privado fue el\u00a0intendente de Luj\u00e1n, Sebasti\u00e1n Bragagnolo,\u00a0tambi\u00e9n del ala demarchista. Pero en su caso fue de\u00a0$80.000.<\/p>\n<p>El jefe comunal de Guaymall\u00e9n, Marcelino Iglesias, tambi\u00e9n otorg\u00f3 un bono superior -de $65.000- y el resto de los intendentes se acopl\u00f3 a la cifra sugerida por el titular de la cartera econ\u00f3mica y candidato a presidente de la Uni\u00f3n por la Patria.<\/p>\n<p>Desde Lavalle ya hab\u00edan confirmado, despu\u00e9s de un an\u00e1lisis presupuestario, que se pagar\u00e1 una\u00a0suma no remunerativa de $60.000 en dos cuotas. La primera de ellas se pagar\u00e1 entre el 15 y el 18 de septiembre; y la segunda el 16 de octubre.<\/p>\n<p>Su par de San Carlos, Rolando Scanio, comunic\u00f3 que\u00a0acord\u00f3 con el Sindicato de Empleados Municipales un pago extra de $60.000. Esto se sum\u00f3 al 92% de aumento que ya hab\u00eda abonado hasta ahora y a los $60.000 que ya hab\u00eda otorgado en concepto de bonos no remunerativos.<\/p>\n<p>En el resto de la provincia, todos los caciques comunales se alinearon al pago de este beneficio al igual que el Gobierno de Mendoza. Tras reunirse con el ministro de Hacienda, V\u00edctor Fayad, para saber la disponibilidad de caja que ten\u00eda, el gobernador\u00a0Rodolfo Suarez detall\u00f3 que pagar\u00e1 una suma fija extraordinaria en una sola cuota de $60.000 a los empleados estatales.\u00a0Alcanzar\u00e1 a quienes cobren menos de $400.000 y se abonar\u00e1 el 14 de septiembre pr\u00f3ximo.<\/p>\n<h6>Fuente: Uno<\/h6>\n","protected":false},"excerpt":{"rendered":"<p>El intendente de Las Heras y candidato a vicegobernador de La Uni\u00f3n Mendocina dio a conocer este mi\u00e9rcoles la noticia en sus redes sociales<\/p>\n","protected":false},"author":2,"featured_media":139650,"comment_status":"closed","ping_status":"closed","sticky":false,"template":"","format":"standard","meta":{"footnotes":""},"categories":[7],"tags":[31],"class_list":["post-139649","post","type-post","status-publish","format-standard","has-post-thumbnail","hentry","category-informe-sindical","tag-mendoza"],"_links":{"self":[{"href":"http:\/\/argentinamunicipal.com.ar\/argentina\/wp-json\/wp\/v2\/posts\/139649","targetHints":{"allow":["GET"]}}],"collection":[{"href":"http:\/\/argentinamunicipal.com.ar\/argentina\/wp-json\/wp\/v2\/posts"}],"about":[{"href":"http:\/\/argentinamunicipal.com.ar\/argentina\/wp-json\/wp\/v2\/types\/post"}],"author":[{"embeddable":true,"href":"http:\/\/argentinamunicipal.com.ar\/argentina\/wp-json\/wp\/v2\/users\/2"}],"replies":[{"embeddable":true,"href":"http:\/\/argentinamunicipal.com.ar\/argentina\/wp-json\/wp\/v2\/comments?post=139649"}],"version-history":[{"count":0,"href":"http:\/\/argentinamunicipal.com.ar\/argentina\/wp-json\/wp\/v2\/posts\/139649\/revisions"}],"wp:featuredmedia":[{"embeddable":true,"href":"http:\/\/argentinamunicipal.com.ar\/argentina\/wp-json\/wp\/v2\/media\/139650"}],"wp:attachment":[{"href":"http:\/\/argentinamunicipal.com.ar\/argentina\/wp-json\/wp\/v2\/media?parent=139649"}],"wp:term":[{"taxonomy":"category","embeddable":true,"href":"http:\/\/argentinamunicipal.com.ar\/argentina\/wp-json\/wp\/v2\/categories?post=139649"},{"taxonomy":"post_tag","embeddable":true,"href":"http:\/\/argentinamunicipal.com.ar\/argentina\/wp-json\/wp\/v2\/tags?post=139649"}],"curies":[{"name":"wp","href":"https:\/\/api.w.org\/{rel}","templated":true}]}}