{"id":13985,"date":"2014-08-23T10:03:01","date_gmt":"2014-08-23T13:03:01","guid":{"rendered":"http:\/\/argentinamunicipal.com.ar\/argentina\/?p=13985"},"modified":"2014-08-23T10:03:01","modified_gmt":"2014-08-23T13:03:01","slug":"construiran-en-santa-fe-un-espacio-para-la-historia-de-la-carta-magna","status":"publish","type":"post","link":"http:\/\/argentinamunicipal.com.ar\/argentina\/construiran-en-santa-fe-un-espacio-para-la-historia-de-la-carta-magna\/","title":{"rendered":"Construir\u00e1n en Santa Fe un espacio para la historia de la carta magna"},"content":{"rendered":"<div id=\"attachment_13986\" style=\"width: 771px\" class=\"wp-caption aligncenter\"><a href=\"http:\/\/argentinamunicipal.com.ar\/argentina\/wp-content\/uploads\/2014\/08\/parqueconstitucixnmt.jpg_2069580699.jpg\"><img loading=\"lazy\" decoding=\"async\" aria-describedby=\"caption-attachment-13986\" class=\"size-full wp-image-13986\" src=\"http:\/\/argentinamunicipal.com.ar\/argentina\/wp-content\/uploads\/2014\/08\/parqueconstitucixnmt.jpg_2069580699.jpg\" alt=\"Convivencia con el r\u00edo. Corral dijo que \u201cen crecidas ordinarias parte del parque quedar\u00e1 bajo agua\u201d.\" width=\"761\" height=\"507\" srcset=\"http:\/\/argentinamunicipal.com.ar\/argentina\/wp-content\/uploads\/2014\/08\/parqueconstitucixnmt.jpg_2069580699.jpg 761w, http:\/\/argentinamunicipal.com.ar\/argentina\/wp-content\/uploads\/2014\/08\/parqueconstitucixnmt.jpg_2069580699-300x199.jpg 300w\" sizes=\"auto, (max-width: 761px) 100vw, 761px\" \/><\/a><p id=\"caption-attachment-13986\" class=\"wp-caption-text\">Convivencia con el r\u00edo. Corral dijo que \u201cen crecidas ordinarias parte del parque quedar\u00e1 bajo agua\u201d.<\/p><\/div>\n<p>La provincia aportar\u00e1 24,5 millones para edificar el Museo de la Constituci\u00f3n. El lugar tendr\u00e1 10 salas y un auditorio con una superficie cubierta y semicubierta de m\u00e1s de 2.500 metros cuadrado<\/p>\n<p>En la Universidad Nacional del Litoral \u2013sede de la reforma constitucional del 1994\u2013, el intendente Jos\u00e9 Corral y el gobernador Antonio Bonfatti rubricaron un convenio por el cual la Provincia aportar\u00e1 los fondos para la construcci\u00f3n del Museo de la Constituci\u00f3n, que estar\u00e1 ubicado en el Parque de la Constituci\u00f3n.<\/p>\n<p>El rector de la Casa de Estudios, Albor Cantard, acompa\u00f1\u00f3 al gobernador y al intendente durante el acto que tuvo lugar en la Sala de Reuniones del Consejo Superior de la UNL, y que cont\u00f3 con la presencia de legisladores nacionales y provinciales, exconvencionales, concejales, funcionarios locales y provinciales, representantes de la Asociaci\u00f3n Pro Parque Biblioteca de la Constituci\u00f3n y de entidades que conforman el Camino de la Constituci\u00f3n y de museos de la ciudad, entre otros. En la oportunidad, se dieron detalles del proyecto que fue coordinado por H\u00e9ctor Berra y elaborado por diferentes equipos t\u00e9cnicos del municipio.<\/p>\n<p>En el acuerdo firmado este viernes, el Estado provincial se compromete a aportar unos 24,5 millones de pesos para la realizaci\u00f3n de la obra civil del Museo de la Constituci\u00f3n correspondiente a la segunda etapa del proyecto desarrollado por el municipio local. Dise\u00f1ado como un Centro de Interpretaci\u00f3n por Berra, reconocido especialista en la materia, el futuro museo tendr\u00e1 aproximadamente unos 2.020 metros cuadrados de superficie cubierta y otros 575 metros de superficie semicubierta.<\/p>\n<p>El lugar fue concebido como un \u00e1mbito narrativo para promover el conocimiento y el disfrute de los visitantes a trav\u00e9s de 10 salas y con un auditorio con capacidad para 300 personas. Emplazado en el Parque de la Constituci\u00f3n \u2013inaugurado el pasado 1 de mayo\u2013 y junto al monumento cuyos pilares recuerdan los tres poderes de la Rep\u00fablica, y la biblioteca prevista, en su conjunto rinden tributo a la carta magna, realzando la condici\u00f3n de la capital provincial como sede de la sanci\u00f3n de la Constituci\u00f3n en 1853 y de sus principales reformas.<\/p>\n<p>Al momento de tomar la palabra, el intendente dijo: \u201cEs un d\u00eda hist\u00f3rico para la ciudad, porque hoy se firm\u00f3 el compromiso que va a permitir materializar la segunda etapa del Parque Biblioteca de la Constituci\u00f3n Nacional. Estamos muy agradecidos al gobierno provincial por el aporte, porque si bien la Constituci\u00f3n es nacional, somos los santafesinos los que tenemos que ponerla en valor\u201d. \u201cPor eso \u2013continu\u00f3\u2013 el trabajo conjunto del gobierno de la provincia, del de la ciudad, de las empresas, los ciudadanos y la Asociaci\u00f3n Pro Parque para lograr este hito que seguramente va a cambiar la historia de la ciudad\u201d.<\/p>\n<p>Al destacar los lineamientos del parque en convivencia con el r\u00edo, el intendente se\u00f1al\u00f3: \u201cSanta Fe tiene que aprender a convivir con su condici\u00f3n de estar en la ribera de los r\u00edos. Por ello cuando hay crecidas ordinarias como la que tuvimos hay una parte del parque que tiene agua, y cuando haya crecidas extraordinarias quedar\u00e1n a salvo los locales. Hoy ya disfrutamos de una parte de este proyecto que consiste en la plaza c\u00edvica y el centro de atenci\u00f3n a visitantes\u201d.<\/p>\n<h3>Un nuevo espacio<\/h3>\n<p>Con relaci\u00f3n al futuro museo, explic\u00f3: \u201cConsiste en un recorrido pensado por un experto como H\u00e9ctor Berra \u2013santafesino que ha trabajado en varios museos del mundo\u2013 junto con la Asociaci\u00f3n Pro Parque de la Constituci\u00f3n, nuestros constitucionalistas, historiadores, gente del archivo hist\u00f3rico\u201d. El lugar contendr\u00e1 im\u00e1genes, maquetas y recursos tecnol\u00f3gicos que mostrar\u00e1n c\u00f3mo era la Santa Fe de 1853; qu\u00e9 ocurr\u00eda en el mundo en aquellos d\u00edas, \u201ccuestiones que no solo sorprender\u00e1n a los santafesinos sino a todos quienes visiten el parque\u201d, destac\u00f3 el mandatario local.<\/p>\n<p>\u201cEl parque est\u00e1 pensado como un espacio tur\u00edstico y un lugar obligado de recorrido para quienes visiten la ciudad, y tambi\u00e9n como un espacio de aprendizaje para nuestros escolares y los del resto de la provincia y del pa\u00eds. La idea es que Santa Fe, as\u00ed como Rosario tiene el Monumento a la Bandera, tenga un lugar que conmemore la Constituci\u00f3n, que es la norma de convivencia de todos los argentinos y es tambi\u00e9n un programa de desarrollo y prosperidad que ojal\u00e1 podamos poner en marcha. Estamos seguros que va a ser un elemento de orgullo para todos los santafesinos\u201d, sintetiz\u00f3.<\/p>\n<h3>El valor de la historia<\/h3>\n<p>Por su parte, Antonio Bonfatti se\u00f1al\u00f3: \u201cPara el gobierno provincial es una alegr\u00eda enorme poder participar de este proyecto. Celebramos esta iniciativa de quienes siguen pensando en los valores y lo que significa la Constituci\u00f3n Nacional. Felicitamos a todos los que continuamente van acicateando con cosas que tienen que ver con nuestra historia y hacen a nuestro presente y futuro. El museo es una manera de llevar adelante una idea que tiene una fuerza enorme y que va m\u00e1s all\u00e1 del aporte material del gobierno provincial\u201d, dijo el mandatario provincial.<\/p>\n<p>\u201cEl parque debe servir de lugar de encuentro\u201d, resumi\u00f3 el gobernador y agreg\u00f3: \u201cQue sea un lugar destacado para llevar a nuestros ni\u00f1os a hacerlos reflexionar del significado de la Constituci\u00f3n: este es el mensaje que Santa Fe le quiere dar a la ciudad, al pa\u00eds y al mundo en una jornada cargada de historia de la Constituci\u00f3n, donde vamos a rendir homenaje a los constitucionalistas santafesinos y del pa\u00eds que participaron de la reforma del 1994\u201d.<\/p>\n<p>A su turno, el rector de la UNL, manifest\u00f3: \u201cEs un gusto compartir este momento y nuestro agradecimiento especial al gobernador y al intendente que hayan elegido nuestra casa para llevar adelante la presentaci\u00f3n del Museo del Parque de la Constituci\u00f3n en estos d\u00edas que estamos celebrando los 20 a\u00f1os de la \u00faltima reforma\u201d. Cabe mencionar que la presentaci\u00f3n se dio en el marco de una serie de actividades que tienen lugar en la ciudad de Santa Fe en conmemoraci\u00f3n de los 20 a\u00f1os de la Reforma de la Constituci\u00f3n de 1994.<\/p>\n<p>En la presentaci\u00f3n estuvieron presentes el diputado nacional, Mario Barletta; el senador departamental, Hugo Marcucci, el ministro de Obras P\u00fablicas, Julio Schneider, el presidente del Concejo, Leonardo Simoniello; y los concejales Mariano Cejas, Ariel Rodr\u00edguez y Leandro Gonz\u00e1lez, Adriana Molina, Vanesa Oddi y Cristina Quinteros. Tambi\u00e9n participaron de la presentaci\u00f3n, entre otros funcionales provinciales y locales, el director Provincial de Reforma Pol\u00edtica y Constitucional, Oscar Blando; el presidente de la Asociaci\u00f3n Civil Pro Parque de la Constituci\u00f3n, Gustavo V\u00edttori; representantes del Archivo Hist\u00f3rico de la Ciudad y de la Asociaci\u00f3n Argentina de Derecho Constitucional.<\/p>\n<h6>Fuente: Uno, Santa Fe<\/h6>\n","protected":false},"excerpt":{"rendered":"<p>La provincia aportar\u00e1 24,5 millones para edificar el Museo de la Constituci\u00f3n. El lugar tendr\u00e1 10 salas y un auditorio con una superficie cubierta y semicubierta de m\u00e1s de 2.500 metros cuadrado En la Universidad Nacional del Litoral \u2013sede de la reforma constitucional del 1994\u2013, el intendente Jos\u00e9 Corral y el gobernador Antonio Bonfatti rubricaron<\/p>\n","protected":false},"author":2,"featured_media":13986,"comment_status":"closed","ping_status":"closed","sticky":false,"template":"","format":"standard","meta":{"footnotes":""},"categories":[2],"tags":[10],"class_list":["post-13985","post","type-post","status-publish","format-standard","has-post-thumbnail","hentry","category-informe-municipal","tag-santa-fe"],"_links":{"self":[{"href":"http:\/\/argentinamunicipal.com.ar\/argentina\/wp-json\/wp\/v2\/posts\/13985","targetHints":{"allow":["GET"]}}],"collection":[{"href":"http:\/\/argentinamunicipal.com.ar\/argentina\/wp-json\/wp\/v2\/posts"}],"about":[{"href":"http:\/\/argentinamunicipal.com.ar\/argentina\/wp-json\/wp\/v2\/types\/post"}],"author":[{"embeddable":true,"href":"http:\/\/argentinamunicipal.com.ar\/argentina\/wp-json\/wp\/v2\/users\/2"}],"replies":[{"embeddable":true,"href":"http:\/\/argentinamunicipal.com.ar\/argentina\/wp-json\/wp\/v2\/comments?post=13985"}],"version-history":[{"count":0,"href":"http:\/\/argentinamunicipal.com.ar\/argentina\/wp-json\/wp\/v2\/posts\/13985\/revisions"}],"wp:featuredmedia":[{"embeddable":true,"href":"http:\/\/argentinamunicipal.com.ar\/argentina\/wp-json\/wp\/v2\/media\/13986"}],"wp:attachment":[{"href":"http:\/\/argentinamunicipal.com.ar\/argentina\/wp-json\/wp\/v2\/media?parent=13985"}],"wp:term":[{"taxonomy":"category","embeddable":true,"href":"http:\/\/argentinamunicipal.com.ar\/argentina\/wp-json\/wp\/v2\/categories?post=13985"},{"taxonomy":"post_tag","embeddable":true,"href":"http:\/\/argentinamunicipal.com.ar\/argentina\/wp-json\/wp\/v2\/tags?post=13985"}],"curies":[{"name":"wp","href":"https:\/\/api.w.org\/{rel}","templated":true}]}}