{"id":139864,"date":"2023-09-14T05:01:39","date_gmt":"2023-09-14T08:01:39","guid":{"rendered":"http:\/\/argentinamunicipal.com.ar\/argentina\/?p=139864"},"modified":"2023-09-14T06:04:03","modified_gmt":"2023-09-14T09:04:03","slug":"mas-de-10-000-mendocinos-descargaron-la-app-bicitran","status":"publish","type":"post","link":"http:\/\/argentinamunicipal.com.ar\/argentina\/mas-de-10-000-mendocinos-descargaron-la-app-bicitran\/","title":{"rendered":"M\u00e1s de 10.000 mendocinos descargaron la app Bicitran"},"content":{"rendered":"<p>El Bicitran es la nueva modalidad de transporte que combina el uso de la bici con el resto del sistema Mendotran.<\/p>\n<p>El pasado 30 de agosto\u00a0se puso en marcha un nuevo sistema de movilidad en Mendoza, el\u00a0Bicitran. A trav\u00e9s de\u00a0bicicletas p\u00fablicas\u00a0los usuarios pueden combinar trayectos por algunas localidades del Gran Mendoza, enlazando con micros o el Metrotranv\u00eda. A pocos d\u00edas de su debut,\u00a010.000 personas se descargaron la aplicaci\u00f3n para pedalear al precio de un pasaje de colectivo urbano. Y tambi\u00e9n hubo\u00a0un \u00abvivo\u00bb que se quiso robar una unidad, pero lo atraparon.<\/p>\n<p>El secretario de Servicios P\u00fablicos, Natalio Mema, asegur\u00f3 en contacto con Diario UNO: \u00abel balance es muy bueno, porque llevamos menos de 15 d\u00edas con Bicitran y crecemos en la cantidad de viajes que se hacen y por usuarios bien variados\u00bb.<\/p>\n<p>Actualmente, se contabilizan\u00a0entre 300 y 350 viajes diarios.<\/p>\n<p>Ya se produjo el robo de una unidad, lo que sirvi\u00f3 para testear c\u00f3mo funciona la localizaci\u00f3n por GPS<\/p>\n<p>La primera etapa de esta nueva modalidad de transporte se implement\u00f3 en\u00a026 estaciones, en Ciudad, Godoy Cruz y Luj\u00e1n de Cuyo, con\u00a0400 unidades disponibles.<\/p>\n<p><strong>El \u00abvivo\u00bb que intent\u00f3 llevarse una bici<\/strong><br \/>\nLas bicicletas son de\u00a0quinta generaci\u00f3n, lo que implica que toda la tecnolog\u00eda, sea de seguridad, monitoreo y\/o comunicaciones, se encuentra dentro del mismo veh\u00edculo.<\/p>\n<p>\u00abEntre lo positivo y como la gente se va acostumbrando y se va sumando,\u00a0se produjo el robo de una unidad y sirvi\u00f3 para probar c\u00f3mo estamos preparados. Estas bicis tienen GPS, por lo tanto, la vamos a localizar y son antirrobo,\u00a0esto implica que se activa un sistema de seguridad que tiene incorporado\u00bb, destac\u00f3 Mema.<\/p>\n<p>En el caso del mencionado robo,\u00a0la unidad pudo detectarse mediante la geolocalizaci\u00f3n y el sujeto fue aprehendido.<\/p>\n<p>En una segunda etapa, el\u00a0Bicitran\u00a0se implementar\u00e1 en 25 estaciones m\u00e1s, en sectores de Luj\u00e1n, Las Heras y Guaymall\u00e9n. Antes de fin de a\u00f1o, el objetivo es contar con\u00a0750 bicicletas disponibles en el sistema, con 100 estaciones distribuidas en distintos sectores del \u00e1rea metropolitana.<\/p>\n<p><strong>El perfil del usuario del Bicitran<\/strong><br \/>\nMema reconoci\u00f3 que\u00a0es muy variado el perfil del usuario, ya que hay algunas personas que lo usan para tramos cortos de Ciudad a Godoy Cruz, o que la utilizan los fines de semana para recreaci\u00f3n.<\/p>\n<p>\u00abTenemos gente que no sal\u00eda en bicicleta porque\u00a0ten\u00eda temor a que se la robaran\u00a0y ahora pueden salir con estas y devolverlas\u00bb, acot\u00f3 el funcionario.<\/p>\n<h6>Fuente: UNo<\/h6>\n","protected":false},"excerpt":{"rendered":"<p>El Bicitran es la nueva modalidad de transporte que combina el uso de la bici con el resto del sistema Mendotran.<\/p>\n","protected":false},"author":2,"featured_media":139865,"comment_status":"closed","ping_status":"closed","sticky":false,"template":"","format":"standard","meta":{"footnotes":""},"categories":[2],"tags":[31],"class_list":["post-139864","post","type-post","status-publish","format-standard","has-post-thumbnail","hentry","category-informe-municipal","tag-mendoza"],"_links":{"self":[{"href":"http:\/\/argentinamunicipal.com.ar\/argentina\/wp-json\/wp\/v2\/posts\/139864","targetHints":{"allow":["GET"]}}],"collection":[{"href":"http:\/\/argentinamunicipal.com.ar\/argentina\/wp-json\/wp\/v2\/posts"}],"about":[{"href":"http:\/\/argentinamunicipal.com.ar\/argentina\/wp-json\/wp\/v2\/types\/post"}],"author":[{"embeddable":true,"href":"http:\/\/argentinamunicipal.com.ar\/argentina\/wp-json\/wp\/v2\/users\/2"}],"replies":[{"embeddable":true,"href":"http:\/\/argentinamunicipal.com.ar\/argentina\/wp-json\/wp\/v2\/comments?post=139864"}],"version-history":[{"count":0,"href":"http:\/\/argentinamunicipal.com.ar\/argentina\/wp-json\/wp\/v2\/posts\/139864\/revisions"}],"wp:featuredmedia":[{"embeddable":true,"href":"http:\/\/argentinamunicipal.com.ar\/argentina\/wp-json\/wp\/v2\/media\/139865"}],"wp:attachment":[{"href":"http:\/\/argentinamunicipal.com.ar\/argentina\/wp-json\/wp\/v2\/media?parent=139864"}],"wp:term":[{"taxonomy":"category","embeddable":true,"href":"http:\/\/argentinamunicipal.com.ar\/argentina\/wp-json\/wp\/v2\/categories?post=139864"},{"taxonomy":"post_tag","embeddable":true,"href":"http:\/\/argentinamunicipal.com.ar\/argentina\/wp-json\/wp\/v2\/tags?post=139864"}],"curies":[{"name":"wp","href":"https:\/\/api.w.org\/{rel}","templated":true}]}}