{"id":140121,"date":"2023-09-22T06:04:36","date_gmt":"2023-09-22T09:04:36","guid":{"rendered":"http:\/\/argentinamunicipal.com.ar\/argentina\/?p=140121"},"modified":"2023-09-22T06:04:36","modified_gmt":"2023-09-22T09:04:36","slug":"don-juan-y-la-ancestral-industria-del-junquillo-el-recurso-de-los-humildes-de-la-paz-mendoza","status":"publish","type":"post","link":"http:\/\/argentinamunicipal.com.ar\/argentina\/don-juan-y-la-ancestral-industria-del-junquillo-el-recurso-de-los-humildes-de-la-paz-mendoza\/","title":{"rendered":"Don Juan y la ancestral industria del junquillo, el recurso de los humildes de La Paz, Mendoza"},"content":{"rendered":"<p>Don Juan Escobosa es un personaje entra\u00f1able de La Paz. Desde su almac\u00e9n, el \u00fanico del pueblo, comenz\u00f3 a comprar junquillo, ancestral materia prima para fabricar escobas, recurso a mano de los humildes<\/p>\n<p>As\u00ed como el coraz\u00f3n de los ancestrales habitantes de Mendoza se aferraban a las arenas de este desierto, y aprendieron a vivir de sus ocultos y escasos recursos; una planta emblem\u00e1tica, el\u00a0junquillo\u00a0(sporobolus rigens) arraiga en las arenas y se\u00f1ala el camino sobre como sobrevivir en este\u00a0cuyum map\u00fa\u00a0-pa\u00eds de las arenas-. Este pasto es parte de nuestra\u00a0cultura, y base de una\u00a0microeconom\u00eda\u00a0de supervivencia y materia prima de la que disponen.<\/p>\n<p>As\u00ed como los huarpes descubrieron y usaron sus propiedades, para cester\u00eda y otras manufacturas -su tejido apretado era impermeable y serv\u00eda para recipientes de agua- los actuales habitantes de los secanos cortan estos pastos y los venden para la fabricaci\u00f3n de escobas. Tambi\u00e9n a\u00fan persisten algunos artesanos que lo trabajan como lo hac\u00edan los pueblos originarios. Un mendocino destacado de La Paz, a\u00fan mantiene un comercio tradicional para el junquillo.<\/p>\n<p>Este recurso que significa el junquillo es utilizado por familias enteras que lo cortan de los campos y riberas de los r\u00edos, y lo venden a mayoristas. Uno de estos peque\u00f1os \u00abmayoristas\u00bb es un querido vecino de Villa Antigua, de La Paz, Juan Escobosa. \u00abComenc\u00e9 con esto de vender junquillo en los a\u00f1os &#8217;80. Tengo un almac\u00e9n desde que era joven, y ven\u00eda mucha gente que cambiaba ataditos de junquillo que cortaban en el campo por mercader\u00eda o algo de plata\u00bb, record\u00f3 don Juan Escobosa, de 78 a\u00f1os.<\/p>\n<p>La ventas son pocas y las ganancias magras, para un mercado cada vez m\u00e1s chico, por el reemplazo de los materiales sint\u00e9ticos.<\/p>\n<p>\u00abLa gente ven\u00eda del campo a cambiarme ataditos de junquillo a cambio de mercader\u00eda. Me daba mucha pena y se los empec\u00e9 a comprar. Con el tiempo fui busc\u00e1ndole la vuelta para venderlo y sacar alguna ganancia\u00bb<\/p>\n<p><strong>El junquillo, el recurso de los pace\u00f1os humildes<\/strong><br \/>\n\u00abPoco a poco aprend\u00ed a trabajarlo al junquillo. A secarlo y a elegir los mejores, que luego se venden a los fabricantes de escobas. No solamente en Mendoza se vende este pastito, sino que ahora tengo clientes en Buenos Aires, Santa Fe y otras provincias\u00bb, dijo Juan.<\/p>\n<p>El tema del comercio comenz\u00f3 precozmente en la vida de Juan. \u00abYo trabajaba en el negocio de un t\u00edo, en La Paz, en el a\u00f1o 1960. En ese entonces, en la villa (cabecera) a la 1.30 se apagaban las luces y quedaba todo a oscuras. Los negocios o los boliches, ten\u00edan que avisar a los clientes que en unos minutos se cerraba todo, y los despachaban a sus casas antes del apag\u00f3\u00bb, record\u00f3 el casi octogenario sobre aquellas \u00e9pocas en que la luz el\u00e9ctrica era suministrada por un generador (con motor a explosi\u00f3n), y en un horario fijo.<\/p>\n<p>\u00abA los 18 a\u00f1os me vine a la Villa Antigua, porque hered\u00e9 un terreno de mi abuelo, y aqu\u00ed puse un peque\u00f1o almac\u00e9n, que es todav\u00eda mi principal fuente de ingresos y con el que pude criar a mi familia. Lo del junquillo lleg\u00f3 con el tiempo, y fue m\u00e1s para darle una mano a la gente que lo cortaba en el campo o en el r\u00edo Tunuy\u00e1n, que pasa cerca\u00bb.<\/p>\n<p>\u00abCon el tiempo conoc\u00ed a un hombre que ten\u00eda una peque\u00f1a maquinita con la que se cortaba el junquillo y se hac\u00edan peque\u00f1os fardos. As\u00ed consegu\u00ed luego a un transportista de Palmira, que comenz\u00f3 a llevarme los pedidos que me hac\u00edan\u00bb, manifest\u00f3 el hombre que fue concejal en la d\u00e9cada del &#8217;90 y hace poco elegido como Comerciante Destacado de su departamento.<\/p>\n<p>\u00abMi familia est\u00e1 compuesta por mi esposa, Stella Marys Nieto, que tiene 64 a\u00f1os, y mis hijos Fernando Iv\u00e1n (48), Mar\u00eda Alejandra (32), y Juan Antonio (31). Tambi\u00e9n tengo cinco nietos: Mat\u00edas (30), Mara (11), Santiago (11), Joaqu\u00edn (5), y Franchesca (3). Aunque la mayor\u00eda tiene otras actividades y trabajos, todos est\u00e1n involucrados con el almac\u00e9n, y tambi\u00e9n con el tema del junquillo, que a los chicos les llama la atenci\u00f3n\u00bb, detall\u00f3 don Escobosa.<\/p>\n<p><strong>De Orozco a Escobosa, los compradores del \u00aboro amarillo\u00bb de los m\u00e9danos<\/strong><br \/>\n\u00abAc\u00e1 en casa, cuando tengo un descanso en el almac\u00e9n, me voy al patio y trabajo con el junquillo. Mientras descanso, trabajo (risas). Toda mi vida he trabajado, y pienso hacerlo hasta que Dios diga basta\u00bb, finaliz\u00f3 orgulloso don Juan, el que a\u00fan le da vida a una \u00abchanga\u00bb que tienen a mano los pace\u00f1os, y que nada menos que un ilustre pace\u00f1o, el poeta y m\u00fasico\u00a0F\u00e9lix Dardo Palorma, le cant\u00f3 con cari\u00f1o.<\/p>\n<p>El querido colega Sergio Robles, tambi\u00e9n de los pagos de estos este\u00f1os, recuerda que \u00abtodo el mundo, cuando necesita algo de plata ac\u00e1 en La Paz, sale al campo y corta junquillo. No se gana mucha plata, en realidad es muy poca, pero no hay otro modo a veces de hacer un dinero extra, ese que falta siempre\u00bb.<\/p>\n<p>El mismo Tano Robles, amante del folklore, se\u00f1al\u00f3 la existencia de esta \u00abcanci\u00f3n pastoril\u00bb de Palorma, que pinta como un cuadro c\u00f3mo es la precaria industria del junquillo y qu\u00e9 significa para estos mendocinos.<\/p>\n<p>\u00abDel Tunuy\u00e1n, la costa, m\u00e9dano y r\u00edo. Un pace\u00f1ito busca, su oro amarillo. Es un sue\u00f1o dorado el montecillo. Guada\u00f1a y corte al largo de lo exigido. Requisando va el padre, lo sigue el ni\u00f1o, por si entre el junco duerme alg\u00fan ofidio. [&#8230; ] Hebras de juncos verdes, ya han separado que, al atar no se quiebre (Si hay que anudarlo). Veinte ataditos lleva cada paquete (\u00a1Cu\u00e1ndo tendr\u00e9 veinte a\u00f1os para tenerte!) Dinero de pobreza qu\u00e9 poco ayuda. Es Orozco el que compra plata segura\u00bb, canta esta joya del cancionero cuyano, obra del poeta mendocino fallecido en 1994, tambi\u00e9n autor de otro himno costumbrista local: P\u00f3ngale por la hileras.<\/p>\n<h6>Fuente: Uno<\/h6>\n","protected":false},"excerpt":{"rendered":"<p>Don Juan Escobosa es un personaje entra\u00f1able de La Paz. Desde su almac\u00e9n, el \u00fanico del pueblo, comenz\u00f3 a comprar junquillo, ancestral materia prima para fabricar escobas, recurso a mano de los humildes<\/p>\n","protected":false},"author":2,"featured_media":140122,"comment_status":"closed","ping_status":"closed","sticky":false,"template":"","format":"standard","meta":{"footnotes":""},"categories":[2],"tags":[31],"class_list":["post-140121","post","type-post","status-publish","format-standard","has-post-thumbnail","hentry","category-informe-municipal","tag-mendoza"],"_links":{"self":[{"href":"http:\/\/argentinamunicipal.com.ar\/argentina\/wp-json\/wp\/v2\/posts\/140121","targetHints":{"allow":["GET"]}}],"collection":[{"href":"http:\/\/argentinamunicipal.com.ar\/argentina\/wp-json\/wp\/v2\/posts"}],"about":[{"href":"http:\/\/argentinamunicipal.com.ar\/argentina\/wp-json\/wp\/v2\/types\/post"}],"author":[{"embeddable":true,"href":"http:\/\/argentinamunicipal.com.ar\/argentina\/wp-json\/wp\/v2\/users\/2"}],"replies":[{"embeddable":true,"href":"http:\/\/argentinamunicipal.com.ar\/argentina\/wp-json\/wp\/v2\/comments?post=140121"}],"version-history":[{"count":0,"href":"http:\/\/argentinamunicipal.com.ar\/argentina\/wp-json\/wp\/v2\/posts\/140121\/revisions"}],"wp:featuredmedia":[{"embeddable":true,"href":"http:\/\/argentinamunicipal.com.ar\/argentina\/wp-json\/wp\/v2\/media\/140122"}],"wp:attachment":[{"href":"http:\/\/argentinamunicipal.com.ar\/argentina\/wp-json\/wp\/v2\/media?parent=140121"}],"wp:term":[{"taxonomy":"category","embeddable":true,"href":"http:\/\/argentinamunicipal.com.ar\/argentina\/wp-json\/wp\/v2\/categories?post=140121"},{"taxonomy":"post_tag","embeddable":true,"href":"http:\/\/argentinamunicipal.com.ar\/argentina\/wp-json\/wp\/v2\/tags?post=140121"}],"curies":[{"name":"wp","href":"https:\/\/api.w.org\/{rel}","templated":true}]}}