{"id":140130,"date":"2023-09-22T06:23:38","date_gmt":"2023-09-22T09:23:38","guid":{"rendered":"http:\/\/argentinamunicipal.com.ar\/argentina\/?p=140130"},"modified":"2023-09-22T06:23:38","modified_gmt":"2023-09-22T09:23:38","slug":"guaymallen-elige-a-su-nuevo-intendente-las-propuestas-de-los-candidatos-del-municipio-mas-poblado-de-la-provincia","status":"publish","type":"post","link":"http:\/\/argentinamunicipal.com.ar\/argentina\/guaymallen-elige-a-su-nuevo-intendente-las-propuestas-de-los-candidatos-del-municipio-mas-poblado-de-la-provincia\/","title":{"rendered":"Guaymall\u00e9n elige a su nuevo intendente: las propuestas de los candidatos del municipio m\u00e1s poblado de la provincia"},"content":{"rendered":"<p>El radical Marcelino Iglesias dejar\u00e1 la comuna tras 8 a\u00f1os de gesti\u00f3n y son cinco los aspirantes a ocupar el m\u00e1ximo cargo municipal.<\/p>\n<p>Guaymall\u00e9n elige a su nuevo intendente este domingo 24 de septiembre. Se trata del departamento m\u00e1s populoso de la provincia -con 321.371 habitantes, seg\u00fan los datos del Censo 2022- y que todos los dirigentes -junto con encuestadores- siguen con atenci\u00f3n lo que pueda ocurrir debido a que hist\u00f3ricamente ha sido un territorio que funciona como \u00abterm\u00f3metro\u00bb en las elecciones para definir qui\u00e9n ser\u00e1 el pr\u00f3ximo gobernador. Pero, en lo que respecta a cuestiones de \u00edndole municipal, la ciudadan\u00eda tendr\u00e1 que optar entre cinco candidatos que competir\u00e1n para tomar las riendas de la comuna que hace 8 a\u00f1os es gobernada por el radicalismo.<\/p>\n<p>En representaci\u00f3n de Cambia Mendoza se postula\u00a0Marcos Calvente, actual secretario de Obras del municipio y el elegido por Marcelino Iglesias, quien dejar\u00e1 el poder tras 8 a\u00f1os. Por La Uni\u00f3n Mendocina aparece Gabriel Pradines, senador provincial demarchista. Por otro lado, el peronismo -que en otros tiempo supo ser fuerte en\u00a0Guaymall\u00e9n- tiene a la diputada provincial Natalia Vicencio como candidata- Completa la n\u00f3mina el abogado defensor de los animales\u00a0Alfredo Mellado, del Partido Verde, y el ex cura cat\u00f3lico Gerardo Bustamante, del Frente de Izquierda y de Trabajadores-Unidad.<\/p>\n<p>En las PASO del 11 de junio Cambia Mendoza sum\u00f3 el 39,32% de los votos, La Uni\u00f3n Mendocina el 20,03%, el Frente Eleg\u00ed 14,43%, el Partido Verde 4,88% y el FIT 4,81%.<\/p>\n<p>MDZ dialog\u00f3 con los protagonistas, quienes comunicaron algunas de sus principales propuestas a implementar ante un eventual triunfo.<\/p>\n<p><strong>Marcos Calvente (Cambia Mendoza)<\/strong><br \/>\nEl secretario de Obras del municipio cont\u00f3 sus ideas a llevar a cabo en el caso de ser electo. \u00abEl primer eje de la propuesta para una futura gesti\u00f3n, si es que la gente lo decide as\u00ed, es darle continuidad y profundizaci\u00f3n a la transformaci\u00f3n que hemos realizado en el departamento. Y eso no solo contempla la continuidad de los planes de obras de las distintas disciplinas, sino tambi\u00e9n la continuidad en los servicios p\u00fablicos que tienen que ver con la higiene urbana y no solo eso. Tambi\u00e9n los planes\u00a0que hemos llevado adelante que tienen que ver con el medio ambiente, la salud, el deporte, la cultura y\u00a0el desarrollo econ\u00f3mico. Todos estos planes y t\u00f3picos en los cuales se par\u00f3 la gesti\u00f3n para dar respuesta a los vecinos\u00a0tienen todos\u00a0una misma visi\u00f3n de intentar\u00a0darle una soluci\u00f3n estructural a los problemas. Y un ejemplo claro y palpable de eso son las obras integrales. Nosotros inventamos ese tipo de obras. No\u00a0se hab\u00edan realizado con esa l\u00f3gica y con esa visi\u00f3n en la historia del\u00a0departamento. La primera obra que realizamos con esa l\u00f3gica fue la calle Azcu\u00e9naga en el 2016: una reparaci\u00f3n integral que contempla la renovaci\u00f3n de las redes de agua, cloacas, cunetas, veredas, el alumbrado p\u00fablico, la calzada vehicular,\u00a0 los apeaderos&#8230; Fue integral la soluci\u00f3n porque pensamos que, dadas las caracter\u00edsticas, la jerarqu\u00eda y las necesidades de la zona, a esa calle deb\u00eda d\u00e1rsele esa configuraci\u00f3n para que se sostuviera esa infraestructura por d\u00e9cadas. Por eso doy este concepto de soluci\u00f3n estructural o de largo plazo\u00bb, coment\u00f3.<\/p>\n<p>Y agreg\u00f3: \u00abUn componente fuerte de lo que pretendo para una futura gesti\u00f3n es la modernizaci\u00f3n del Estado pero no entendida como se la viene\u00a0ofreciendo a los vecinos como con la digitalizaci\u00f3n de la municipalidad. Nosotros ya hemos avanzado en ese sentido. Es m\u00e1s que nada una despapelizaci\u00f3n. Es decir, pasamos del expediente papel al expediente digital. Bueno, hay que ir m\u00e1s a fondo. Hay que ir al meollo de la cuesti\u00f3n y del problema. \u00bfQu\u00e9 es lo que quiero decir? Que antes de la digitalizaci\u00f3n hay que repasar y reformular los procedimientos administrativos. Pero antes de eso hay que repensar, renovar,\u00a0reformular o ayornar el plexo jur\u00eddico o el marco normativo, que\u00a0es el que dicta cu\u00e1les son los pasos o los procedimientos que debe seguir una determinada resoluci\u00f3n de un problema o un\u00a0determinado tr\u00e1mite. Hay que avanzar en esos tres aspectos. Hay que trabajar\u00a0el marco normativo y\u00a0actualizarlo. No es que sea malo, sino que hay ordenanzas, procedimientos, resoluciones o decretos que tienen cuarenta a\u00f1os de antig\u00fcedad. Fueron bien pensados,\u00a0pero responden a otra realidad esa realidad cambi\u00f3 y ahora hay que actualizarlo porque muchas de nuestras normativas articulan con lo provincial y o con lo nacional. Si hacemos eso autom\u00e1ticamente vamos a poder revisar y reformular los procedimientos administrativos\u00bb.<\/p>\n<p>\u00abDespu\u00e9s, el aporte de la tecnolog\u00eda s\u00ed va a terminar en un procedimiento administrativo mucho m\u00e1s \u00e1gil. Van a repercutir tambi\u00e9n en una reducci\u00f3n de los plazos y de los costos. Esto que yo digo de reducci\u00f3n de costos significa c\u00f3mo se plasma o c\u00f3mo se evidencia en la realidad. Se\u00a0van a poder eliminar y reducir las dos contraprestaciones econ\u00f3micas que tienen los vecinos\u00a0para que el municipio realice su tarea, que es los aforos y las tasas. Avanzar en este sentido va a permitir eliminar y reducir esto. Para hacerlo\u00a0hay que conocer bien el departamento y los problemas de departamento y el municipio: qu\u00e9\u00a0respuestas y\u00a0qu\u00e9 procedimientos el municipio debe activar para dar respuesta a las distintas necesidades. Y eso es un conocimiento que nosotros hemos adquirido y que ahora vamos a\u00a0dedicarnos a trabajar en ese sentido\u00bb, cerr\u00f3 Calvente.<\/p>\n<p><strong>Gabriel Pradines (La Uni\u00f3n Mendocina)<\/strong><br \/>\nEl joven senador provincial, que fue el segundo aspirante m\u00e1s votado en las PASO, puntualiz\u00f3: \u00abQueremos que Guaymall\u00e9n sea el mejor lugar para invertir en Mendoza. Vamos a sacar a Guaymall\u00e9n del estancamiento, con una municipalidad simple, clara y barata. Proponemos eliminar 36 tasas municipales, como la habilitaci\u00f3n comercial o el libre de deuda, y simplificar el funcionamiento de obras privadas. Y para fomentar el empleo, vamos a crear \u00a0el primer Parque Industrial Municipal\u00bb.<\/p>\n<p>\u00abRecuperaci\u00f3n del espacio p\u00fablico: queremos lograr que esos espacios abandonados, desiertos, inseguros, vuelvan a manos de los vecinos de\u00a0Guaymall\u00e9n. Vamos a construir plazas con playones deportivos y, junto a instituciones intermedias, vamos a desarrollar un programa de formaci\u00f3n, capacitaci\u00f3n y recreaci\u00f3n para que todos cerca de nuestra casas tengamos un espacio de encuentro. Como tambi\u00e9n, desarrollar e invertir en Paseos Comerciales-Gastron\u00f3micos como la calle Libertad\u00bb, sintetiz\u00f3 Pradines, que busca dar el batacazo en el basti\u00f3n que tiene el radicalismo.<\/p>\n<p><strong>Natalia Vicencio (Frente Eleg\u00ed)<\/strong><br \/>\nLa dirigente peronista puso en consideraci\u00f3n los siguientes aspectos: \u00abComercio y sector industrial: agilizar tr\u00e1mites y habilitaciones comerciales;\u00a0compre Guaymall\u00e9n para incentivar el consumo y las ventas; generar est\u00edmulos a trav\u00e9s de rebajas de las tasas municipales; al sector industrial garantizarle la obra p\u00fablica para que sigan creciendo y salir a buscar l\u00edneas de cr\u00e9ditos que les permita la inversi\u00f3n\u00bb.<\/p>\n<p>En materia de Seguridad sum\u00f3: \u00abEl 30% de los ingresos de una familia se destina a la seguridad (ya sea alarma, concertina o c\u00e1maras). Es necesario que el Estado vuelva hacerse responsable de la seguridad. Tambi\u00e9n comprar c\u00e1maras de seguridad, crear el centro de monitoreo en coordinaci\u00f3n con la provincia, aumentar las rondas policiales en horarios sensibles\u00a0y crear la patrulla ciudadana\u00bb.<\/p>\n<p><strong>Alfredo Mellado (Partido Verde)<\/strong><br \/>\nEl abogado reconocido por su participaci\u00f3n en asociaciones vinculadas a animales dijo: \u00abEn primer lugar, la aceleraci\u00f3n y terminaci\u00f3n de la obra p\u00fablica eternizada en Guaymall\u00e9n para dinamizarla. Por ejemplo, el Barrio\u00a0Santa Ana, Carril Godoy Cruz\u00a0y calle Estrada. Adem\u00e1s, desvincular la obra p\u00fablica de modo que sea transparente y no direccionada como sucede en las licitaciones. Tambi\u00e9n que haya control estricto de la obra privada, evitando situaciones tr\u00e1gicas como lo que pas\u00f3 con los hermanos Paco. Todo con un cuidado del ecosistema. Precisamente, queremos terminar con el vertedero de residuos y basura de puente de hierro, lo que significa una contaminaci\u00f3n ecol\u00f3gica inadmisible. Asimismo, est\u00e1 el proyecto para el hospital p\u00fablico veterinario. Tenemos, a trav\u00e9s de una asociaci\u00f3n civil, el terreno en Corralitos y es una cuesti\u00f3n de salud p\u00fablica. Es una iniciativa que est\u00e1 hace a\u00f1os en la Legislatura\u00bb.<\/p>\n<p>Al hablar de Seguridad, un tema sensible entre los vecinos, expres\u00f3 que \u00e9l busca que haya \u00abcumplimiento estricto de la Ley de Seguridad P\u00fablica, lo cual significa comprometer al municipio con la lucha contra la inseguridad. El municipio sostiene que es una cuesti\u00f3n de la provincia, del Ministerio de Seguridad. Guaymall\u00e9n est\u00e1 abandonado en esta materia. La ley implica que los municipios sean un aspecto fundamental\u00a0en esta lucha y en la prevenci\u00f3n\u00bb.<\/p>\n<p><strong>Gerardo Bustamante (FIT)<\/strong><br \/>\nEl postulante de la izquierda asegur\u00f3 que \u201cla pol\u00edtica no puede estar separada de la comunidad.\u00a0Todos los candidatos dicen que van a escuchar a los vecinos y van a trabajar para ellos. Pero solo recorren algunos barrios cada dos a\u00f1os. Las transformaciones que ayuden a sortear los problemas de los vecinos solo se pueden realizar trabajando codo a codo con los guaymallinos. Para eso hay que estar en cada barrio, pensando y construyendo las pol\u00edticas necesarias junto a las y los vecinos\u00bb.<\/p>\n<p>Por ello, propuso \u00abobras p\u00fablicas libres de corrupci\u00f3n, controladas por los vecinos para que la luz, el gas y el asfalto lleguen a los barrios populares y as\u00ed generar trabajo para los habitantes del municipio; bajar las tasas e impuestos municipales para los barrios de trabajadores\u00bb porque -explic\u00f3- \u00abhace falta una reforma impositiva para que paguen m\u00e1s los que m\u00e1s tienen, como los shoppings y grandes centros comerciales\u00bb.<\/p>\n<p>Tambi\u00e9n hizo menci\u00f3n a la \u00abrefuncionalizaci\u00f3n de los centros de Salud barriales con equipamiento y personal\u00a0para multiplicar la capacidad de atenci\u00f3n, garantizando el pleno acceso a la Salud de los vecinos\u00bb.<\/p>\n<h6>Fuente: MDZ<\/h6>\n","protected":false},"excerpt":{"rendered":"<p>El radical Marcelino Iglesias dejar\u00e1 la comuna tras 8 a\u00f1os de gesti\u00f3n y son cinco los aspirantes a ocupar el m\u00e1ximo cargo municipal.<\/p>\n","protected":false},"author":2,"featured_media":140131,"comment_status":"closed","ping_status":"closed","sticky":false,"template":"","format":"standard","meta":{"footnotes":""},"categories":[4],"tags":[31],"class_list":["post-140130","post","type-post","status-publish","format-standard","has-post-thumbnail","hentry","category-informe-politico","tag-mendoza"],"_links":{"self":[{"href":"http:\/\/argentinamunicipal.com.ar\/argentina\/wp-json\/wp\/v2\/posts\/140130","targetHints":{"allow":["GET"]}}],"collection":[{"href":"http:\/\/argentinamunicipal.com.ar\/argentina\/wp-json\/wp\/v2\/posts"}],"about":[{"href":"http:\/\/argentinamunicipal.com.ar\/argentina\/wp-json\/wp\/v2\/types\/post"}],"author":[{"embeddable":true,"href":"http:\/\/argentinamunicipal.com.ar\/argentina\/wp-json\/wp\/v2\/users\/2"}],"replies":[{"embeddable":true,"href":"http:\/\/argentinamunicipal.com.ar\/argentina\/wp-json\/wp\/v2\/comments?post=140130"}],"version-history":[{"count":0,"href":"http:\/\/argentinamunicipal.com.ar\/argentina\/wp-json\/wp\/v2\/posts\/140130\/revisions"}],"wp:featuredmedia":[{"embeddable":true,"href":"http:\/\/argentinamunicipal.com.ar\/argentina\/wp-json\/wp\/v2\/media\/140131"}],"wp:attachment":[{"href":"http:\/\/argentinamunicipal.com.ar\/argentina\/wp-json\/wp\/v2\/media?parent=140130"}],"wp:term":[{"taxonomy":"category","embeddable":true,"href":"http:\/\/argentinamunicipal.com.ar\/argentina\/wp-json\/wp\/v2\/categories?post=140130"},{"taxonomy":"post_tag","embeddable":true,"href":"http:\/\/argentinamunicipal.com.ar\/argentina\/wp-json\/wp\/v2\/tags?post=140130"}],"curies":[{"name":"wp","href":"https:\/\/api.w.org\/{rel}","templated":true}]}}