{"id":140143,"date":"2023-09-25T06:04:15","date_gmt":"2023-09-25T09:04:15","guid":{"rendered":"http:\/\/argentinamunicipal.com.ar\/argentina\/?p=140143"},"modified":"2023-09-25T06:04:15","modified_gmt":"2023-09-25T09:04:15","slug":"asi-quedo-pintado-el-mapa-nacional-tras-la-victoria-de-alfredo-cornejo-en-mendoza","status":"publish","type":"post","link":"http:\/\/argentinamunicipal.com.ar\/argentina\/asi-quedo-pintado-el-mapa-nacional-tras-la-victoria-de-alfredo-cornejo-en-mendoza\/","title":{"rendered":"As\u00ed qued\u00f3 pintado el mapa nacional tras la victoria de Alfredo Cornejo en Mendoza"},"content":{"rendered":"<p>Juntos por el Cambio celebr\u00f3 un nuevo triunfo este domingo y de esta manera marc\u00f3 de amarillo una nueva provincia. El espacio encabezado a nivel nacional por Patricia Bullrich busca capitalizar estas victorias en la previa del 22 de octubre.<\/p>\n<p>La victoria de Alfredo Cornejo en Mendoza, que significa para Cambia Mendoza la retenci\u00f3n de la provincia y la sucesi\u00f3n de Rodolfo Suarez no solo marca el inicio de un tercer per\u00edodo radical en el sill\u00f3n de San Mart\u00edn, sino que confirm\u00f3, tras las victorias de Claudio Poggi en San Luis, y Marcelo Orrego en San Juan, la hegemon\u00eda de Juntos por el Cambio en la regi\u00f3n de Cuyo.<\/p>\n<p>M\u00e1s all\u00e1 de eso, la victoria del referente radical en la provincia de Mendoza tambi\u00e9n signific\u00f3 un nuevo envi\u00f3n para\u00a0Patricia Bullrich\u00a0de cara a las elecciones del 22 de octubre ya que desde las PASO hasta la fecha viene pintando el mapa de provincias con color amarillo, alcanzando victorias resonantes como la del pasado fin de semana en Chaco, donde Leandro Zdero venci\u00f3 a Jorge Capitanich en un territorio netamente peronista durante los \u00faltimos 16 a\u00f1os.<\/p>\n<p>Tambi\u00e9n, hay que destacar que Juntos por el Cambio dio otro batacazo en la provincia de Santa Fe gracias a la victoria de Maximiliano Pullaro sobre Marcelo Lewandowski, d\u00e1ndole as\u00ed una pu\u00f1alada al peronismo encabezado por Omar Perotti.<\/p>\n<p>Otra victoria resonante fue el triunfo de Ignacio Torres en Chubut quien, tras 20 a\u00f1os de peronismo, alcanz\u00f3 la gobernaci\u00f3n derrotando al oficialista Juan Pablo Luque.<\/p>\n<p>El triunfo de Alfredo Cornejo en la \u00abTierra del sol y del buen vino\u00bb dej\u00f3 a Juntos por el Cambio arriba en la repartici\u00f3n de territorio nacional, relegando al peronismo (encarnado en Uni\u00f3n por la Patria) al segundo lugar. Entonces, si vemos el mapa, y con las elecciones pendientes en dos provincias y en CABA para el 22 de octubre, en consonancia con las generales nacionales, la coalici\u00f3n opositora al gobierno de Alberto Fern\u00e1ndez qued\u00f3 con 9 amarillos sobre los 8 del oficialismo, que en poco menos de un mes arriesga los gobiernos de la provincia de Buenos Aires y Entre R\u00edos, descontando a Catamarca, donde se espera una victoria de Rub\u00e9n Jalil.<\/p>\n<p>El foco estar\u00e1 puesto en lo que pueda suceder en Entre R\u00edos, donde Rogelio Frigerio dirimir\u00e1, casi mano a mano con el peronista Ad\u00e1n Bahl; y en la provincia de Buenos Aires, territorio en el que N\u00e9stor Grindetti (JxC) y Carolina P\u00edparo (La Libertad Avanza) buscan arrebatarle el poder al actual gobernador Axel Kicillof. En la Ciudad de Buenos Aires, se da casi por descontado que Jorge Macri ser\u00e1 el sucesor de Horacio Rodr\u00edguez Larreta en la sede de calle Uspallata.<\/p>\n<p>Por su parte, los otros tres territorios marcados en verde en el mapa corresponden a partidos provinciales. Neuqu\u00e9n estar\u00e1 en manos de Rolo Figueroa, af\u00edn a Sergio Massa; R\u00edo Negro de\u00a0Alberto Weretilneck; y Santa Cruz del sindicalista Claudio Vidal (SER).<\/p>\n<p>Con este panorama,\u00a0Patricia Bullrich\u00a0tom\u00f3 envi\u00f3n para las presidenciales del pr\u00f3ximo 22 de octubre, donde busca palo a palo ingresar al balotaje e ir a un mano a mano, seg\u00fan los resultados de las PASO, con Javier Milei.<\/p>\n<h6>FUente: MDZ<\/h6>\n","protected":false},"excerpt":{"rendered":"<p>Juntos por el Cambio celebr\u00f3 un nuevo triunfo este domingo y de esta manera marc\u00f3 de amarillo una nueva provincia. El espacio encabezado a nivel nacional por Patricia Bullrich busca capitalizar estas victorias en la previa del 22 de octubre.<\/p>\n","protected":false},"author":2,"featured_media":140144,"comment_status":"closed","ping_status":"closed","sticky":false,"template":"","format":"standard","meta":{"footnotes":""},"categories":[4],"tags":[31],"class_list":["post-140143","post","type-post","status-publish","format-standard","has-post-thumbnail","hentry","category-informe-politico","tag-mendoza"],"_links":{"self":[{"href":"http:\/\/argentinamunicipal.com.ar\/argentina\/wp-json\/wp\/v2\/posts\/140143","targetHints":{"allow":["GET"]}}],"collection":[{"href":"http:\/\/argentinamunicipal.com.ar\/argentina\/wp-json\/wp\/v2\/posts"}],"about":[{"href":"http:\/\/argentinamunicipal.com.ar\/argentina\/wp-json\/wp\/v2\/types\/post"}],"author":[{"embeddable":true,"href":"http:\/\/argentinamunicipal.com.ar\/argentina\/wp-json\/wp\/v2\/users\/2"}],"replies":[{"embeddable":true,"href":"http:\/\/argentinamunicipal.com.ar\/argentina\/wp-json\/wp\/v2\/comments?post=140143"}],"version-history":[{"count":0,"href":"http:\/\/argentinamunicipal.com.ar\/argentina\/wp-json\/wp\/v2\/posts\/140143\/revisions"}],"wp:featuredmedia":[{"embeddable":true,"href":"http:\/\/argentinamunicipal.com.ar\/argentina\/wp-json\/wp\/v2\/media\/140144"}],"wp:attachment":[{"href":"http:\/\/argentinamunicipal.com.ar\/argentina\/wp-json\/wp\/v2\/media?parent=140143"}],"wp:term":[{"taxonomy":"category","embeddable":true,"href":"http:\/\/argentinamunicipal.com.ar\/argentina\/wp-json\/wp\/v2\/categories?post=140143"},{"taxonomy":"post_tag","embeddable":true,"href":"http:\/\/argentinamunicipal.com.ar\/argentina\/wp-json\/wp\/v2\/tags?post=140143"}],"curies":[{"name":"wp","href":"https:\/\/api.w.org\/{rel}","templated":true}]}}