{"id":140323,"date":"2023-09-28T05:25:30","date_gmt":"2023-09-28T08:25:30","guid":{"rendered":"http:\/\/argentinamunicipal.com.ar\/argentina\/?p=140323"},"modified":"2023-09-27T19:27:36","modified_gmt":"2023-09-27T22:27:36","slug":"en-santa-rosa-destefanis-valido-el-acompanamiento-de-sus-vecinos-con-la-victoria-del-pj","status":"publish","type":"post","link":"http:\/\/argentinamunicipal.com.ar\/argentina\/en-santa-rosa-destefanis-valido-el-acompanamiento-de-sus-vecinos-con-la-victoria-del-pj\/","title":{"rendered":"En Santa Rosa, Dest\u00e9fanis valid\u00f3 el acompa\u00f1amiento de sus vecinos con la victoria del PJ"},"content":{"rendered":"<p>La intendenta de Santa Rosa, Flor Dest\u00e9fanis, volvi\u00f3 a confirmar en su departamento su liderazgo pol\u00edtico.<\/p>\n<p>Pese a que la\u00a0figura de la intendente no estaba sometida a an\u00e1lisis por los vecinos debido a que ya fue reelecta hace unas semanas por amplio margen,\u00a0nuevamente volvi\u00f3 a conducir al Partido Justicialista hacia la victoria en su territorio\u00a0en estas elecciones provinciales.<\/p>\n<p>As\u00ed el Frente Eleg\u00ed obtuvo el 34,29 % de los votos, superando a Cambia Mendoza, que logr\u00f3 el 28,80 % y a la Uni\u00f3n Mendocina, que consigui\u00f3 el 22,40%.<\/p>\n<p>Dest\u00e9fanis, m\u00e1s all\u00e1 de no tener nada en juego, particip\u00f3 activamente en la campa\u00f1a provincial y acompa\u00f1\u00f3 a varios candidatos de su partido en diferentes departamentos.<\/p>\n<p>En su rol de presidenta del PJ, sigui\u00f3 mostrando liderazgo y, desde su condici\u00f3n de mujer joven, indirectamente dej\u00f3 en evidencia la necesidad de renovaci\u00f3n de la dirigencia pol\u00edtica de la provincia.<\/p>\n<p>M\u00e1s all\u00e1 de que es un a\u00f1o muy complejo para una campa\u00f1a pol\u00edtica, Flor Dest\u00e9fanis\u00a0valid\u00f3 su gesti\u00f3n y la importancia que tiene para los vecinos que sus dirigentes tengan un proyecto claro y transparente,\u00a0que atienda las necesidades de los habitantes del territorio.<\/p>\n<p>Este panorama actual vuelve a subrayar la gran proyecci\u00f3n pol\u00edtica que tiene la intendenta santarrosina, que\u00a0en poco tiempo logr\u00f3 posicionarse en el escenario pol\u00edtico provincial y hasta nacional\u00a0ya que en varias oportunidades ha sido invitada a disertar en encuentros nacionales sobre algunos aciertos de su gobierno municipal que se pueden replicar en el pa\u00eds, por ejemplo la puesta en funcionamiento del parque industrial.<\/p>\n<p><strong>Palito para el gobernador electo<\/strong><br \/>\nNi bien se conocieron los resultados de las elecciones del pasado domingo, Dest\u00e9fanis en sus redes felicit\u00f3 a Alfredo Cornejo, gobernador electo y lo invit\u00f3 a contemplar su departamento en las proyecciones de su gobierno : \u201cQuiero felicitar a Cornejo que ser\u00e1 el pr\u00f3ximo gobernador de la provincia. Deseo que los vecinos y vecinas de Santa Rosa est\u00e9n consideradas en su proyecci\u00f3n de provincia. Dijo la Intendenta.<\/p>\n<h6>Fuente: MDZ<\/h6>\n","protected":false},"excerpt":{"rendered":"<p>La intendenta de Santa Rosa, Flor Dest\u00e9fanis, volvi\u00f3 a confirmar en su departamento su liderazgo pol\u00edtico.<\/p>\n","protected":false},"author":2,"featured_media":140324,"comment_status":"closed","ping_status":"closed","sticky":false,"template":"","format":"standard","meta":{"footnotes":""},"categories":[4],"tags":[31],"class_list":["post-140323","post","type-post","status-publish","format-standard","has-post-thumbnail","hentry","category-informe-politico","tag-mendoza"],"_links":{"self":[{"href":"http:\/\/argentinamunicipal.com.ar\/argentina\/wp-json\/wp\/v2\/posts\/140323","targetHints":{"allow":["GET"]}}],"collection":[{"href":"http:\/\/argentinamunicipal.com.ar\/argentina\/wp-json\/wp\/v2\/posts"}],"about":[{"href":"http:\/\/argentinamunicipal.com.ar\/argentina\/wp-json\/wp\/v2\/types\/post"}],"author":[{"embeddable":true,"href":"http:\/\/argentinamunicipal.com.ar\/argentina\/wp-json\/wp\/v2\/users\/2"}],"replies":[{"embeddable":true,"href":"http:\/\/argentinamunicipal.com.ar\/argentina\/wp-json\/wp\/v2\/comments?post=140323"}],"version-history":[{"count":0,"href":"http:\/\/argentinamunicipal.com.ar\/argentina\/wp-json\/wp\/v2\/posts\/140323\/revisions"}],"wp:featuredmedia":[{"embeddable":true,"href":"http:\/\/argentinamunicipal.com.ar\/argentina\/wp-json\/wp\/v2\/media\/140324"}],"wp:attachment":[{"href":"http:\/\/argentinamunicipal.com.ar\/argentina\/wp-json\/wp\/v2\/media?parent=140323"}],"wp:term":[{"taxonomy":"category","embeddable":true,"href":"http:\/\/argentinamunicipal.com.ar\/argentina\/wp-json\/wp\/v2\/categories?post=140323"},{"taxonomy":"post_tag","embeddable":true,"href":"http:\/\/argentinamunicipal.com.ar\/argentina\/wp-json\/wp\/v2\/tags?post=140323"}],"curies":[{"name":"wp","href":"https:\/\/api.w.org\/{rel}","templated":true}]}}