{"id":140545,"date":"2023-10-05T06:11:17","date_gmt":"2023-10-05T09:11:17","guid":{"rendered":"http:\/\/argentinamunicipal.com.ar\/argentina\/?p=140545"},"modified":"2023-10-05T06:11:17","modified_gmt":"2023-10-05T09:11:17","slug":"el-nuevo-cortocircuito-entre-mendoza-y-nacion-por-subsidios-al-transporte","status":"publish","type":"post","link":"http:\/\/argentinamunicipal.com.ar\/argentina\/el-nuevo-cortocircuito-entre-mendoza-y-nacion-por-subsidios-al-transporte\/","title":{"rendered":"El nuevo cortocircuito entre Mendoza y Naci\u00f3n por subsidios al transporte"},"content":{"rendered":"<p>El Ministerio de Transporte inform\u00f3 que no env\u00eda recursos a Mendoza para subsidiar el servicio por un incumplimiento de la provincia y la Secretar\u00eda de Servicios P\u00fablicos dio una dura respuesta.<\/p>\n<p>El Gobierno de Mendoza mantiene un conflicto abierto con el Ejecutivo nacional que tiene frenado el env\u00edo de fondos nacionales para el servicio de transporte provincial. Desde el Ministerio de Transporte de la Naci\u00f3n informaron que no se han girado los recursos debido a que la provincia no ha presentado una documentaci\u00f3n requerida por la Comisi\u00f3n Nacional de Regulaci\u00f3n del Transporte (CNRT). No obstante, desde la Secretar\u00eda de Servicios P\u00fablicos advirtieron que el motivo esgrimido por las autoridades nacionales es una \u201cexcusa\u201d y que Mendoza es la \u00fanica provincia que no recibe estos fondos.<\/p>\n<p>Este nuevo cortocircuito entre las gestiones de Rodolfo Suarez y Alberto Fern\u00e1ndez est\u00e1 relacionado a los fondos que el Gobierno nacional debe girar a las provincias correspondientes al\u00a0Fondo Compensador del Transporte, que consiste en un subsidio al transporte p\u00fablico de pasajeros en el interior del pa\u00eds.<\/p>\n<p>Desde hace mucho tiempo Mendoza viene reclamando por el recorte de fondos nacionales vinculados al transporte y ha resaltado en varias oportunidades que la participaci\u00f3n de la provincia en los subsidios ha crecido exponencialmente.<\/p>\n<p>En las \u00faltimas horas el Ministerio de Transporte difundi\u00f3 un comunicado atribuyendo la retenci\u00f3n de esos recursos a la falta de presentaci\u00f3n de documentaci\u00f3n y rendiciones por parte de la provincia.<\/p>\n<p>\u201cPara que la provincia de Mendoza pueda recibir la asistencia econ\u00f3mica del Fondo Compensador proveniente de Naci\u00f3n deber\u00e1 regularizar la documentaci\u00f3n y los informes requeridos por la CNRT y que tienen como objetivo brindar transparencia al mecanismo de distribuci\u00f3n de los recursos\u201d, expresaron desde el organismo nacional en el mensaje.<\/p>\n<p>Remarcaron que el Ejecutivo nacional asiste econ\u00f3micamente a trav\u00e9s del Fondo Compensador a las provincias y que para recibir los fondos, los gobiernos locales deben presentar documentaci\u00f3n e informes de las empresas, veh\u00edculos, y sobretodo las rendiciones econ\u00f3micas de c\u00f3mo se distribuyeron esos fondos.<\/p>\n<p>Asimismo, indicaron que el Ministerio de Transporte se encuentra al d\u00eda con las transferencias a las provincias \u201cque presentaron en tiempo y forma la informaci\u00f3n correspondiente\u201d. Destacaron tambi\u00e9n que en 2023\u00a0 las jurisdicciones del interior recibir\u00e1n en total 85 mil millones de pesos, m\u00e1s una ampliaci\u00f3n de 11 mil millones de pesos, llegando a los 96 mil millones de pesos.<\/p>\n<p>Sin embargo, desde el Gobierno de Mendoza calificaron de falsas las afirmaciones difundidas por la Naci\u00f3n. \u201cEs totalmente falso\u201d, manifestaron desde la Secretar\u00eda de Servicios P\u00fablicos y se\u00f1alaron que la provincia mantiene un litigio en sede administrativa respecto a este conflicto.<\/p>\n<p>\u201cHan cambiado las resoluciones todos los meses y a la \u00fanica provincia que no le transfieren plata es a Mendoza, cuando much\u00edsimas provincias no han complementado la documentaci\u00f3n requerida\u201d, explic\u00f3 el secretario de Servicios P\u00fablicos,\u00a0Natalio Mema.<\/p>\n<p>Hizo hincapi\u00e9 en que Mendoza tiene el sistema SUBE y que desde ah\u00ed se carga toda la informaci\u00f3n requerida al sistema nacional. \u201cNos piden que se cargue tres veces de manera distinta. Por lo tanto, eso es una excusa, nosotros lo hemos recurrido en cada una de las instancias y es la excusa que han utilizado para no mandarnos plata, somos la \u00fanica provincia del pa\u00eds perjudicada\u201d, expres\u00f3 el funcionario.<\/p>\n<p>Resalt\u00f3 que luego del AMBA, el Gran Mendoza es la zona m\u00e1s grande del pa\u00eds con SUBE. \u201cPor dos o tres formularios que supuestamente seg\u00fan ellos tienen errores, no mandan la plata de toda la provincia, cuando al resto, cuando le han observado alg\u00fan formulario, les pagan parcialmente. Nosotros hemos pedido el pago parcial, no nos lo permiten y tampoco nos indican cu\u00e1l es el formulario que tiene el inconveniente, por lo tanto estamos hoy litigando en el fuero administrativo con la Naci\u00f3n por este asunto\u201d, concluy\u00f3 Mema.<\/p>\n<h6>Fuente: MDZ<\/h6>\n","protected":false},"excerpt":{"rendered":"<p>El Ministerio de Transporte inform\u00f3 que no env\u00eda recursos a Mendoza para subsidiar el servicio por un incumplimiento de la provincia y la Secretar\u00eda de Servicios P\u00fablicos dio una dura respuesta.<\/p>\n","protected":false},"author":2,"featured_media":140546,"comment_status":"closed","ping_status":"closed","sticky":false,"template":"","format":"standard","meta":{"footnotes":""},"categories":[4],"tags":[31],"class_list":["post-140545","post","type-post","status-publish","format-standard","has-post-thumbnail","hentry","category-informe-politico","tag-mendoza"],"_links":{"self":[{"href":"http:\/\/argentinamunicipal.com.ar\/argentina\/wp-json\/wp\/v2\/posts\/140545","targetHints":{"allow":["GET"]}}],"collection":[{"href":"http:\/\/argentinamunicipal.com.ar\/argentina\/wp-json\/wp\/v2\/posts"}],"about":[{"href":"http:\/\/argentinamunicipal.com.ar\/argentina\/wp-json\/wp\/v2\/types\/post"}],"author":[{"embeddable":true,"href":"http:\/\/argentinamunicipal.com.ar\/argentina\/wp-json\/wp\/v2\/users\/2"}],"replies":[{"embeddable":true,"href":"http:\/\/argentinamunicipal.com.ar\/argentina\/wp-json\/wp\/v2\/comments?post=140545"}],"version-history":[{"count":0,"href":"http:\/\/argentinamunicipal.com.ar\/argentina\/wp-json\/wp\/v2\/posts\/140545\/revisions"}],"wp:featuredmedia":[{"embeddable":true,"href":"http:\/\/argentinamunicipal.com.ar\/argentina\/wp-json\/wp\/v2\/media\/140546"}],"wp:attachment":[{"href":"http:\/\/argentinamunicipal.com.ar\/argentina\/wp-json\/wp\/v2\/media?parent=140545"}],"wp:term":[{"taxonomy":"category","embeddable":true,"href":"http:\/\/argentinamunicipal.com.ar\/argentina\/wp-json\/wp\/v2\/categories?post=140545"},{"taxonomy":"post_tag","embeddable":true,"href":"http:\/\/argentinamunicipal.com.ar\/argentina\/wp-json\/wp\/v2\/tags?post=140545"}],"curies":[{"name":"wp","href":"https:\/\/api.w.org\/{rel}","templated":true}]}}