{"id":1413,"date":"2014-02-18T18:08:22","date_gmt":"2014-02-18T21:08:22","guid":{"rendered":"http:\/\/argentinamunicipal.com.ar\/argentina\/?p=1413"},"modified":"2014-02-18T18:08:22","modified_gmt":"2014-02-18T21:08:22","slug":"proveedores-locales-de-parana-tambien-se-suman-al-cuidado-de-precios","status":"publish","type":"post","link":"http:\/\/argentinamunicipal.com.ar\/argentina\/proveedores-locales-de-parana-tambien-se-suman-al-cuidado-de-precios\/","title":{"rendered":"Proveedores locales de Paran\u00e1 tambi\u00e9n se suman al cuidado de precios"},"content":{"rendered":"<div id=\"attachment_1414\" style=\"width: 650px\" class=\"wp-caption aligncenter\"><a href=\"http:\/\/argentinamunicipal.com.ar\/argentina\/wp-content\/uploads\/2014\/02\/o_1392690547.jpg\"><img loading=\"lazy\" decoding=\"async\" aria-describedby=\"caption-attachment-1414\" class=\"size-full wp-image-1414\" alt=\"Los proveedores expresaron su voluntad de conformar una lista de precios para peque\u00f1os comercios que se mantengan en el tiempo. \" src=\"http:\/\/argentinamunicipal.com.ar\/argentina\/wp-content\/uploads\/2014\/02\/o_1392690547.jpg\" width=\"640\" height=\"360\" srcset=\"http:\/\/argentinamunicipal.com.ar\/argentina\/wp-content\/uploads\/2014\/02\/o_1392690547.jpg 640w, http:\/\/argentinamunicipal.com.ar\/argentina\/wp-content\/uploads\/2014\/02\/o_1392690547-300x168.jpg 300w\" sizes=\"auto, (max-width: 640px) 100vw, 640px\" \/><\/a><p id=\"caption-attachment-1414\" class=\"wp-caption-text\">Los proveedores expresaron su voluntad de conformar una lista de precios para peque\u00f1os comercios que se mantengan en el tiempo.<\/p><\/div>\n<p>En la continuidad de los encuentros que el gobierno viene sosteniendo con actores que involucran a la comercializaci\u00f3n de productos de la canasta familiar, ayer la intendenta Blanca Osuna y funcionarios del municipio se reunieron con proveedores paranaenses. Se acord\u00f3 conformar una lista de precios para peque\u00f1os comercios locales.<\/p>\n<p>La intendenta Osuna, junto a integrantes de las \u00e1reas de Producci\u00f3n, Defensa del Consumidor y Hacienda de la comuna, presidi\u00f3 ayer una nueva reuni\u00f3n en el marco de las acciones en torno de la pol\u00edtica de precios cuidados.<\/p>\n<p>Esta vez la convocatoria estuvo dirigida a proveedores con la intenci\u00f3n de acordar un listado de productos a precios accesibles, preferentemente de la canasta familiar, para que sean incorporados a peque\u00f1as cadenas de supermercados, mercados y autoservicios locales, como una alternativa m\u00e1s a la que mantienen las grandes cadenas que concretaron el acuerdo nacional.<\/p>\n<p>La intendenta agradeci\u00f3 la buena predisposici\u00f3n de los asistentes y dijo que para llevar adelante la iniciativa son necesarias la solidaridad y la comprensi\u00f3n \u201cpara generar alternativas locales que nos permitan llegar a un acuerdo en beneficio del bien com\u00fan\u201d.<\/p>\n<p>En la ocasi\u00f3n se estableci\u00f3 seguir manteniendo reuniones de trabajo que permitan avanzar en la confecci\u00f3n de un listado de productos a precios razonables y por un determinado tiempo \u201cde modo de cuidar el bolsillo en todos los hogares\u201d, manifest\u00f3 la intendenta y agreg\u00f3: \u201cQueremos avanzar en un acuerdo de buena voluntad con un compromiso de promover un listado de productos y de locales comerciales adheridos\u201d.<\/p>\n<p>Presentes<\/p>\n<p>De la reuni\u00f3n, participaron el secretario de Producci\u00f3n, Innovaci\u00f3n y Empleo de la comuna, Pablo Chapado, y miembros de su equipo de trabajo y del \u00e1rea de Defensa del Consumidor. En tanto por las firmas distribuidoras estuvieron Horacio Barzola (Perlestein Distribucines SA); Marcelo Della Schiava (Distribuidora Della Schiava); Pedro Aguilar (Fideos El Rival); Pablo Chiapino y Mar\u00eda Angelino (Refrigerados del Paran\u00e1); Fernando Ure\u00f1a (Diarco); Gabriel Gotte (Distribuidora Gotte); Lucrecia Mar\u00eda (Cotapa); Ernesto Muller (Muller y Muller SRL) y Julio Galuccio (El Sembrador SRL).<\/p>\n<p>Alternativas locales<\/p>\n<p>Pablo Chapado resalt\u00f3 la \u201cexcelente\u201d respuesta a la convocatoria de los proveedores y apunt\u00f3: \u201cEsto muestra una actitud activa en relaci\u00f3n a la incidencia de precios en las cadenas locales, ya que las nacionales fueron incluidas en el Programa Precios Cuidados\u201d.<\/p>\n<p>El funcionario record\u00f3 el encuentro que mantuvieron la semana anterior con propietarios de minimercados, donde surgi\u00f3 la posibilidad de esta nueva reuni\u00f3n con los proveedores.<\/p>\n<p>En la oportunidad qued\u00f3 formalizado el compromiso de continuar avanzando en un trabajo conjunto en relaci\u00f3n al listado que los proveedores pueden incorporar para ofrecer una canasta integrada por productos comprendidos en el programa Precios Cuidados, pero tambi\u00e9n propios de la ciudad de Paran\u00e1.<\/p>\n<p>El representante de la distribuidora Della Schiava, Marcelo Della Schiava, manifest\u00f3: \u201cHemos respondido a una invitaci\u00f3n de la intendenta y la idea es poder colaborar para tener los precios controlados en toda la cadena de supermercados, autoservicios y despensas. Nosotros, como distribuidores de la zona, podemos contribuir en esta idea y aportar a la confecci\u00f3n de un listado de productos por un tiempo determinado para tener un precio estable en las cadenas chicas\u201d.<\/p>\n<p>Luego indic\u00f3: \u201c\u00c9ste es nuestro aporte y vamos a transmitirlo a todas las empresas que nos proveen porque no s\u00f3lo depende de nosotros. Nuestros m\u00e1rgenes son peque\u00f1os pero la voluntad est\u00e1 y en breve vamos a elaborar ese listado de productos que nos permita mantener esos precios en autoservicios y cadenas peque\u00f1as\u201d.<\/p>\n<h6>Fuente: El Diario<\/h6>\n","protected":false},"excerpt":{"rendered":"<p>En la continuidad de los encuentros que el gobierno viene sosteniendo con actores que involucran a la comercializaci\u00f3n de productos de la canasta familiar, ayer la intendenta Blanca Osuna y funcionarios del municipio se reunieron con proveedores paranaenses. Se acord\u00f3 conformar una lista de precios para peque\u00f1os comercios locales. La intendenta Osuna, junto a integrantes<\/p>\n","protected":false},"author":1,"featured_media":1414,"comment_status":"closed","ping_status":"closed","sticky":false,"template":"","format":"standard","meta":{"footnotes":""},"categories":[2],"tags":[17],"class_list":["post-1413","post","type-post","status-publish","format-standard","has-post-thumbnail","hentry","category-informe-municipal","tag-entre-rios"],"_links":{"self":[{"href":"http:\/\/argentinamunicipal.com.ar\/argentina\/wp-json\/wp\/v2\/posts\/1413","targetHints":{"allow":["GET"]}}],"collection":[{"href":"http:\/\/argentinamunicipal.com.ar\/argentina\/wp-json\/wp\/v2\/posts"}],"about":[{"href":"http:\/\/argentinamunicipal.com.ar\/argentina\/wp-json\/wp\/v2\/types\/post"}],"author":[{"embeddable":true,"href":"http:\/\/argentinamunicipal.com.ar\/argentina\/wp-json\/wp\/v2\/users\/1"}],"replies":[{"embeddable":true,"href":"http:\/\/argentinamunicipal.com.ar\/argentina\/wp-json\/wp\/v2\/comments?post=1413"}],"version-history":[{"count":0,"href":"http:\/\/argentinamunicipal.com.ar\/argentina\/wp-json\/wp\/v2\/posts\/1413\/revisions"}],"wp:featuredmedia":[{"embeddable":true,"href":"http:\/\/argentinamunicipal.com.ar\/argentina\/wp-json\/wp\/v2\/media\/1414"}],"wp:attachment":[{"href":"http:\/\/argentinamunicipal.com.ar\/argentina\/wp-json\/wp\/v2\/media?parent=1413"}],"wp:term":[{"taxonomy":"category","embeddable":true,"href":"http:\/\/argentinamunicipal.com.ar\/argentina\/wp-json\/wp\/v2\/categories?post=1413"},{"taxonomy":"post_tag","embeddable":true,"href":"http:\/\/argentinamunicipal.com.ar\/argentina\/wp-json\/wp\/v2\/tags?post=1413"}],"curies":[{"name":"wp","href":"https:\/\/api.w.org\/{rel}","templated":true}]}}