{"id":141586,"date":"2023-11-14T05:34:35","date_gmt":"2023-11-14T08:34:35","guid":{"rendered":"http:\/\/argentinamunicipal.com.ar\/argentina\/?p=141586"},"modified":"2023-11-13T19:36:27","modified_gmt":"2023-11-13T22:36:27","slug":"ypf-le-corto-el-combustible-a-la-municipalidad-de-malargue-por-una-deuda-millonaria","status":"publish","type":"post","link":"http:\/\/argentinamunicipal.com.ar\/argentina\/ypf-le-corto-el-combustible-a-la-municipalidad-de-malargue-por-una-deuda-millonaria\/","title":{"rendered":"YPF le cort\u00f3 el combustible a la Municipalidad de Malarg\u00fce por una deuda millonaria"},"content":{"rendered":"<p>Si bien desde la comuna aseguran que la situaci\u00f3n se arreglar\u00e1 en breve, YPF cort\u00f3 el suministro a ra\u00edz de una deuda que rondar\u00eda los $30 millones. El lunes, el intendente Ojeda (UCR) se reunir\u00e1 con su sucesor, el justicialista Celso Jaque<\/p>\n<p>La petrolera estatal cort\u00f3 el suministro, aunque desde la comuna dicen que el lunes se regularizar\u00e1 la situaci\u00f3n.<br \/>\nYPF le cort\u00f3 el suministro de combustible a la\u00a0Municipalidad de Malarg\u00fce\u00a0por una deuda que rondar\u00eda los $30 millones. El dato preocupa al intendente electo,\u00a0Celso Jaque (PJ), quien asegur\u00f3 a\u00a0Diario UNO\u00a0que el lunes tiene agendada una reuni\u00f3n con el actual jefe comunal,\u00a0Juan Manuel Ojeda (UCR), para coordinar la transici\u00f3n.<br \/>\nJaque fue cauto respecto al monto de la deuda con la petrolera estatal, pero admiti\u00f3 que tiene expectativas sobre el encuentro con el radical. \u00abMe gustar\u00eda conocer en detalle\u00a0cu\u00e1l es la situaci\u00f3n de la planta de personal en el municipio, las deudas y el estado financiero con el que nos vamos a enfrentar al asumir en diciembre\u00bb, cont\u00f3 el exgobernador.<\/p>\n<p>Entre los asuntos que han generado discusi\u00f3n en los \u00faltimos meses est\u00e1 la\u00a0utilizaci\u00f3n que hace el municipio de terrenos en zonas como Ca\u00f1ada Colorada y Colonia H\u00edpica. Habr\u00e1 que ver el grado de entendimiento que alcanzan con Ojeda sobre esos y otros puntos.<\/p>\n<p><strong>En el municipio aseguraron que el lunes le pagar\u00e1n a YPF<\/strong><br \/>\nEl propio Ojeda reconoci\u00f3 la deuda con la petrolera, aunque asegur\u00f3 que\u00a0no est\u00e1 en riesgo ning\u00fan servicio esencial.<\/p>\n<p>\u201cSi hubiese sido necesario, se compraba combustible directamente.\u00a0Pero nunca hubo afectaci\u00f3n. YPF cort\u00f3 el suministro el mi\u00e9rcoles a partir de las 12\u201d, confirm\u00f3 Ojeda a colegas de\u00a0FM Vi\u00f1as.<\/p>\n<p>El argumento desde la comuna es que hubo un retraso en el dep\u00f3sito de la coparticipaci\u00f3n provincial, y que eso afect\u00f3 la liquidez. \u00ab\u00daltimamente se est\u00e1 retrasando m\u00e1s de lo habitual\u00bb, admiti\u00f3 Ojeda.<\/p>\n<p>Las demoras en los pagos no son novedad. Se ven\u00edan repitiendo -hubo otro corte en julio-, y eso hizo que YPF concretara el corte.<\/p>\n<p>Sin embargo, el contador de la municipalidad, Pablo Cuello, anticip\u00f3 que \u00abel lunes estar\u00e1 cancelada la deuda\u00bb. \u00abNosotros ya ten\u00edamos previsto el pago, pero hubo una demora respecto al arqueo de caja\u00bb, argument\u00f3.<\/p>\n<h6>Fuente: Uno<\/h6>\n","protected":false},"excerpt":{"rendered":"<p>Si bien desde la comuna aseguran que la situaci\u00f3n se arreglar\u00e1 en breve, YPF cort\u00f3 el suministro a ra\u00edz de una deuda que rondar\u00eda los $30 millones. El lunes, el intendente Ojeda (UCR) se reunir\u00e1 con su sucesor, el justicialista Celso Jaque<\/p>\n","protected":false},"author":2,"featured_media":141587,"comment_status":"closed","ping_status":"closed","sticky":false,"template":"","format":"standard","meta":{"footnotes":""},"categories":[2],"tags":[31],"class_list":["post-141586","post","type-post","status-publish","format-standard","has-post-thumbnail","hentry","category-informe-municipal","tag-mendoza"],"_links":{"self":[{"href":"http:\/\/argentinamunicipal.com.ar\/argentina\/wp-json\/wp\/v2\/posts\/141586","targetHints":{"allow":["GET"]}}],"collection":[{"href":"http:\/\/argentinamunicipal.com.ar\/argentina\/wp-json\/wp\/v2\/posts"}],"about":[{"href":"http:\/\/argentinamunicipal.com.ar\/argentina\/wp-json\/wp\/v2\/types\/post"}],"author":[{"embeddable":true,"href":"http:\/\/argentinamunicipal.com.ar\/argentina\/wp-json\/wp\/v2\/users\/2"}],"replies":[{"embeddable":true,"href":"http:\/\/argentinamunicipal.com.ar\/argentina\/wp-json\/wp\/v2\/comments?post=141586"}],"version-history":[{"count":0,"href":"http:\/\/argentinamunicipal.com.ar\/argentina\/wp-json\/wp\/v2\/posts\/141586\/revisions"}],"wp:featuredmedia":[{"embeddable":true,"href":"http:\/\/argentinamunicipal.com.ar\/argentina\/wp-json\/wp\/v2\/media\/141587"}],"wp:attachment":[{"href":"http:\/\/argentinamunicipal.com.ar\/argentina\/wp-json\/wp\/v2\/media?parent=141586"}],"wp:term":[{"taxonomy":"category","embeddable":true,"href":"http:\/\/argentinamunicipal.com.ar\/argentina\/wp-json\/wp\/v2\/categories?post=141586"},{"taxonomy":"post_tag","embeddable":true,"href":"http:\/\/argentinamunicipal.com.ar\/argentina\/wp-json\/wp\/v2\/tags?post=141586"}],"curies":[{"name":"wp","href":"https:\/\/api.w.org\/{rel}","templated":true}]}}