{"id":141608,"date":"2023-11-14T06:10:13","date_gmt":"2023-11-14T09:10:13","guid":{"rendered":"http:\/\/argentinamunicipal.com.ar\/argentina\/?p=141608"},"modified":"2023-11-14T06:10:13","modified_gmt":"2023-11-14T09:10:13","slug":"petroleros-neuquinos-le-declaran-la-guerra-al-gobernador-de-mendoza","status":"publish","type":"post","link":"http:\/\/argentinamunicipal.com.ar\/argentina\/petroleros-neuquinos-le-declaran-la-guerra-al-gobernador-de-mendoza\/","title":{"rendered":"Petroleros neuquinos le declaran la guerra al gobernador de Mendoza"},"content":{"rendered":"<p>Rodolfo Su\u00e1rez se present\u00f3 a la Corte Suprema para reinstalar el Impuesto a las Ganancias y bajar la devoluci\u00f3n del IVA. \u00abAl Robin Hood mendocino s\u00f3lo le importa su bolsillo\u00bb, dijeron.<\/p>\n<p>Los petroleros neuquinos rechazaron de plano la decisi\u00f3n del gobernador de Mendoza, el radical Rodolfo Su\u00e1rez, de suspender la devoluci\u00f3n del IVA y reinstalar el Impuesto a las Ganancias. El conflicto se da a una semana del balotaje entre Sergio Massa y Javier Milei, y tens\u00f3 la cuerda en Vaca Muerta.<\/p>\n<p>Su\u00e1rez ya hab\u00eda adelantado en su momento que iba a presentar un recurso de nulidad ante la Suprema Corte de Justicia de la Naci\u00f3n, y as\u00ed lo hizo el pasado viernes,\u00a0con una presentaci\u00f3n formal para bajar el decreto 473\/2023\u00a0y la ley, por considerarla \u201cinconstitucional.\u201d.<\/p>\n<p>La reacci\u00f3n no tard\u00f3 en llegar, de todos los sectores, pero esta ma\u00f1ana la Confederaci\u00f3n Argentina de Trabajadores de Energ\u00eda, Derivados y Afines (Catheda), sali\u00f3 a cruzar a Su\u00e1rez, en medio de un clima de posicionamientos, de cara al balotaje.<\/p>\n<p>\u201cBajo el argumento de ser fondos\u00a0coparticipables a las provincias, Su\u00e1rez\u00a0esconde un ataque a medidas que fueron tomadas en pos del beneficio de los trabajadores. Si Mendoza necesita fondos p\u00fablicos de manera desesperada, el gobernador deber\u00eda preocuparse por administrar las enormes riquezas que genera la provincia que dirige\u201d, sostiene el comunicado de Catheda, donde en el que est\u00e1 el Sindicato de Petr\u00f3leo y Gas Privado de Neuqu\u00e9n, R\u00edo Negro y La Pampa, que conduce Marcelo Rucci.<\/p>\n<p>Desde la organizaci\u00f3n que\u00a0nuclea a los petroleros a nivel nacional le apuntaron a Su\u00e1rez\u00a0por la decisi\u00f3n, en plena campa\u00f1a electoral. \u00abAl Robin Hood mendocino s\u00f3lo le importa su bolsillo\u00bb, dijeron.<\/p>\n<p>\u201cEs inaceptable bajo todo punto de vista que se pretenda manotear los bolsillos de los trabajadores, la clase m\u00e1s golpeada por las sucesivas crisis econ\u00f3micas del pa\u00eds. Est\u00e1 claro que la pretensi\u00f3n de Su\u00e1rez se enmarca en una disputa pol\u00edtica cuyo \u00fanico fin es confrontar con el candidato de Uni\u00f3n por la Patria\u201d, indicaron.<\/p>\n<p><strong>Petroleros, con Sergio Massa<\/strong><br \/>\nM\u00e1s all\u00e1 del debate que abri\u00f3 el gobernador de Mendoza con la decisi\u00f3n de ir a la Corte para bajar el decreto de Ganancias, que fue firmado por el mismo Massa, la organizaci\u00f3n de gremios petroleros no ocult\u00f3 el apoyo pol\u00edtico para el 19 de noviembre hacia el ministro de Econom\u00eda.<\/p>\n<p>\u00abSi Mendoza necesita fondos p\u00fablicos de manera desesperada, el gobernador deber\u00eda preocuparse por administrar las enormes riquezas que genera la provincia que dirige\u201d, sostuvieron desde Catheda.<\/p>\n<p>\u201cA la luz de la realidad, Sergio Massa fue el \u00fanico de dos candidatos presidenciales que mostr\u00f3 un plan de inclusi\u00f3n, producci\u00f3n y desarrollo en beneficio de los compa\u00f1eros y compa\u00f1eras que d\u00eda a d\u00eda dan todo su esfuerzo para mantener al pa\u00eds en movimiento. No vamos a permitir de ninguna manera que esquilmen a los que menos tienen\u201d, concluyeron.<\/p>\n<p>Los que firmaron el comunicado fueron: Asociaci\u00f3n del Personal Superior Profesionales T\u00e9cnicos de Yacimientos Carbon\u00edferos Fiscales \u2013 APS; Federaci\u00f3n del Interior de Trabajadores de Estaciones de Servicio, Garages, Playas, Lubricentros y Agroservicios. (FITESGRA); Federaci\u00f3n Argentina de Trabajadores de Luz y Fuerza (FATLYF); Federaci\u00f3n de Sindicatos Unidos Petroleros e Hidrocarbur\u00edferos (SUPEH); Federaci\u00f3n de Trabajadores de la Industria del Gas Natural de la Rep\u00fablica Argentina (FETIGNRA); Federaci\u00f3n de Trabajadores de la Industria Qu\u00edmica u Petroqu\u00edmica (FATIQyP); Federaci\u00f3n Nacional de Trabajadores Camioneros y Obreros del Transporte Automotor de Cargas (FEDCAM); Sindicato del Personal Jer\u00e1rquico y Profesionales del Petr\u00f3leo y Gas Privado de Neuqu\u00e9n, R\u00edo Negro y La Pampa (SPJ); Sindicato de Petr\u00f3leo y Gas Privado de R\u00edo Negro, Neuqu\u00e9n y La Pampa; Sindicato del Gran Buenos Aires de Trabajadores de Obras Sanitarias (SGBATOS); Uni\u00f3n del Personal Superior del Gas; Uni\u00f3n Ferroviaria (UF) y el Sindicato del Personal Jer\u00e1rquico y Profesional del Petr\u00f3leo y Gas Privado de Neuqu\u00e9n, R\u00edo Negro y La Pampa.<\/p>\n<h6>Fuente: La Ma\u00f1ana Neuqu\u00e9n<\/h6>\n","protected":false},"excerpt":{"rendered":"<p>Rodolfo Su\u00e1rez se present\u00f3 a la Corte Suprema para reinstalar el Impuesto a las Ganancias y bajar la devoluci\u00f3n del IVA. \u00abAl Robin Hood mendocino s\u00f3lo le importa su bolsillo\u00bb, dijeron.<\/p>\n","protected":false},"author":2,"featured_media":141609,"comment_status":"closed","ping_status":"closed","sticky":false,"template":"","format":"standard","meta":{"footnotes":""},"categories":[4],"tags":[31,23],"class_list":["post-141608","post","type-post","status-publish","format-standard","has-post-thumbnail","hentry","category-informe-politico","tag-mendoza","tag-neuquen"],"_links":{"self":[{"href":"http:\/\/argentinamunicipal.com.ar\/argentina\/wp-json\/wp\/v2\/posts\/141608","targetHints":{"allow":["GET"]}}],"collection":[{"href":"http:\/\/argentinamunicipal.com.ar\/argentina\/wp-json\/wp\/v2\/posts"}],"about":[{"href":"http:\/\/argentinamunicipal.com.ar\/argentina\/wp-json\/wp\/v2\/types\/post"}],"author":[{"embeddable":true,"href":"http:\/\/argentinamunicipal.com.ar\/argentina\/wp-json\/wp\/v2\/users\/2"}],"replies":[{"embeddable":true,"href":"http:\/\/argentinamunicipal.com.ar\/argentina\/wp-json\/wp\/v2\/comments?post=141608"}],"version-history":[{"count":0,"href":"http:\/\/argentinamunicipal.com.ar\/argentina\/wp-json\/wp\/v2\/posts\/141608\/revisions"}],"wp:featuredmedia":[{"embeddable":true,"href":"http:\/\/argentinamunicipal.com.ar\/argentina\/wp-json\/wp\/v2\/media\/141609"}],"wp:attachment":[{"href":"http:\/\/argentinamunicipal.com.ar\/argentina\/wp-json\/wp\/v2\/media?parent=141608"}],"wp:term":[{"taxonomy":"category","embeddable":true,"href":"http:\/\/argentinamunicipal.com.ar\/argentina\/wp-json\/wp\/v2\/categories?post=141608"},{"taxonomy":"post_tag","embeddable":true,"href":"http:\/\/argentinamunicipal.com.ar\/argentina\/wp-json\/wp\/v2\/tags?post=141608"}],"curies":[{"name":"wp","href":"https:\/\/api.w.org\/{rel}","templated":true}]}}