{"id":141990,"date":"2023-11-28T05:55:49","date_gmt":"2023-11-28T08:55:49","guid":{"rendered":"http:\/\/argentinamunicipal.com.ar\/argentina\/?p=141990"},"modified":"2023-11-27T20:20:40","modified_gmt":"2023-11-27T23:20:40","slug":"en-el-gran-santa-fe-hay-casi-3-500-ranchos-y-25-082-viviendas-particulares-no-ocupadas","status":"publish","type":"post","link":"http:\/\/argentinamunicipal.com.ar\/argentina\/en-el-gran-santa-fe-hay-casi-3-500-ranchos-y-25-082-viviendas-particulares-no-ocupadas\/","title":{"rendered":"En el Gran Santa Fe hay casi 3.500 ranchos y 25.082 viviendas particulares no ocupadas"},"content":{"rendered":"<p>El dato se desprende del informe final del Censo 2022 que se dio a conocer este jueves. En el departamento La Capital hay en total 227.968 viviendas particulares y m\u00e1s del 11% se encuentran \u00abno ocupadas\u00bb<\/p>\n<p>En el departamento La Capital hay un total de 227.969 viviendas particulares, de las cuales se encuentran ocupadas 202.886. El dato se desprende del informe final del Censo 2022 publicado este martes por el Instituto Nacional de Estad\u00edsticas y Censos. En el total de viviendas particulares, en aquellas que se encuentran en alquiler residen 101.112 personas.<\/p>\n<p>El mismo, revela que hay 197.451 viviendas particulares ocupadas que son departamento o casa; y 3.436 viviendas particulares ocupadas que son ranchos o casillas. El documento, tambi\u00e9n describe que hay 25.082 viviendas particulares no ocupadas.<\/p>\n<p>De ese total de personas relevadas en el censo se desprenden indicadores que dan indicios de la calidad de vida de los santafesinos. Entre ellos figura el dato de que 419.711 santafesinos cuentan con techo con revestimiento interior o cielorraso y 475.529 cuentan con pisos con revestimiento, quedando 93.000 santafesinos sin esta infraestructura en el hogar.<\/p>\n<p>A su vez, el informe es revelador en cuanto a la poblaci\u00f3n en viviendas particulares con procedencia del agua por ca\u00f1er\u00eda dentro de la vivienda, las cuales suman un total de 534.703, quedando por fuera de esto unos 34.000 santafesinos. En cuanto a los habitantes con provisi\u00f3n de agua por red p\u00fablica (agua corriente) el n\u00famero asciende a 487.404 personas, sin contar con este servicio fundamental alrededor de 81.000 habitantes del Gran Santa Fe.<\/p>\n<p>Esto se agrava si se habla de cloacas, con solo 275.622 habitantes de la ciudad de Santa Fe y alrededores que cuentan con el servicio y 292.637 que no disponen de ello. Esto significa que m\u00e1s de la mitad no cuenta con el servicio.<\/p>\n<p>Otros n\u00fameros preocupantes que grafican la disparidad en la calidad de vida de los santafesinos es el de la poblaci\u00f3n que utiliza principalmente el gas de red para cocinar, un total de 225.815 personas que no llegan ni a la mitad de la muestra. En este sentido, las personas que utilizan para cocinar gas en garrafa ascienden a 311.740 seg\u00fan el Censo 2022.<\/p>\n<p><strong>Datos de poblaci\u00f3n<\/strong><br \/>\nLa comparaci\u00f3n con el \u00faltimo censo, que se hab\u00eda realizado en el 2010, revela que hubo un incremento del 10,75% de la poblaci\u00f3n, ya que en aquel entonces eran 3.200.736 las personas que viv\u00edan en la provincia de Santa Fe.<\/p>\n<p>Otro dato que se destaca en la comparaci\u00f3n es c\u00f3mo\u00a0ha aumentando la poblaci\u00f3n de personas mayores. La medici\u00f3n censal se divide en menores de 14 a\u00f1os, mayores de 14 y menores de 65, y mayores de 65. Este \u00faltimo grupo se increment\u00f3 desde el 2010: representaban el 11,9% de la poblaci\u00f3n (380.887 personas), y actualmente son el 13% (460.838). En contrapartida, disminuy\u00f3 -porcentualmente- la poblaci\u00f3n menor de 14 a\u00f1os, ya que en 2010 eran el 23% de la poblaci\u00f3n (736.169 personas) y actualmente representan el 21,1% (747.975). La edad promedio del habitante santafesino es de 34 a\u00f1os, siendo la provincia con m\u00e1s alta media etaria del pa\u00eds s\u00f3lo por detr\u00e1s de la Ciudad Aut\u00f3noma de Buenos Aires (Caba).<\/p>\n<p>El censo report\u00f3 que 668.689 personas reciben una jubilaci\u00f3n o pensi\u00f3n, n\u00famero que representa al 19% de la poblaci\u00f3n. Por otro lado, el 66,5% de los santafesinos cuenta con una obra social o prepaga, aunque este n\u00famero podr\u00eda haber sufrido variantes teniendo en cuenta c\u00f3mo se intensific\u00f3 la crisis econ\u00f3mica durante el \u00faltimo a\u00f1o.<\/p>\n<p>En cuanto al departamento La Capital, el censo arroj\u00f3 que hay 572.265 habitantes, 299.826 mujeres y 272.439 hombres. Se trata del segundo distrito m\u00e1s poblado del pa\u00eds, s\u00f3lo por detr\u00e1s de Rosario. Aqu\u00ed el incremento demogr\u00e1fico fue de 9,68%, de 521.759 a 572.265, levemente por detr\u00e1s de la media provincial.<\/p>\n<h6>Fuente: Uno<\/h6>\n<p>&nbsp;<\/p>\n","protected":false},"excerpt":{"rendered":"<p>El dato se desprende del informe final del Censo 2022 que se dio a conocer este jueves. En el departamento La Capital hay en total 227.968 viviendas particulares y m\u00e1s del 11% se encuentran \u00abno ocupadas\u00bb<\/p>\n","protected":false},"author":2,"featured_media":141991,"comment_status":"closed","ping_status":"closed","sticky":false,"template":"","format":"standard","meta":{"footnotes":""},"categories":[2],"tags":[10],"class_list":["post-141990","post","type-post","status-publish","format-standard","has-post-thumbnail","hentry","category-informe-municipal","tag-santa-fe"],"_links":{"self":[{"href":"http:\/\/argentinamunicipal.com.ar\/argentina\/wp-json\/wp\/v2\/posts\/141990","targetHints":{"allow":["GET"]}}],"collection":[{"href":"http:\/\/argentinamunicipal.com.ar\/argentina\/wp-json\/wp\/v2\/posts"}],"about":[{"href":"http:\/\/argentinamunicipal.com.ar\/argentina\/wp-json\/wp\/v2\/types\/post"}],"author":[{"embeddable":true,"href":"http:\/\/argentinamunicipal.com.ar\/argentina\/wp-json\/wp\/v2\/users\/2"}],"replies":[{"embeddable":true,"href":"http:\/\/argentinamunicipal.com.ar\/argentina\/wp-json\/wp\/v2\/comments?post=141990"}],"version-history":[{"count":0,"href":"http:\/\/argentinamunicipal.com.ar\/argentina\/wp-json\/wp\/v2\/posts\/141990\/revisions"}],"wp:featuredmedia":[{"embeddable":true,"href":"http:\/\/argentinamunicipal.com.ar\/argentina\/wp-json\/wp\/v2\/media\/141991"}],"wp:attachment":[{"href":"http:\/\/argentinamunicipal.com.ar\/argentina\/wp-json\/wp\/v2\/media?parent=141990"}],"wp:term":[{"taxonomy":"category","embeddable":true,"href":"http:\/\/argentinamunicipal.com.ar\/argentina\/wp-json\/wp\/v2\/categories?post=141990"},{"taxonomy":"post_tag","embeddable":true,"href":"http:\/\/argentinamunicipal.com.ar\/argentina\/wp-json\/wp\/v2\/tags?post=141990"}],"curies":[{"name":"wp","href":"https:\/\/api.w.org\/{rel}","templated":true}]}}