{"id":142007,"date":"2023-11-28T18:05:09","date_gmt":"2023-11-28T21:05:09","guid":{"rendered":"http:\/\/argentinamunicipal.com.ar\/argentina\/?p=142007"},"modified":"2023-11-28T18:05:09","modified_gmt":"2023-11-28T21:05:09","slug":"19o-edicion-de-la-fiesta-provincial-del-parque-luro","status":"publish","type":"post","link":"http:\/\/argentinamunicipal.com.ar\/argentina\/19o-edicion-de-la-fiesta-provincial-del-parque-luro\/","title":{"rendered":"19\u00ba edici\u00f3n de la Fiesta Provincial del Parque Luro"},"content":{"rendered":"<p>En conferencia de prensa se present\u00f3 una nueva edici\u00f3n de esta tradicional Fiesta que se llevar\u00e1 a cabo los d\u00edas 1, 2 y 3 de diciembre en la localidad de Ataliva Roca.<\/p>\n<p>La secretaria de Turismo de la Provincia, Adriana Romero present\u00f3 junto al intendente de la localidad de Ataliva Roca, Gustavo Barreiro y el referente de Turismo y Cultura, Tom\u00e1s Torres, este gran festival declarado de inter\u00e9s nacional que tendr\u00e1 una destacada participaci\u00f3n de artistas locales y nacionales.<br \/>\nLa funcionaria provincial inici\u00f3 el encuentro agradeciendo la presencia del intendente y se\u00f1alando que la Fiesta del Parque Luro \u00abes una celebraci\u00f3n que para la Secretar\u00eda de Turismo tiene mucho significado, estamos logrando una sinergia con el impulso que le est\u00e1 dando Ataliva Roca a los atractivos, tenemos una muy linda impronta en esa localidad tan cercana a nuestra querida Reserva Parque Luro\u201d, y agreg\u00f3 que \u201cen el a\u00f1o 2023 fue r\u00e9cord de visitantes al espect\u00e1culo de la Brama y Gustavo nos invit\u00f3 a tener m\u00e1s presencia en la Fiesta con un stand de la Reserva que contar\u00e1 con gu\u00edas e int\u00e9rpretes\u201d.<br \/>\nMientras tanto Barreiro agradeci\u00f3 la invitaci\u00f3n para promocionar esta fiesta que tiene 19 a\u00f1os de vida y al Gobierno provincial por el acompa\u00f1amiento \u201cla idea es mostr\u00e1rsela a la gente de La Pampa, jerarquizarla y hacerla crecer. La expectativa es la mejor as\u00ed que ojal\u00e1 nos acompa\u00f1e el clima y la gente, calculamos alrededor de cinco mil personas el s\u00e1bado\u201d.<br \/>\nEn este marco, Tom\u00e1s Torres agreg\u00f3 detalles del festival que se realizar\u00e1 en el anfiteatro y camping municipal con paseo de artesanos, gastronom\u00eda, cantina y desfile tradicional.<\/p>\n<h6>Fuente: apn.lapampa.gob.ar<\/h6>\n","protected":false},"excerpt":{"rendered":"<p>En conferencia de prensa se present\u00f3 una nueva edici\u00f3n de esta tradicional Fiesta que se llevar\u00e1 a cabo los d\u00edas 1, 2 y 3 de diciembre en la localidad de Ataliva Roca.<\/p>\n","protected":false},"author":2,"featured_media":142020,"comment_status":"closed","ping_status":"closed","sticky":false,"template":"","format":"standard","meta":{"footnotes":""},"categories":[47],"tags":[42],"class_list":["post-142007","post","type-post","status-publish","format-standard","has-post-thumbnail","hentry","category-fiestas","tag-la-pampa"],"_links":{"self":[{"href":"http:\/\/argentinamunicipal.com.ar\/argentina\/wp-json\/wp\/v2\/posts\/142007","targetHints":{"allow":["GET"]}}],"collection":[{"href":"http:\/\/argentinamunicipal.com.ar\/argentina\/wp-json\/wp\/v2\/posts"}],"about":[{"href":"http:\/\/argentinamunicipal.com.ar\/argentina\/wp-json\/wp\/v2\/types\/post"}],"author":[{"embeddable":true,"href":"http:\/\/argentinamunicipal.com.ar\/argentina\/wp-json\/wp\/v2\/users\/2"}],"replies":[{"embeddable":true,"href":"http:\/\/argentinamunicipal.com.ar\/argentina\/wp-json\/wp\/v2\/comments?post=142007"}],"version-history":[{"count":0,"href":"http:\/\/argentinamunicipal.com.ar\/argentina\/wp-json\/wp\/v2\/posts\/142007\/revisions"}],"wp:featuredmedia":[{"embeddable":true,"href":"http:\/\/argentinamunicipal.com.ar\/argentina\/wp-json\/wp\/v2\/media\/142020"}],"wp:attachment":[{"href":"http:\/\/argentinamunicipal.com.ar\/argentina\/wp-json\/wp\/v2\/media?parent=142007"}],"wp:term":[{"taxonomy":"category","embeddable":true,"href":"http:\/\/argentinamunicipal.com.ar\/argentina\/wp-json\/wp\/v2\/categories?post=142007"},{"taxonomy":"post_tag","embeddable":true,"href":"http:\/\/argentinamunicipal.com.ar\/argentina\/wp-json\/wp\/v2\/tags?post=142007"}],"curies":[{"name":"wp","href":"https:\/\/api.w.org\/{rel}","templated":true}]}}