{"id":142060,"date":"2023-11-29T06:38:24","date_gmt":"2023-11-29T09:38:24","guid":{"rendered":"http:\/\/argentinamunicipal.com.ar\/argentina\/?p=142060"},"modified":"2023-11-29T06:38:24","modified_gmt":"2023-11-29T09:38:24","slug":"en-medio-del-recambio-hay-tension-en-concejos-deliberantes-mendocinos","status":"publish","type":"post","link":"http:\/\/argentinamunicipal.com.ar\/argentina\/en-medio-del-recambio-hay-tension-en-concejos-deliberantes-mendocinos\/","title":{"rendered":"En medio del recambio, hay tensi\u00f3n en Concejos Deliberantes mendocinos"},"content":{"rendered":"<p>A medida que se produce la renovaci\u00f3n de bancas en los Concejos Deliberantes de los 18 departamentos de la provincia, algunos ya protagonizaron momentos de tensi\u00f3n y acusaciones cruzadas.<\/p>\n<p>Momentos de tensi\u00f3n se viven en los Concejos Deliberantes de Mendoza a medida que se producen los recambios de ediles, tras los resultados de las elecciones provinciales del 24 de septiembre. El primer caso se dio en Guaymall\u00e9n, que renov\u00f3 autoridades este martes, y el segundo en General Alvear, donde La Uni\u00f3n Mendocina se fractur\u00f3 a d\u00edas de la asunci\u00f3n.<\/p>\n<p>En\u00a0Guaymall\u00e9n\u00a0ocurri\u00f3 que desde\u00a0La Uni\u00f3n Mendocina,\u00a0espacio comandado a nivel provincial por Omar De Marchi, manifestaron sus quejas luego de que el esquema de autoridades no los tuviera en cuenta como primera minor\u00eda, un aspecto habitual en todos los departamentos. La Presidencia del cuerpo qued\u00f3 en manos de la radical Ver\u00f3nica -quien es nuera del intendente saliente, Marcelino Iglesias- y tanto la vicepresidencia primera como la segunda no recay\u00f3 en el demarchismo.<\/p>\n<p>Esto provoc\u00f3 enojo en la dirigencia de LUM. Gabriel Pradines, senador provincial y excandidato a intendente por el espacio, se quej\u00f3 al respecto y pidi\u00f3 que \u00abse cumplan los usos y costumbres democr\u00e1ticos que se han respeto estos 40 a\u00f1os. Presidencia es del oficialismo, vice 1\u00ba de la primera minor\u00eda y vice 2\u00ba segunda minor\u00eda. No me imagino a radicales haciendo lo contrario\u00bb, ironiz\u00f3.<\/p>\n<p>Concretamente, la Vicepresidencia primera ser\u00e1 ejercida por Jonathan Mazuel, y la segunda por Pedro Bastias, del Partido Verde. A partir de ahora, el Concejo est\u00e1 compuesto por: Ver\u00f3nica Cancela, Ezequiel Genovese, Cristina Vargas, Mat\u00edas Fern\u00e1ndez, Johnatan Mazuela, Juana Allende, Florencia Trivi\u00f1o y Miqueas Burgoa (Cambia Mendoza); Exequiel Morales y Sonia Sedano (La Uni\u00f3n Mendocina); Jos\u00e9 Pozzoli (Frente Eleg\u00ed); y Pedro Bastias (Partido Verde).<\/p>\n<p>En el Sur provincial tambi\u00e9n se dio una situaci\u00f3n particular. Precisamente, en General Alvear. All\u00ed, La Uni\u00f3n Mendocina obtuvo dos concejales en los \u00faltimos comicios: Mirta Mart\u00ednez y N\u00e9stor Ortega. No obstante, Mart\u00ednez despeg\u00f3 del demarchismo y armar\u00e1 su propio bloque denominado \u00abLibertad y Progreso\u00bb.<\/p>\n<p>Esto gener\u00f3 enojo en Javier L\u00f3pez, quien fue candidato a intendente por el demarchismo. \u00abNo esper\u00e1bamos este tipo de decisi\u00f3n. Para nosotros es una traici\u00f3n. Jam\u00e1s pensamos que iba a pasar esto. Si ella consider\u00f3 que nuestro grupo no era lo que esperaba, lo tendr\u00eda que haber hecho es decir que no sent\u00eda c\u00f3moda y bajarse. Eso hace una persona de bien y no usar la estructura partidaria para llegar al puesto lleg\u00f3 y despu\u00e9s\u00a0decir que no est\u00e1 de acuerdo. Eso quiere decir que es una mala persona porque rompe el contrato electoral\u00bb, dijo en una entrevista a\u00a0TVA General Alvear<\/p>\n<p>Y sum\u00f3: \u00abNosotros vamos a seguir trabajando porque somos conscientes de que hicimos las cosas bien. Ella viene del sector de Massa y de Uni\u00f3n Popular con Jorge Difonso. La doctrina es totalmente distinta a la de los libertarios. Entonces, esto es un gran negociado y seguramente han hecho un arreglo con el gobierno actual. Es una traici\u00f3n a la sociedad\u00bb.<\/p>\n<p>En la Ciudad de Mendoza se dio una situaci\u00f3n contraria, El concejal Lucas Carosio, hoy con el demarchismo, se despeg\u00f3 de Cambia Mendoza, espacio por el cual ingres\u00f3 al Concejo Deliberante en las elecciones de 2021. Si bien tendr\u00e1 su propio bloque PRO, trabajar\u00e1 junt\u00f3 a Gustavo Guti\u00e9rrez -electo recientemente como edil y miembro de la Coalici\u00f3n C\u00edvica- en un interbloque de La Uni\u00f3n Mendocina.<\/p>\n<h6>Fuente: MDZ<\/h6>\n","protected":false},"excerpt":{"rendered":"<p>A medida que se produce la renovaci\u00f3n de bancas en los Concejos Deliberantes de los 18 departamentos de la provincia, algunos ya protagonizaron momentos de tensi\u00f3n y acusaciones cruzadas.<\/p>\n","protected":false},"author":2,"featured_media":142061,"comment_status":"closed","ping_status":"closed","sticky":false,"template":"","format":"standard","meta":{"footnotes":""},"categories":[4],"tags":[31],"class_list":["post-142060","post","type-post","status-publish","format-standard","has-post-thumbnail","hentry","category-informe-politico","tag-mendoza"],"_links":{"self":[{"href":"http:\/\/argentinamunicipal.com.ar\/argentina\/wp-json\/wp\/v2\/posts\/142060","targetHints":{"allow":["GET"]}}],"collection":[{"href":"http:\/\/argentinamunicipal.com.ar\/argentina\/wp-json\/wp\/v2\/posts"}],"about":[{"href":"http:\/\/argentinamunicipal.com.ar\/argentina\/wp-json\/wp\/v2\/types\/post"}],"author":[{"embeddable":true,"href":"http:\/\/argentinamunicipal.com.ar\/argentina\/wp-json\/wp\/v2\/users\/2"}],"replies":[{"embeddable":true,"href":"http:\/\/argentinamunicipal.com.ar\/argentina\/wp-json\/wp\/v2\/comments?post=142060"}],"version-history":[{"count":0,"href":"http:\/\/argentinamunicipal.com.ar\/argentina\/wp-json\/wp\/v2\/posts\/142060\/revisions"}],"wp:featuredmedia":[{"embeddable":true,"href":"http:\/\/argentinamunicipal.com.ar\/argentina\/wp-json\/wp\/v2\/media\/142061"}],"wp:attachment":[{"href":"http:\/\/argentinamunicipal.com.ar\/argentina\/wp-json\/wp\/v2\/media?parent=142060"}],"wp:term":[{"taxonomy":"category","embeddable":true,"href":"http:\/\/argentinamunicipal.com.ar\/argentina\/wp-json\/wp\/v2\/categories?post=142060"},{"taxonomy":"post_tag","embeddable":true,"href":"http:\/\/argentinamunicipal.com.ar\/argentina\/wp-json\/wp\/v2\/tags?post=142060"}],"curies":[{"name":"wp","href":"https:\/\/api.w.org\/{rel}","templated":true}]}}