{"id":142086,"date":"2023-12-04T05:53:46","date_gmt":"2023-12-04T08:53:46","guid":{"rendered":"http:\/\/argentinamunicipal.com.ar\/argentina\/?p=142086"},"modified":"2023-11-29T18:56:52","modified_gmt":"2023-11-29T21:56:52","slug":"feria-popular-homero-manzi-en-rosario-un-universo-de-historias-donde-todos-persiguen-lo-mismo-la-resistencia","status":"publish","type":"post","link":"http:\/\/argentinamunicipal.com.ar\/argentina\/feria-popular-homero-manzi-en-rosario-un-universo-de-historias-donde-todos-persiguen-lo-mismo-la-resistencia\/","title":{"rendered":"Feria popular Homero Manzi en Rosario, un universo de historias donde todos persiguen lo mismo: la resistencia"},"content":{"rendered":"<p>Funciona los viernes, s\u00e1bados, domingos y feriados, de 8 a 17 en Salv\u00e1 al 5900. Se venden alimentos, frutas y verduras, ropa, zapatillas, termos, sahumerios, art\u00edculos de ferreter\u00eda, perfumer\u00eda, bijou, todo suelto en productos de limpieza, juguetes, plantas, choris, hamburguesas, y mucho m\u00e1s<\/p>\n<p>En la zona sur de Rosario, los viernes, s\u00e1bados, domingos y feriados, de 8 a 17, funciona una de las ferias m\u00e1s populares: la Homero Manzi, de Salv\u00e1 al 5900. Comenz\u00f3 con la crisis econ\u00f3mica y social de 2001 como feria del trueque. Hoy, ocupa una manzana, tiene m\u00e1s de 1.000 puestos y unas 15.000 personas la visitan cada semana.<\/p>\n<p>En la feria se pueden encontrar\u00a0alimentos, frutas y verduras, ropa, zapatillas, termos, sahumerios, art\u00edculos de ferreter\u00eda, perfumer\u00eda, bijou, todo suelto en productos de limpieza, juguetes, plantas, choris, hamburguesas, y mucho m\u00e1s.<\/p>\n<p>La Homero Manzi tiene un universo de historias conviviendo en un mismo lugar y donde todos persiguen lo mismo: hacerse de unos mangos para cubrir los gastos semanales.<\/p>\n<p>Sandra Bracamonte\u00a0es\u00a0presidenta de la feria\u00a0y expres\u00f3: \u201cCon la necesidad que tiene la gente llegamos a los m\u00e1s de 1000 feriantes. Empezamos a armar los tablones el jueves a la tarde. No desarmamos las estructuras porque es mucho trabajo para nosotros y tambi\u00e9n para los tabloneros\u201d.<\/p>\n<p>Ricardo Gait\u00e1n, uno de los miles de feriantes cont\u00f3: \u201cEsta feria es una de las m\u00e1s emblem\u00e1ticas porque viene de solucionarle problemas a mucha gente que se qued\u00f3 sin trabajo que estuvo al desamparo de las pol\u00edticas del momento. Nosotros somos la consecuencia del 2001 donde el Estado nacional, provincial y municipal nos dej\u00f3 abandonados\u201d.<\/p>\n<p>En referencia a la ordenanza municipal para regular la actividad de las ferias populares, que se aprob\u00f3 en diciembre de 2022, Ricardo destac\u00f3: \u201cHoy la feria est\u00e1 reconocida y el trato que tenemos es mejor que el que tuvimos en mucho tiempo\u201d.<\/p>\n<p>Mar\u00eda Elena Sequeira\u00a0tiene su puesto desde hace varios a\u00f1os en la feria y\u00a0vende remeras, pantalones, calzas y pescadores, entre otras cosas. \u201cPas\u00e9 calor, fr\u00edo y lluvia. Tengo 73 a\u00f1os y la sigo luchando\u201d.<\/p>\n<p>\u201cPara m\u00ed es una terapia. Estuve enferma y pensaba en la feria.\u00a0Me atrae este lugar y me siento muy c\u00f3moda, por eso no dejo de venir\u201d, explic\u00f3\u00a0Olga, que vende bijouterie.<\/p>\n<p>Patricia, otra feriante, remarc\u00f3: \u201cLa feria es como una gran familia y nos ayudamos entre todos. Si surge alg\u00fan problema \u00a0siempre soluciona, vamos todos para adelante\u201d.<\/p>\n<p><strong>Una ordenanza que las regula<\/strong><br \/>\nRosario tiene una ordenanza que regula diez ferias populares, en virtud de un proyecto que tuvo despacho favorable en comisiones y el Concejo Municipal lo aprob\u00f3 a fines de diciembre 2022. Regula el uso del espacio p\u00fablico, d\u00edas y horarios de funcionamiento, y facilita el control sobre la legalidad de los productos que se ofrecen.<\/p>\n<p>La iniciativa hab\u00eda sido presentada en 2016 por el actual diputado nacional del Frente de Todos, Eduardo Toniolli cuando era concejal de Rosario, por lo cual se tuvo que reiterar su presentaci\u00f3n en 2018 y 2020 porque perdi\u00f3 estado parlamentario. Y necesit\u00f3 de una cuarta presentaci\u00f3n en 2022 por parte de la concejala Silvana Teisa (Todos Hacemos Rosario), logrando su aprobaci\u00f3n en la \u00faltima sesi\u00f3n del a\u00f1o.<\/p>\n<p><strong>Diez espacios barriales<\/strong><br \/>\nLa ordenanza apunta a unas diez ferias populares distribuidas en distintos barrios de la ciudad:\u00a0El Tanque, Eucaliptal, Casiano Casas, Zona 0, Homero Manzi, Parque Oeste, Chaco, Pocho Lepratti, Quinta Luciani y De La Placita. Las propuestas incluyen a unos 7000 feriantes.<\/p>\n<h6>Fuente: El Ciudadano<\/h6>\n","protected":false},"excerpt":{"rendered":"<p>En la zona sur de Rosario, los viernes, s\u00e1bados, domingos y feriados, funciona una de las ferias m\u00e1s populares: la Homero Manzi. Comenz\u00f3 con la crisis econ\u00f3mica y social de 2001 como feria del trueque. Hoy, ocupa una manzana, tiene m\u00e1s de 1.000 puestos<\/p>\n","protected":false},"author":2,"featured_media":142087,"comment_status":"closed","ping_status":"closed","sticky":false,"template":"","format":"standard","meta":{"footnotes":""},"categories":[2],"tags":[10],"class_list":["post-142086","post","type-post","status-publish","format-standard","has-post-thumbnail","hentry","category-informe-municipal","tag-santa-fe"],"_links":{"self":[{"href":"http:\/\/argentinamunicipal.com.ar\/argentina\/wp-json\/wp\/v2\/posts\/142086","targetHints":{"allow":["GET"]}}],"collection":[{"href":"http:\/\/argentinamunicipal.com.ar\/argentina\/wp-json\/wp\/v2\/posts"}],"about":[{"href":"http:\/\/argentinamunicipal.com.ar\/argentina\/wp-json\/wp\/v2\/types\/post"}],"author":[{"embeddable":true,"href":"http:\/\/argentinamunicipal.com.ar\/argentina\/wp-json\/wp\/v2\/users\/2"}],"replies":[{"embeddable":true,"href":"http:\/\/argentinamunicipal.com.ar\/argentina\/wp-json\/wp\/v2\/comments?post=142086"}],"version-history":[{"count":0,"href":"http:\/\/argentinamunicipal.com.ar\/argentina\/wp-json\/wp\/v2\/posts\/142086\/revisions"}],"wp:featuredmedia":[{"embeddable":true,"href":"http:\/\/argentinamunicipal.com.ar\/argentina\/wp-json\/wp\/v2\/media\/142087"}],"wp:attachment":[{"href":"http:\/\/argentinamunicipal.com.ar\/argentina\/wp-json\/wp\/v2\/media?parent=142086"}],"wp:term":[{"taxonomy":"category","embeddable":true,"href":"http:\/\/argentinamunicipal.com.ar\/argentina\/wp-json\/wp\/v2\/categories?post=142086"},{"taxonomy":"post_tag","embeddable":true,"href":"http:\/\/argentinamunicipal.com.ar\/argentina\/wp-json\/wp\/v2\/tags?post=142086"}],"curies":[{"name":"wp","href":"https:\/\/api.w.org\/{rel}","templated":true}]}}