{"id":142098,"date":"2023-11-30T05:11:57","date_gmt":"2023-11-30T08:11:57","guid":{"rendered":"http:\/\/argentinamunicipal.com.ar\/argentina\/?p=142098"},"modified":"2023-11-29T19:15:03","modified_gmt":"2023-11-29T22:15:03","slug":"fiesta-de-la-cerveza-2023-en-godoy-cruz","status":"publish","type":"post","link":"http:\/\/argentinamunicipal.com.ar\/argentina\/fiesta-de-la-cerveza-2023-en-godoy-cruz\/","title":{"rendered":"Fiesta de la Cerveza 2023 en Godoy Cruz"},"content":{"rendered":"<p>El hist\u00f3rico festival de Godoy Cruz anunci\u00f3 la grilla de artistas centrales que se estar\u00e1n presentando del 1 al 3 de diciembre en el parque San Vicente.<\/p>\n<p>El viernes 1, s\u00e1bado 2 y domingo 3 de diciembre tendr\u00e1 lugar una nueva edici\u00f3n de la Fiesta Provincial de la Cerveza. El hist\u00f3rico festival se volver\u00e1 llevar a cabo en el parque San Vicente del departamento de Godoy Cruz.<\/p>\n<p>En las \u00faltimas horas fueron confirmados los artistas centrales del evento y los d\u00edas en que se estar\u00e1n presentando.\u00a0De esta forma,\u00a0Emilia\u00a0Mernes\u00a0debutar\u00e1\u00a0el viernes 1\u00a0con el sello de la m\u00fasica urbana. Es misma noche tambi\u00e9n estar\u00e1 toda la potencia del rock\/pop de\u00a0Airbag.<\/p>\n<p>Por su parte, es s\u00e1bado 2 se presentar\u00e1n Los Palmeras y Los Aut\u00e9nticos Decadentes, en una noche que estar\u00e1 marcada por el baile y la fiesta.<\/p>\n<p>Finalmente, el domingo 3 ser\u00e1 el turno de Los Caballeros de la Quema y La Vela Puerca, en una fecha de cierre apuntada claramente al rock.<\/p>\n<p>El resto de la grilla, en tanto, se completar\u00e1 con los artistas mendocinos que resulten seleccionados del concurso de bandas que cada a\u00f1o realiza la comuna y del que se conocer\u00e1n los detalles este jueves 12 de octubre.<\/p>\n<p>Recordemos en la edici\u00f3n 2022 fueron\u00a015 bandas locales\u00a0las elegidas por un\u00a0jurado especializado\u00a0entre\u00a0314 que se presentaron\u00a0en un nuevo cap\u00edtulo del concurso que se realiza desde hace 8\u00a0a\u00f1os.<\/p>\n<p>En relaci\u00f3n a la venta de entradas,\u00a0 el municipio se encuentra en proceso de licitaci\u00f3n con la empresa que vender\u00e1 los tickets de forma online. Fuentes de la comuna le confirm\u00f3 a MDZ que la venta estar\u00e1 disponible entre el lunes 16 y el mi\u00e9rcoles 18 de octubre.<\/p>\n<h6>Fuente: MDZ<\/h6>\n","protected":false},"excerpt":{"rendered":"<p>El hist\u00f3rico festival de Godoy Cruz anunci\u00f3 la grilla de artistas centrales que se estar\u00e1n presentando del 1 al 3 de diciembre en el parque San Vicente.<\/p>\n","protected":false},"author":2,"featured_media":142099,"comment_status":"closed","ping_status":"closed","sticky":false,"template":"","format":"standard","meta":{"footnotes":""},"categories":[47],"tags":[31],"class_list":["post-142098","post","type-post","status-publish","format-standard","has-post-thumbnail","hentry","category-fiestas","tag-mendoza"],"_links":{"self":[{"href":"http:\/\/argentinamunicipal.com.ar\/argentina\/wp-json\/wp\/v2\/posts\/142098","targetHints":{"allow":["GET"]}}],"collection":[{"href":"http:\/\/argentinamunicipal.com.ar\/argentina\/wp-json\/wp\/v2\/posts"}],"about":[{"href":"http:\/\/argentinamunicipal.com.ar\/argentina\/wp-json\/wp\/v2\/types\/post"}],"author":[{"embeddable":true,"href":"http:\/\/argentinamunicipal.com.ar\/argentina\/wp-json\/wp\/v2\/users\/2"}],"replies":[{"embeddable":true,"href":"http:\/\/argentinamunicipal.com.ar\/argentina\/wp-json\/wp\/v2\/comments?post=142098"}],"version-history":[{"count":0,"href":"http:\/\/argentinamunicipal.com.ar\/argentina\/wp-json\/wp\/v2\/posts\/142098\/revisions"}],"wp:featuredmedia":[{"embeddable":true,"href":"http:\/\/argentinamunicipal.com.ar\/argentina\/wp-json\/wp\/v2\/media\/142099"}],"wp:attachment":[{"href":"http:\/\/argentinamunicipal.com.ar\/argentina\/wp-json\/wp\/v2\/media?parent=142098"}],"wp:term":[{"taxonomy":"category","embeddable":true,"href":"http:\/\/argentinamunicipal.com.ar\/argentina\/wp-json\/wp\/v2\/categories?post=142098"},{"taxonomy":"post_tag","embeddable":true,"href":"http:\/\/argentinamunicipal.com.ar\/argentina\/wp-json\/wp\/v2\/tags?post=142098"}],"curies":[{"name":"wp","href":"https:\/\/api.w.org\/{rel}","templated":true}]}}