{"id":142160,"date":"2023-12-04T05:04:44","date_gmt":"2023-12-04T08:04:44","guid":{"rendered":"http:\/\/argentinamunicipal.com.ar\/argentina\/?p=142160"},"modified":"2023-12-01T06:14:17","modified_gmt":"2023-12-01T09:14:17","slug":"la-provincia-de-santa-fe-sumo-dos-nuevas-ciudades-teodelina-y-san-jose-de-la-esquina","status":"publish","type":"post","link":"http:\/\/argentinamunicipal.com.ar\/argentina\/la-provincia-de-santa-fe-sumo-dos-nuevas-ciudades-teodelina-y-san-jose-de-la-esquina\/","title":{"rendered":"La provincia de Santa Fe sum\u00f3 dos nuevas ciudades: Teodelina y San Jos\u00e9 de la Esquina"},"content":{"rendered":"<p>Diputados aprob\u00f3 los proyectos de ley en la \u00faltima sesi\u00f3n ordinaria del calendario legislativo. En 2025 elegir\u00e1n a sus primeros intendentes. Otras tres localidades aguardan el tratamiento en el Senado.<\/p>\n<p>Este jueves, en lo qeu fue la \u00faltima sesi\u00f3n del a\u00f1o, la C\u00e1mara de Diputados de la provincia de Santa Fe aprob\u00f3 por unanimidad dos proyectos de ley, que ten\u00edan media sanci\u00f3n del Senado y que eleva a la categor\u00eda de ciudad a las comunas de San Jos\u00e9 de la Esquina, en el departamento Caseros, y Teodelina, en General L\u00f3pez. En 2025 ambas localidades elegir\u00e1n a sus primeros intendentes.<\/p>\n<p>La C\u00e1mara baja dio media sanci\u00f3n a otras iniciativas para tambi\u00e9n declarar ciudad a Pueblo Andino (Iriondo), Alvear (Rosario) y Helvecia (Garay), aunque \u00e9stas deber\u00e1n esperar su tratamiento en el Senado el a\u00f1o pr\u00f3ximo.<br \/>\nQu\u00e9 revel\u00f3 la autopsia del piloto que estrell\u00f3 su helic\u00f3ptero en el r\u00edo Paran\u00e1<\/p>\n<p>Con esta ley que eleva de categor\u00eda a San Jos\u00e9 de la Esquina y Teodelina, ya son 59 los municipios que tiene la provincia de Santa Fe.<\/p>\n<p>De este modo, la localidad de\u00a0San Jos\u00e9 de la Esquina, ubicada sobre la ruta provincial 92,\u00a0se convirti\u00f3 en la segunda ciudad del departamento Caseros, despu\u00e9s de Casilda, la cabecera de esta jurisdicci\u00f3n territorial.<\/p>\n<p>Tras conocerse el cambio de categor\u00eda el actual jefe comunal, Ezequiel Ruani, dijo sentirse feliz por el logro obtenido despu\u00e9s de un largo tiempo de gestiones para alcanzar ese objetivo.\u00a0\u201cCreemos que merecemos ser ciudad por los servicios p\u00fablicos que tenemos, adem\u00e1s contamos con m\u00e1s de\u00a0ocho establecimientos educativos y varias industrias, con lo cual nos da bastante autonom\u00eda. Esto\u00a0nos permitir\u00eda invertir en m\u00e1s obras y mejores servicios para la comunidad. Tuvimos varias reuniones para que haya una legitimidad de todo el pueblo en este proyecto\u201d, se\u00f1al\u00f3 Ruani.<\/p>\n<p>La localidad cuenta actualmente con nueve mil habitantes, con un total de 361 manzanas. Ahora, con la declaratoria como ciudad en mano, la cifra de coparticipaci\u00f3n federal y provincial se prolongar\u00eda en un 140%. Un n\u00famero que permitir\u00eda proyectar mejoras en los servicios y obras para los habitantes. \u201cPor otro lado, los contribuyentes seguir\u00edan abonando lo mismo porque es un reparto de la coparticipaci\u00f3n\u201d, precis\u00f3 Ruani.<\/p>\n<p>La concreci\u00f3n de este proyecto conllevar\u00e1 un cambio en la administraci\u00f3n de ambas localidades, ya que permitir\u00e1 la conformaci\u00f3n de un cuerpo legislativo independiente y la renovaci\u00f3n de autoridades ejecutivas cada cuatro a\u00f1os.<\/p>\n<h6>Fuente: Uno<\/h6>\n","protected":false},"excerpt":{"rendered":"<p>Diputados aprob\u00f3 los proyectos de ley en la \u00faltima sesi\u00f3n ordinaria del calendario legislativo. En 2025 elegir\u00e1n a sus primeros intendentes. Otras tres localidades aguardan el tratamiento en el Senado.<\/p>\n","protected":false},"author":2,"featured_media":142161,"comment_status":"closed","ping_status":"closed","sticky":false,"template":"","format":"standard","meta":{"footnotes":""},"categories":[2],"tags":[10],"class_list":["post-142160","post","type-post","status-publish","format-standard","has-post-thumbnail","hentry","category-informe-municipal","tag-santa-fe"],"_links":{"self":[{"href":"http:\/\/argentinamunicipal.com.ar\/argentina\/wp-json\/wp\/v2\/posts\/142160","targetHints":{"allow":["GET"]}}],"collection":[{"href":"http:\/\/argentinamunicipal.com.ar\/argentina\/wp-json\/wp\/v2\/posts"}],"about":[{"href":"http:\/\/argentinamunicipal.com.ar\/argentina\/wp-json\/wp\/v2\/types\/post"}],"author":[{"embeddable":true,"href":"http:\/\/argentinamunicipal.com.ar\/argentina\/wp-json\/wp\/v2\/users\/2"}],"replies":[{"embeddable":true,"href":"http:\/\/argentinamunicipal.com.ar\/argentina\/wp-json\/wp\/v2\/comments?post=142160"}],"version-history":[{"count":0,"href":"http:\/\/argentinamunicipal.com.ar\/argentina\/wp-json\/wp\/v2\/posts\/142160\/revisions"}],"wp:featuredmedia":[{"embeddable":true,"href":"http:\/\/argentinamunicipal.com.ar\/argentina\/wp-json\/wp\/v2\/media\/142161"}],"wp:attachment":[{"href":"http:\/\/argentinamunicipal.com.ar\/argentina\/wp-json\/wp\/v2\/media?parent=142160"}],"wp:term":[{"taxonomy":"category","embeddable":true,"href":"http:\/\/argentinamunicipal.com.ar\/argentina\/wp-json\/wp\/v2\/categories?post=142160"},{"taxonomy":"post_tag","embeddable":true,"href":"http:\/\/argentinamunicipal.com.ar\/argentina\/wp-json\/wp\/v2\/tags?post=142160"}],"curies":[{"name":"wp","href":"https:\/\/api.w.org\/{rel}","templated":true}]}}