{"id":142228,"date":"2023-12-06T05:16:36","date_gmt":"2023-12-06T08:16:36","guid":{"rendered":"http:\/\/argentinamunicipal.com.ar\/argentina\/?p=142228"},"modified":"2023-12-05T06:25:02","modified_gmt":"2023-12-05T09:25:02","slug":"estacion-berretta-la-historia-del-pueblo-santafesino-que-no-quiere-desaparecer","status":"publish","type":"post","link":"http:\/\/argentinamunicipal.com.ar\/argentina\/estacion-berretta-la-historia-del-pueblo-santafesino-que-no-quiere-desaparecer\/","title":{"rendered":"Estaci\u00f3n Berretta: la historia del pueblo santafesino que no quiere desaparecer"},"content":{"rendered":"<p>Fundada hace casi un siglo por iniciativa de Mar\u00eda Luisa Correa, quien fuera propietaria de esas tierras, Berretta (ubicada a 10 kil\u00f3metros de Correa y a 75 de Rosario) supo cobijar en su apogeo a m\u00e1s de 500 habitantes. Por falta de servicios, infraestructura y oportunidades las familias fueron abandonando la localidad en busca de un futuro mejor.<\/p>\n<p>En la actualidad son apenas tres las familias que \u201cresisten\u201d dejar atr\u00e1s su lugar y luchan para que el paraje del departamento Iriondo no se transforme en un pueblo fantasma.<\/p>\n<p>El Litoral lleg\u00f3 hasta ese enclave del sur santafesino para hablar con sus habitantes, recorrer sus edificios, sus calles y conocer la propuesta que impulsan las autoridades, para desde la estaci\u00f3n del ferrocarril, \u201cdevolverle la vida\u201d al pueblo y evitar su desaparici\u00f3n.<\/p>\n<p><strong>Im\u00e1n<\/strong><br \/>\n\u201cYo siempre digo que Berretta tiene un im\u00e1n, porque los fines de semanas viene una enorme cantidad de personas, que nadie sabe por qu\u00e9, pero vienen, y a mi me pas\u00f3 eso. Directamente dije que de ac\u00e1 me van a sacar en el caj\u00f3n y es lo que va a pasar\u201d, destac\u00f3 el Ingeniero Agr\u00f3nomo Daniel Bortolussi uno de los pocos habitantes que tiene el pueblo, pero tambi\u00e9n uno de los que m\u00e1s resalta sus bondades: paz, tranquilidad y naturaleza.<\/p>\n<p>Berretta hoy cuenta con servicios que hacen m\u00e1s simple la vida de sus habitantes.<\/p>\n<p>\u201cAc\u00e1 tenemos luz el\u00e9ctrica, internet, y todo tipo de comodidades que hace a\u00f1os atr\u00e1s no exist\u00edan. Berretta principalmente te permite vivir m\u00e1s tranquilo, encontr\u00e9 mi lugar en el mundo, tuve esa posibilidad. Por sus dimensiones y caracter\u00edsticas hist\u00f3ricas es un lugar que me cuesta much\u00edsimo mantener, pero seguimos luchando. Nada me movi\u00f3, y sigo viviendo en la casa original de la fundadora del pueblo que data de 1874\u201d, asegur\u00f3 Bortolussi quien explic\u00f3 que a pesar de sufrir un tornado y una inundaci\u00f3n trabaja codo a codo con su esposa para evitar que la hist\u00f3rica casona se deteriore.<\/p>\n<p>\u201cHace m\u00e1s de 30 a\u00f1os a\u00fan viv\u00edan en la localidad unas 59 familias, con el avance de la agricultura los productores que en promedio tienen apenas 50 a 60 hect\u00e1reas, decidieron arrendar los campos e irse a vivir a otros pueblos. Como tenemos caba\u00f1a de raza Brangus nos defendemos con eso y por eso seguimos viviendo ac\u00e1. Adem\u00e1s la falta de una escuela secundaria, de vocaci\u00f3n tambi\u00e9n de los j\u00f3venes para las tareas de campo en un pa\u00eds que ahuyenta a la juventud de los pueblos para que emigren a Buenos Aires o a ciudades m\u00e1s grandes. Hoy no hay incentivos para que los j\u00f3venes se queden en el pueblo y eso llev\u00f3 a que s\u00f3lo tres familias vivan en Berretta\u201d.<\/p>\n<p><strong>Impulso<\/strong><br \/>\nEl paraje est\u00e1 bajo jurisdicci\u00f3n de Correa, y es bajo la iniciativa del presidente comunal Nahuel Cejas que las autoridades avanzan en una serie de propuestas para que Berretta vuelva a su \u00e9poca de esplendor.<\/p>\n<p>\u201cEste espacio fue una localidad que en sus inicios se llam\u00f3 Pueblo Mar\u00eda Luisa Correa, quien era propietaria de estos terrenos, y que se ubica a unos 10 kil\u00f3metros de Correa. Hoy adem\u00e1s de la estaci\u00f3n del ferrocarril cuenta con edificios hist\u00f3ricos entre ellos la casona original de Mar\u00eda Luisa, la escuela Felipe Timoteo Correa, el edificio del club y algunas construcci\u00f3n centenarias que a\u00fan se mantienen en pie\u201d, coment\u00f3 el Jefe Comunal.<\/p>\n<p>A lo largo del \u00faltimo tiempo, y debido al gran procesos de migraci\u00f3n de sus habitantes a otros pueblos, se catalog\u00f3 a Berretta como un pueblo fantasma. A ra\u00edz de ello es que se inici\u00f3 un proceso este a\u00f1o que busca revitalizar el paraje.<\/p>\n<p>\u201cEl desaf\u00edo es qu\u00e9 puede ser Berretta m\u00e1s all\u00e1 de lo que fue en sus a\u00f1os de gloria. Y en eso nos hemos embarcado, en la posibilidad a trav\u00e9s de una licitaci\u00f3n para la explotaci\u00f3n de la estaci\u00f3n del ferrocarril. En esta oportunidad decidimos salir de los l\u00edmites de Correa y poder ofrecer los fines de semana este espacio que por su paz, su tranquilidad y su toque \u00fanico recibe a unas 300 personas que vienen a pasar el d\u00eda. Pero los d\u00edas de eventos esos n\u00fameros se duplican y llegan a Berretta unas 700 personas que disfrutan de este espacio y el r\u00edo Carcara\u00f1\u00e1 que est\u00e1 a tan s\u00f3lo un kil\u00f3metro de aqu\u00ed. Queremos que el paraje tenga m\u00e1s vida y eso va a ocurrir si sumamos m\u00e1s servicios\u201d, precis\u00f3 Cejas.<\/p>\n<p>Hay un dicho en la zona que se\u00f1ala que \u201cBerretta enamora\u201d. Es por eso que fin de semana tras fin de semana muchas familias regresan para disfrutar de su encanto natural.<\/p>\n<h6>Fuente: El Litoral<\/h6>\n","protected":false},"excerpt":{"rendered":"<p>En la actualidad son apenas tres las familias que \u201cresisten\u201d dejar atr\u00e1s su lugar y luchan para que el paraje del departamento Iriondo no se transforme en un pueblo fantasma.<\/p>\n","protected":false},"author":2,"featured_media":142229,"comment_status":"closed","ping_status":"closed","sticky":false,"template":"","format":"standard","meta":{"footnotes":""},"categories":[2],"tags":[10],"class_list":["post-142228","post","type-post","status-publish","format-standard","has-post-thumbnail","hentry","category-informe-municipal","tag-santa-fe"],"_links":{"self":[{"href":"http:\/\/argentinamunicipal.com.ar\/argentina\/wp-json\/wp\/v2\/posts\/142228","targetHints":{"allow":["GET"]}}],"collection":[{"href":"http:\/\/argentinamunicipal.com.ar\/argentina\/wp-json\/wp\/v2\/posts"}],"about":[{"href":"http:\/\/argentinamunicipal.com.ar\/argentina\/wp-json\/wp\/v2\/types\/post"}],"author":[{"embeddable":true,"href":"http:\/\/argentinamunicipal.com.ar\/argentina\/wp-json\/wp\/v2\/users\/2"}],"replies":[{"embeddable":true,"href":"http:\/\/argentinamunicipal.com.ar\/argentina\/wp-json\/wp\/v2\/comments?post=142228"}],"version-history":[{"count":0,"href":"http:\/\/argentinamunicipal.com.ar\/argentina\/wp-json\/wp\/v2\/posts\/142228\/revisions"}],"wp:featuredmedia":[{"embeddable":true,"href":"http:\/\/argentinamunicipal.com.ar\/argentina\/wp-json\/wp\/v2\/media\/142229"}],"wp:attachment":[{"href":"http:\/\/argentinamunicipal.com.ar\/argentina\/wp-json\/wp\/v2\/media?parent=142228"}],"wp:term":[{"taxonomy":"category","embeddable":true,"href":"http:\/\/argentinamunicipal.com.ar\/argentina\/wp-json\/wp\/v2\/categories?post=142228"},{"taxonomy":"post_tag","embeddable":true,"href":"http:\/\/argentinamunicipal.com.ar\/argentina\/wp-json\/wp\/v2\/tags?post=142228"}],"curies":[{"name":"wp","href":"https:\/\/api.w.org\/{rel}","templated":true}]}}