{"id":142309,"date":"2023-12-07T05:26:35","date_gmt":"2023-12-07T08:26:35","guid":{"rendered":"http:\/\/argentinamunicipal.com.ar\/argentina\/?p=142309"},"modified":"2023-12-06T18:28:52","modified_gmt":"2023-12-06T21:28:52","slug":"el-intendente-de-mendoza-en-dubai-fuimos-el-primer-municipio-en-declarar-la-emergencia-climatica","status":"publish","type":"post","link":"http:\/\/argentinamunicipal.com.ar\/argentina\/el-intendente-de-mendoza-en-dubai-fuimos-el-primer-municipio-en-declarar-la-emergencia-climatica\/","title":{"rendered":"El intendente de Mendoza en Dubai: \u00abFuimos el primer municipio en declarar la emergencia clim\u00e1tica\u00bb"},"content":{"rendered":"<p>En Dubai se est\u00e1 llevando a cabo la 28\u00aa edici\u00f3n de la Conferencia de las Naciones Unidas sobre el cambio Clim\u00e1tico. El intendente de Capital fue invitado a exponer en el evento<\/p>\n<p>Ulpiano Suarez\u00a0fue invitado a la\u00a0cumbre clim\u00e1tica que se est\u00e1 desarrollando en Dubai\u00a0junto a l\u00edderes y referentes de todo el mundo. El\u00a0intendente de Ciudad\u00a0expuso sobre la gesti\u00f3n clim\u00e1tica del departamento en la conferencia \u00abAceleramiento del financiamiento de ciudades en Am\u00e9rica Latina\u00bb.<\/p>\n<p>Es la\u00a028\u00aa edici\u00f3n de la Conferencia de las Naciones Unidas sobre el Cambio Clim\u00e1tico\u00a0(COP 28) y el intendente de la Ciudad fue invitado a participar del panel del Banco Interamericano de Desarrollo (BID) junto a Carlos Gal\u00e1n, alcalde electo de Bogot\u00e1; Tain\u00e1 de Paula, secretaria de Medio Ambiente de R\u00edo de Janeiro; y Lin O&#8217;Grady, directora adjunta del Banco Europeo para el Desarrollo y la Reconstrucci\u00f3n.<\/p>\n<p>Ulpiano Suarez expuso all\u00ed sobre los resultados de la planificaci\u00f3n y gesti\u00f3n clim\u00e1tica que est\u00e1 llevando adelante el municipio. \u201cEn el 2019\u00a0planteamos\u00a0a los vecinos trabajar para\u00a0consolidar a la Ciudad de Mendoza como una Ciudad Sostenible\u00a0a partir de una gesti\u00f3n de triple impacto: promoviendo el desarrollo econ\u00f3mico con inclusi\u00f3n social y en armon\u00eda con el cuidado de la naturaleza\u201d, coment\u00f3 el intendente en el comienzo de su exposici\u00f3n.<\/p>\n<p>\u201cEl primer paso fue la decisi\u00f3n pol\u00edtica: definir que\u00a0la gesti\u00f3n clim\u00e1tica es prioritaria en nuestra Ciudad. Fuimos el primer municipio de la regi\u00f3n en\u00a0declarar la emergencia clim\u00e1tica\u00a0por all\u00e1 en\u00a0enero del 2020. Luego avanzamos en la planificaci\u00f3n entendiendo que la gesti\u00f3n clim\u00e1tica debe estar basada en evidencia, por eso actualizamos nuestros inventarios de GEI, identificando los factores de emisi\u00f3n. Tambi\u00e9n entendimos que era necesario innovar en el proceso de toma de decisiones en el marco de la acci\u00f3n clim\u00e1tica local: creamos nuestro Comit\u00e9 Municipal de Cambio Clim\u00e1tico integrado por representantes de la academia, de la ciencia y la investigaci\u00f3n, colegios profesionales, sociedad civil, vecinos y gobierno local\u201d, agreg\u00f3.<\/p>\n<p>\u201cEstamos a escasos d\u00edas de concluir esta etapa de gesti\u00f3n en la Ciudad y puedo afirmar que cumplimos.\u00a0Logramos una reducci\u00f3n del 17% de las emisiones, meta que nos hab\u00edamos\u00a0planteado para el 2030, es decir a cumplir en 11 a\u00f1os, y lo logramos en s\u00f3lo tres\u201d, analiz\u00f3 Ulpiano Suarez en otro momento de la exposici\u00f3n.<\/p>\n<p>El intendente de la Ciudad particip\u00f3 de la COP 28 acompa\u00f1ado por el subsecretario de Ambiente y Desarrollo Sostenible de la Ciudad, Sebasti\u00e1n Fermani. Tras su exposici\u00f3n, manifest\u00f3: \u201cPor primera vez se realiz\u00f3 una cumbre de gobiernos locales donde fuimos invitados a exponer y contar nuestras experiencias en planificaci\u00f3n y gesti\u00f3n clim\u00e1tica.\u00a0En estos cuatro a\u00f1os hemos logrado una reducci\u00f3n en la emisi\u00f3n de gases de efecto invernadero pero tambi\u00e9n se ha registrado un importante crecimiento en la actividad econ\u00f3mica de la Ciudad, lo que se conoce como\u00a0desacople clim\u00e1tico. De esta manera, queda demostrado que el crecimiento econ\u00f3mico con inclusi\u00f3n social y reducci\u00f3n de emisiones es posible\u201d.<\/p>\n<p>\u201cEn esta cumbre se han asumido compromisos de acelerar la llegada del financiamiento directo a los gobiernos locales, algo que venimos solicitando desde el primer d\u00eda de gesti\u00f3n. Somos optimistas con esta nueva oportunidad que se presenta para las ciudades, que son las verdaderas protagonistas en la lucha contra el cambio clim\u00e1tico\u201d, finaliz\u00f3 Ulpiano Suarez.<\/p>\n<h6>Fuente: Uno<\/h6>\n","protected":false},"excerpt":{"rendered":"<p>En Dubai se est\u00e1 llevando a cabo la 28\u00aa edici\u00f3n de la Conferencia de las Naciones Unidas sobre el cambio Clim\u00e1tico. El intendente de Capital fue invitado a exponer en el evento<\/p>\n","protected":false},"author":2,"featured_media":142310,"comment_status":"closed","ping_status":"closed","sticky":false,"template":"","format":"standard","meta":{"footnotes":""},"categories":[2],"tags":[31],"class_list":["post-142309","post","type-post","status-publish","format-standard","has-post-thumbnail","hentry","category-informe-municipal","tag-mendoza"],"_links":{"self":[{"href":"http:\/\/argentinamunicipal.com.ar\/argentina\/wp-json\/wp\/v2\/posts\/142309","targetHints":{"allow":["GET"]}}],"collection":[{"href":"http:\/\/argentinamunicipal.com.ar\/argentina\/wp-json\/wp\/v2\/posts"}],"about":[{"href":"http:\/\/argentinamunicipal.com.ar\/argentina\/wp-json\/wp\/v2\/types\/post"}],"author":[{"embeddable":true,"href":"http:\/\/argentinamunicipal.com.ar\/argentina\/wp-json\/wp\/v2\/users\/2"}],"replies":[{"embeddable":true,"href":"http:\/\/argentinamunicipal.com.ar\/argentina\/wp-json\/wp\/v2\/comments?post=142309"}],"version-history":[{"count":0,"href":"http:\/\/argentinamunicipal.com.ar\/argentina\/wp-json\/wp\/v2\/posts\/142309\/revisions"}],"wp:featuredmedia":[{"embeddable":true,"href":"http:\/\/argentinamunicipal.com.ar\/argentina\/wp-json\/wp\/v2\/media\/142310"}],"wp:attachment":[{"href":"http:\/\/argentinamunicipal.com.ar\/argentina\/wp-json\/wp\/v2\/media?parent=142309"}],"wp:term":[{"taxonomy":"category","embeddable":true,"href":"http:\/\/argentinamunicipal.com.ar\/argentina\/wp-json\/wp\/v2\/categories?post=142309"},{"taxonomy":"post_tag","embeddable":true,"href":"http:\/\/argentinamunicipal.com.ar\/argentina\/wp-json\/wp\/v2\/tags?post=142309"}],"curies":[{"name":"wp","href":"https:\/\/api.w.org\/{rel}","templated":true}]}}