{"id":142455,"date":"2023-12-13T05:13:00","date_gmt":"2023-12-13T08:13:00","guid":{"rendered":"http:\/\/argentinamunicipal.com.ar\/argentina\/?p=142455"},"modified":"2023-12-12T20:16:15","modified_gmt":"2023-12-12T23:16:15","slug":"la-ciudad-de-santa-fe-ingreso-en-estado-de-emergencia-hidrica-por-120-dias-prorrogables","status":"publish","type":"post","link":"http:\/\/argentinamunicipal.com.ar\/argentina\/la-ciudad-de-santa-fe-ingreso-en-estado-de-emergencia-hidrica-por-120-dias-prorrogables\/","title":{"rendered":"La ciudad de Santa Fe ingres\u00f3 en estado de emergencia h\u00eddrica por 120 d\u00edas prorrogables"},"content":{"rendered":"<p>El Ejecutivo podr\u00e1 agilizar procedimientos -como contrataciones directas- para adquirir insumos y servicios y as\u00ed afrontar la crecida del r\u00edo Paran\u00e1. El intendente Poletti estuvo en la sesi\u00f3n.<\/p>\n<p>Sobre tablas, el Concejo de Santa Fe sancion\u00f3 por unanimidad una ordenanza donde se declar\u00f3 el estado de emergencia h\u00eddrica para la ciudad de Santa Fe. Ser\u00e1 por 120 d\u00edas, per\u00edodo prorrogable a pedido del Ejecutivo Municipal.<\/p>\n<p>El intendente\u00a0Juan Pablo Poletti\u00a0presenci\u00f3 la sesi\u00f3n, acompa\u00f1ado por parte de su gabinete; tambi\u00e9n estuvieron funcionarios provinciales.<\/p>\n<p>La declaraci\u00f3n de la emergencia h\u00eddrica permitir\u00e1 al Ejecutivo municipal contar con una herramienta m\u00e1s para acelerar los tiempos administrativos en la compra de insumos y servicios, con el objetivo urgente de mitigar los impactos de la crecida del r\u00edo Paran\u00e1 y las lluvias intensas para el verano proyectadas por los organismos provinciales y nacionales.<\/p>\n<p>Ahora la administraci\u00f3n del intendente Poletti podr\u00e1 \u00abarbitrar los medios y ejecutar las acciones que estime corresponden (&#8230;) para la adquisici\u00f3n de bienes o contrataciones de servicios; realizar obras e infraestructura que resulten necesarias a los fines de mitigar los efectos de la emergencia h\u00eddrica, prescindiendo del correspondiente llamado a licitaci\u00f3n p\u00fablica o procedimiento de selecci\u00f3n de contratistas\u00bb.<\/p>\n<p>Tambi\u00e9n se lo facult\u00f3 a \u00abconcertar las contrataciones directas o procedimientos que garanticen la debida concurrencia de oferentes, tratamiento igualitario de los mismos, cotejo de ofertas y condiciones an\u00e1logas\u00bb, dice la norma aprobada.<\/p>\n<p><strong>Convenios<\/strong><br \/>\nPor otra parte, se lo facult\u00f3 al Ejecutivo a actuar \u00abde manera directa\u201d y suscribir los convenios que sean necesarios \u00aba fin de atender a la emergencia h\u00eddrica con el Gobierno Provincial y\/o el Estado Nacional, y dem\u00e1s organismos p\u00fablicos o privados, cuando se requiera autorizaci\u00f3n del Concejo, ad refer\u00e9ndum del mismo\u00bb.<\/p>\n<p>Asimismo, el Ejecutivo deber\u00e1 dar cuenta del ejercicio de las facultades otorgadas a trav\u00e9s de la ordenanza, enviando en forma mensual al Concejo un informe detallado de lo actuado. \u201cA los fines de la evaluaci\u00f3n del informe mencionado precedentemente conf\u00f3rmese una comisi\u00f3n en el seno del Cuerpo Deliberativo, integrada por los concejales participantes del Comit\u00e9 de Gesti\u00f3n de Riesgo Municipal\u00bb.<\/p>\n<p>Llamativamente, el intendente se hizo presente en la sesi\u00f3n. Se solicit\u00f3 un cuarto intermedio: Poletti quer\u00eda hablar. Agradeci\u00f3 a la presidenta del Concejo, Adriana Molina y a todos los concejales.<\/p>\n<p>\u201cLa sanci\u00f3n de esta ordenanza no hace m\u00e1s que confirmarme la gran responsabilidad con la que ocupan cada uno su banca representando a los ciudadanos santafesinos, que hoy nos necesitan a todos. Hoy nosotros los necesit\u00e1bamos a ustedes, y ac\u00e1 estuvieron: les quiero dar mis gracias\u201d, valor\u00f3 el m\u00e9dico.<\/p>\n<p><strong>Un leve cruce<\/strong><br \/>\nPero antes, tras sancionarse la norma con la declaraci\u00f3n de emergencia h\u00eddrica, hablaron varios concejales. La primera fue Mar\u00eda Beatriz Barletta, quien dio un escueto contexto de la situaci\u00f3n de los r\u00edos (Paran\u00e1 y Salado) con los pron\u00f3sticos de lluvias para estos pr\u00f3ximos meses. \u201cLa emergencia no es un llamado a la desesperaci\u00f3n, pero s\u00ed a la prevenci\u00f3n\u201d, dijo.<\/p>\n<p>Pero luego critic\u00f3 \u201cla falta de planificaciones y previsibilidad por parte del gobierno municipal anterior\u201d en materia h\u00eddrica. En el Frente \u201cUnidos\u201d hay una concejala socialista y \u201cjatonista\u201d, Laura Mondino, que sali\u00f3 al devolverle el cuestionamiento: \u201cSe hicieron muchas obras en la anterior gesti\u00f3n: desag\u00fces entubados, mantenimiento y limpieza, se incorporaron maquinarias de brazos largos para poder limpiar de forma profunda los desag\u00fces, etc\u00e9tera\u201d.<\/p>\n<p>\u201cTiene que haber buena predisposici\u00f3n -prosigui\u00f3 la edila-, como lo resaltaba el intendente Poletti cuando se produjo la transici\u00f3n con la anterior gesti\u00f3n. Esa predisposici\u00f3n existi\u00f3, al momento de entregar toda la informaci\u00f3n solicitada y tras haber explicado todo lo hecho en materia h\u00eddrica\u201d, complet\u00f3 Mondino.<\/p>\n<p><strong>La cuesti\u00f3n social<\/strong><br \/>\nLeandro Gonz\u00e1lez, quien preside el interbloque \u201cUnidos\u201d, valor\u00f3 la rapidez de la sanci\u00f3n de esta herramienta para el Ejecutivo: \u201cSe hizo en el menor tiempo posible y con la mayor eficacia. Ojal\u00e1 que no se necesite utilizarla, pero ahora est\u00e1 disponible y eso es lo importante. La cuesti\u00f3n h\u00eddrica es una cuesti\u00f3n de Estado local\u201d, subray\u00f3.<\/p>\n<p>El radical Carlos Pereira destac\u00f3 que no es habitual que un intendente participe de una sesi\u00f3n del Cuerpo Deliberativo. \u201cTiene un valor simb\u00f3lico su presencia (por Poletti). La mitigaci\u00f3n del riesgo h\u00eddrico es algo que preocupa mucho a la actual gesti\u00f3n municipal\u201d, declar\u00f3 en el recinto.<\/p>\n<p>Por \u00faltimo, la peronista Violeta Quir\u00f3z habl\u00f3 de la crisis h\u00eddrica, pero tambi\u00e9n de \u201cla crisis social\u201d. \u201cHay una emergencia social muy profunda en la ciudad, y tenemos que estar preparados para esto. Pongo en estas palabras mi experiencia y conocimiento que tengo de recorrer el territorio, es decir, los barrios de Santa Fe\u201d, cerr\u00f3.<\/p>\n<h6>Fuente: El Litoral<\/h6>\n","protected":false},"excerpt":{"rendered":"<p>El Ejecutivo podr\u00e1 agilizar procedimientos -como contrataciones directas- para adquirir insumos y servicios y as\u00ed afrontar la crecida del r\u00edo Paran\u00e1. El intendente Poletti estuvo en la sesi\u00f3n.<\/p>\n","protected":false},"author":2,"featured_media":142456,"comment_status":"closed","ping_status":"closed","sticky":false,"template":"","format":"standard","meta":{"footnotes":""},"categories":[2],"tags":[10],"class_list":["post-142455","post","type-post","status-publish","format-standard","has-post-thumbnail","hentry","category-informe-municipal","tag-santa-fe"],"_links":{"self":[{"href":"http:\/\/argentinamunicipal.com.ar\/argentina\/wp-json\/wp\/v2\/posts\/142455","targetHints":{"allow":["GET"]}}],"collection":[{"href":"http:\/\/argentinamunicipal.com.ar\/argentina\/wp-json\/wp\/v2\/posts"}],"about":[{"href":"http:\/\/argentinamunicipal.com.ar\/argentina\/wp-json\/wp\/v2\/types\/post"}],"author":[{"embeddable":true,"href":"http:\/\/argentinamunicipal.com.ar\/argentina\/wp-json\/wp\/v2\/users\/2"}],"replies":[{"embeddable":true,"href":"http:\/\/argentinamunicipal.com.ar\/argentina\/wp-json\/wp\/v2\/comments?post=142455"}],"version-history":[{"count":0,"href":"http:\/\/argentinamunicipal.com.ar\/argentina\/wp-json\/wp\/v2\/posts\/142455\/revisions"}],"wp:featuredmedia":[{"embeddable":true,"href":"http:\/\/argentinamunicipal.com.ar\/argentina\/wp-json\/wp\/v2\/media\/142456"}],"wp:attachment":[{"href":"http:\/\/argentinamunicipal.com.ar\/argentina\/wp-json\/wp\/v2\/media?parent=142455"}],"wp:term":[{"taxonomy":"category","embeddable":true,"href":"http:\/\/argentinamunicipal.com.ar\/argentina\/wp-json\/wp\/v2\/categories?post=142455"},{"taxonomy":"post_tag","embeddable":true,"href":"http:\/\/argentinamunicipal.com.ar\/argentina\/wp-json\/wp\/v2\/tags?post=142455"}],"curies":[{"name":"wp","href":"https:\/\/api.w.org\/{rel}","templated":true}]}}