{"id":142465,"date":"2023-12-14T11:38:43","date_gmt":"2023-12-14T14:38:43","guid":{"rendered":"http:\/\/argentinamunicipal.com.ar\/argentina\/?p=142465"},"modified":"2023-12-14T11:47:37","modified_gmt":"2023-12-14T14:47:37","slug":"los-atrasos-en-inmobiliarios-y-patentes-que-complican-a-municipios-y-comunas","status":"publish","type":"post","link":"http:\/\/argentinamunicipal.com.ar\/argentina\/los-atrasos-en-inmobiliarios-y-patentes-que-complican-a-municipios-y-comunas\/","title":{"rendered":"Los atrasos en inmobiliarios y patentes que complican a municipios y comunas"},"content":{"rendered":"<p>Son impuestos decisivos de los sistemas de coparticipaci\u00f3n autom\u00e1tica que complican la administraci\u00f3n de intendentes y jefes comunales.<\/p>\n<p>Si en el promedio de las provincias y Ciudad Aut\u00f3noma de Buenos Aires, los gobiernos locales buscaran \u00abrecuperar\u00bb el nivel de recaudaci\u00f3n de sus inmobiliarios para equipararlos con los de 2018, deber\u00edan aumentarlos un 75,4% para mantenerlos desde all\u00ed a la par de la inflaci\u00f3n.<\/p>\n<p>Un informe del Instituto Argentino de An\u00e1lisis Fiscal revela por otra parte que en el caso de patentes, la din\u00e1mica de la recaudaci\u00f3n real entre 2011 y 2023 \u00abser\u00eda muy similar a la del impuesto inmobiliario, con la diferencia de que el punto m\u00e1ximo se dio en 2017\u00bb.<\/p>\n<p>\u00abRespecto a 2018, la recaudaci\u00f3n de 2023 ser\u00eda un 35% menor en t\u00e9rminos reales. Por lo tanto, si en 2024 se buscara recuperar la recaudaci\u00f3n real del impuesto del a\u00f1o 2018, la misma deber\u00eda aumentar un 53,8% y mantenerse constante respecto a la inflaci\u00f3n del pr\u00f3ximo a\u00f1o\u00bb.<\/p>\n<p>Los atrasos en inmobiliario y patentes son decisivos para las finanzas de municipios y comunas.\u00a0En el primero de los casos, en Santa Fe, se coparticipa el 60% de lo recaudado; en el segundo, el 90% es para intendentes y presidentes comunales por coparticipaci\u00f3n autom\u00e1tica.<\/p>\n<p>Ese frente fiscal acosa a los gobiernos de ciudades y pueblos santafesinos. En el caso de la provincia, el inmobiliario aument\u00f3 aproximadamente un 200% cuando la inflaci\u00f3n acumulada en el per\u00edodo alcanza 800%; la herencia tambi\u00e9n lleva la marca de los atrasos tributarios por el impacto de la alta suba de precios relativos de la econom\u00eda nacional.<\/p>\n<p><strong>No solo coparticipaci\u00f3n<\/strong><br \/>\nJefes locales de la UCR, el Socialismo, el PRO, el PDP y Creo dejaron sentado su reclamo a la Casa Gris poco antes del traspaso de mando. \u00abEl gobierno provincial debe m\u00e1s de 20 mil millones de pesos a Municipios y Comunas; estamos en el mes de noviembre, y el Gobierno Provincial de Omar Perotti sigue amasando una importante deuda con Municipios y Comunas, la cual se esconde detr\u00e1s de una publicitada &#8216;buena&#8217; situaci\u00f3n financiera, en la que seg\u00fan ellos mismos dicen, Maximiliano Pullaro recibir\u00eda la provincia\u00bb.<\/p>\n<p>En aqu\u00e9l comunicado plantearon deudas acumuladas por fondos del Plan INCLUIR, obras menores y Promudi, a lo que agregaron incumplimientos de la Direcci\u00f3n Provincial de Vialidad en el pago de certificados de los convenios de mantenimiento de calzada y desmalezado de rutas provinciales, as\u00ed como atrasos en desembolsos de los contratos firmados por obras delegadas para Caminos Rurales (Ley 4908).<\/p>\n<p>Las urgencias financieras tendr\u00e1n repercusi\u00f3n en el tratamiento de la ley tributaria del pr\u00f3ximo a\u00f1o, que la Legislatura debe abordar antes de fin de este a\u00f1o pero que espera las pautas macroecon\u00f3micas nacionales de las pr\u00f3ximas horas bajo jurisdicci\u00f3n de Luis Caputo.<\/p>\n<p>La recaudaci\u00f3n del Inmobiliario de Santa Fe subi\u00f3 apenas 79% interanual a septiembre y patentes apenas un 66,7% interanual; son los principales recursos de municipios y comunas, que pierden frente a la inflaci\u00f3n del 138,3 % -tambi\u00e9n interanual a septiembre- y plantean una presi\u00f3n adicional en las instituciones santafesinas.<\/p>\n<p><strong>Alarmas encendidas desde Azul<\/strong><\/p>\n<p>En el criterio de la Casa Gris para enfrentar el problema procuran un equilibrio entre la realidad socioecon\u00f3mica de los contribuyentes y las necesidades impostergables de la administraci\u00f3n p\u00fablica. Mientras esperan los anuncios nacionales de Econom\u00eda, apuntan al objetivo de m\u00ednima de \u00abno seguir perdiendo\u00bb recaudaci\u00f3n.<\/p>\n<p>El fen\u00f3meno del financiamiento de municipios y comunas en tiempos de \u00abNo hay plata\u00bb ya tuvo un cap\u00edtulo preventivo en el partido de Azul, en la provincia de Buenos Aires. All\u00ed el intendente saliente, Hern\u00e1n Bertellys y el entrante, Nelson Sombra (ambos del oficialismo bonaerense), hicieron aprobar una \u00abtasa esencial extraordinaria\u00bb para ser usada en cultura, educaci\u00f3n y deportes, por un valor equivalente a un litro de gasoil por hect\u00e1rea por mes para las zonas rurales y de dos litros de gasoil por frente para todos los frentistas del partido.<br \/>\nProductores agropecuarios y vecinos se unieron en una asamblea y los primeros ir\u00e1n a la justicia porque \u00abtoda tasa tiene que tener una contraprestaci\u00f3n, los municipios no tienen la potestad de poner impuestos\u00bb.<\/p>\n<h6>Fuente: El Litoral<\/h6>\n","protected":false},"excerpt":{"rendered":"<p>Son impuestos decisivos de los sistemas de coparticipaci\u00f3n autom\u00e1tica que complican la administraci\u00f3n de intendentes y jefes comunales.<\/p>\n","protected":false},"author":2,"featured_media":142466,"comment_status":"closed","ping_status":"closed","sticky":false,"template":"","format":"standard","meta":{"footnotes":""},"categories":[2],"tags":[10],"class_list":["post-142465","post","type-post","status-publish","format-standard","has-post-thumbnail","hentry","category-informe-municipal","tag-santa-fe"],"_links":{"self":[{"href":"http:\/\/argentinamunicipal.com.ar\/argentina\/wp-json\/wp\/v2\/posts\/142465","targetHints":{"allow":["GET"]}}],"collection":[{"href":"http:\/\/argentinamunicipal.com.ar\/argentina\/wp-json\/wp\/v2\/posts"}],"about":[{"href":"http:\/\/argentinamunicipal.com.ar\/argentina\/wp-json\/wp\/v2\/types\/post"}],"author":[{"embeddable":true,"href":"http:\/\/argentinamunicipal.com.ar\/argentina\/wp-json\/wp\/v2\/users\/2"}],"replies":[{"embeddable":true,"href":"http:\/\/argentinamunicipal.com.ar\/argentina\/wp-json\/wp\/v2\/comments?post=142465"}],"version-history":[{"count":0,"href":"http:\/\/argentinamunicipal.com.ar\/argentina\/wp-json\/wp\/v2\/posts\/142465\/revisions"}],"wp:featuredmedia":[{"embeddable":true,"href":"http:\/\/argentinamunicipal.com.ar\/argentina\/wp-json\/wp\/v2\/media\/142466"}],"wp:attachment":[{"href":"http:\/\/argentinamunicipal.com.ar\/argentina\/wp-json\/wp\/v2\/media?parent=142465"}],"wp:term":[{"taxonomy":"category","embeddable":true,"href":"http:\/\/argentinamunicipal.com.ar\/argentina\/wp-json\/wp\/v2\/categories?post=142465"},{"taxonomy":"post_tag","embeddable":true,"href":"http:\/\/argentinamunicipal.com.ar\/argentina\/wp-json\/wp\/v2\/tags?post=142465"}],"curies":[{"name":"wp","href":"https:\/\/api.w.org\/{rel}","templated":true}]}}