{"id":142523,"date":"2023-12-15T05:39:37","date_gmt":"2023-12-15T08:39:37","guid":{"rendered":"http:\/\/argentinamunicipal.com.ar\/argentina\/?p=142523"},"modified":"2023-12-14T13:36:37","modified_gmt":"2023-12-14T16:36:37","slug":"se-vienen-las-fiestas-y-llegan-dos-ferias-especiales-de-navidad-a-espacios-publicos-de-rosario","status":"publish","type":"post","link":"http:\/\/argentinamunicipal.com.ar\/argentina\/se-vienen-las-fiestas-y-llegan-dos-ferias-especiales-de-navidad-a-espacios-publicos-de-rosario\/","title":{"rendered":"Se vienen las Fiestas y llegan dos ferias especiales de Navidad a espacios p\u00fablicos de Rosario"},"content":{"rendered":"<p>En el Museo de la Ciudad y plaza Pringles, artesanas, artesanos y emprendedores y emprendedoras ofrecer\u00e1n productos \u00fanicos y con sello local<\/p>\n<p>El\u00a0jueves 14 de diciembre de 18 a 23\u00a0hs tendr\u00e1 lugar el\u00a0Mercado de Navidad en el Museo de la Ciudad (bulevar Oro\u00f1o al 2300).\u00a0Se trata de un mercado \u00edntegramente dedicado a infancias, con una selecci\u00f3n de m\u00e1s de 40 emprendimientos que apuestan al dise\u00f1o y a la innovaci\u00f3n; invitan al juego libre y a la creaci\u00f3n de espacios amorosos.\u00a0En caso de lluvia, la propuesta pasa al viernes 15.<\/p>\n<p>En el mercado habr\u00e1 emprendimientos que ofrecer\u00e1n juguetes, indumentaria, decoraci\u00f3n y literatura infantil. \u201cApostamos al dise\u00f1o local y original. Queremos que en esta Navidad las\u00a0compras se realicen directamente a emprendedores de Rosario y la regi\u00f3n\u201d, afirm\u00f3 Maru Iba\u00f1ez, organizadora de Mercado de Navidad, que llega con su tercera edici\u00f3n al Museo de la Ciudad.<\/p>\n<p>El mercado cuenta con una vasta programaci\u00f3n y propuestas para toda la familia. Tambi\u00e9n habr\u00e1 un espacio gastron\u00f3mico que incluye comida apta para beb\u00e9s, men\u00fa sin tacc, vegetariano y vegano; sector de pochoclos y helados, opciones de pizzas y s\u00e1ndwiches para compartir en familia. Adem\u00e1s estar\u00e1 abierto el museo y su espacio l\u00fadico en el invernadero. \u201cQueremos que realmente se disfruten las compras para estas fechas, que sea una excusa para encontrarnos con familia y amigxs en un espacio tan querido\u00a0para lxs rosarinxs como es el Museo de la Ciudad\u201d, coment\u00f3 Florencia Filocco, responsable tambi\u00e9n de esta convocatoria.<\/p>\n<p>En la feria se podr\u00e1 comprar y abonar en efectivo, con tarjeta o billeteras virtuales. Quienes asistan pueden llevar lonita y reposera para un picnic nocturno.<\/p>\n<p>Actividades del Mercado de Navidad (todas libres y gratuitas, sin inscripci\u00f3n previa):<\/p>\n<p>18:30 y 19:30 hs Cuentos de Navidad con M\u00f3nica Colomer \u2013 Stand de Pa\u00f1ales Duffy<br \/>\n18 a 20 hs Burbujas y animaci\u00f3n de Rayuela Eventos \u2013 Vereda del Museo<br \/>\n18 a 23 hs Exposici\u00f3n l\u00fadica educativa para disfrutar en familia (inspirado en el libro \u201cExplorar la ciudad. Rosario 1852-1940) \u2013 Invernadero del Museo<br \/>\n18 a 23 hs Juegos con sellos: tarjetas y cartas \u2013 Stand de Sellos La Musil\u00e1<br \/>\n18 a 23 hs Recepci\u00f3n de donaci\u00f3n de juguetes \u2013 Stand de Duffy<br \/>\n18 a 20 hs Taller de huerta \u2013 Stand Plantate Huerta<br \/>\n18 a 23 hs Tatuajes de Glitter<br \/>\n18 a 23 hs Espacio de Juego Libre de Plazas Mel\u00f3n<br \/>\n18 a 23 hs Experimentos de ciencias \u2013 Stand de la Mol\u00e9cula Atenta<br \/>\n18 a 20 hs Armado colaborativo del \u00e1rbol de Navidad \u2013 Patio delantero del Museo<br \/>\n19 a 21hs Zancudos y malabares \u2013 Stand de Pa\u00f1ales Duffy<br \/>\n20 hs Taller de coreograf\u00eda \u2013 Patio delantero del Museo<br \/>\n20:30 hs Encendido del \u00e1rbol de Navidad<br \/>\n20:30 hs Parque Explorado Nocturno (traer linternas) \u2013 Escaleras de ingreso al Museo<br \/>\n21 a 23 hs Cabina fotogr\u00e1fica de Espejito M\u00e1gico \u2013 Galer\u00eda del Museo<br \/>\n21:30 hs Recital de Musiquita con Orejas \u2013 Galer\u00eda del Museo<br \/>\nPlaza Pringles<br \/>\nPlaza Pringles (C\u00f3rdoba entre Paraguay y Presidente Roca) ser\u00e1 sede, una vez m\u00e1s, de una gran Feria Navide\u00f1a. All\u00ed se reunir\u00e1n durante diez d\u00edas consecutivos 100 puestos de artesanas y artesanos que integran las ferias del Parque Alem, Mercado de Pulgas, Feria del Bulevar, Pa\u00f1o al piso, La Fluvial y Pueblos Originarios.\u00a0La feria se desarrollar\u00e1 del 14 al 23 de diciembre de 10 a 20 hs.<\/p>\n<p>En la feria habr\u00e1 una gran variedad de productos artesanales de indumentaria, bijouterie, tejidos e hilados, objetos de decoraci\u00f3n, instrumentos musicales, juguetes, jabones y sahumerios, mates, entre otros, con materiales como alpaca, metal, cer\u00e1mica, cuero, madera, porcelana y diferentes t\u00e9cnicas y procesos. Adem\u00e1s habr\u00e1 un modelo artesanal de Pap\u00e1 Noel, para que ni\u00f1as y ni\u00f1os le dejen su cartita y puedan llevarse una foto de recuerdo con \u00e9l.<\/p>\n<h6>Fuente: El Ciudadano<\/h6>\n","protected":false},"excerpt":{"rendered":"<p>En el Museo de la Ciudad y plaza Pringles, artesanas, artesanos y emprendedores y emprendedoras ofrecer\u00e1n productos \u00fanicos y con sello local<\/p>\n","protected":false},"author":2,"featured_media":142532,"comment_status":"closed","ping_status":"closed","sticky":false,"template":"","format":"standard","meta":{"footnotes":""},"categories":[47],"tags":[10],"class_list":["post-142523","post","type-post","status-publish","format-standard","has-post-thumbnail","hentry","category-fiestas","tag-santa-fe"],"_links":{"self":[{"href":"http:\/\/argentinamunicipal.com.ar\/argentina\/wp-json\/wp\/v2\/posts\/142523","targetHints":{"allow":["GET"]}}],"collection":[{"href":"http:\/\/argentinamunicipal.com.ar\/argentina\/wp-json\/wp\/v2\/posts"}],"about":[{"href":"http:\/\/argentinamunicipal.com.ar\/argentina\/wp-json\/wp\/v2\/types\/post"}],"author":[{"embeddable":true,"href":"http:\/\/argentinamunicipal.com.ar\/argentina\/wp-json\/wp\/v2\/users\/2"}],"replies":[{"embeddable":true,"href":"http:\/\/argentinamunicipal.com.ar\/argentina\/wp-json\/wp\/v2\/comments?post=142523"}],"version-history":[{"count":0,"href":"http:\/\/argentinamunicipal.com.ar\/argentina\/wp-json\/wp\/v2\/posts\/142523\/revisions"}],"wp:featuredmedia":[{"embeddable":true,"href":"http:\/\/argentinamunicipal.com.ar\/argentina\/wp-json\/wp\/v2\/media\/142532"}],"wp:attachment":[{"href":"http:\/\/argentinamunicipal.com.ar\/argentina\/wp-json\/wp\/v2\/media?parent=142523"}],"wp:term":[{"taxonomy":"category","embeddable":true,"href":"http:\/\/argentinamunicipal.com.ar\/argentina\/wp-json\/wp\/v2\/categories?post=142523"},{"taxonomy":"post_tag","embeddable":true,"href":"http:\/\/argentinamunicipal.com.ar\/argentina\/wp-json\/wp\/v2\/tags?post=142523"}],"curies":[{"name":"wp","href":"https:\/\/api.w.org\/{rel}","templated":true}]}}