{"id":142526,"date":"2023-12-18T05:42:50","date_gmt":"2023-12-18T08:42:50","guid":{"rendered":"http:\/\/argentinamunicipal.com.ar\/argentina\/?p=142526"},"modified":"2023-12-14T12:48:44","modified_gmt":"2023-12-14T15:48:44","slug":"dos-concurridos-merenderos-de-mendoza-advirtieron-que-cada-vez-mas-ninos-piden-un-plato-de-comida","status":"publish","type":"post","link":"http:\/\/argentinamunicipal.com.ar\/argentina\/dos-concurridos-merenderos-de-mendoza-advirtieron-que-cada-vez-mas-ninos-piden-un-plato-de-comida\/","title":{"rendered":"Dos concurridos merenderos de Mendoza advirtieron que cada vez m\u00e1s ni\u00f1os piden un plato de comida"},"content":{"rendered":"<p>Seg\u00fan el \u00faltimo informe de la UCA, la pobreza alcanz\u00f3 el 44,7% en Argentina. El documento adem\u00e1s revel\u00f3 que el 62,9% de los ni\u00f1os y j\u00f3venes son pobres en el pa\u00eds. Mendoza no est\u00e1 libre de la tendencia<\/p>\n<p>El\u00a0\u00faltimo informe de la Universidad Cat\u00f3lica Argentina (UCA)\u00a0expuso que en\u00a0Argentina el 62,9% de ni\u00f1os y adolescentes son pobres y esto se ha sentido en algunos comedores de la provincia. Isabel Bustos asegur\u00f3 que recibe a m\u00e1s de 120 familias por d\u00eda y 247 ni\u00f1os. Por otra parte, Adri\u00e1n Spinello, director del comedor \u00abLa casita del lim\u00f3n\u00bb, asegur\u00f3 que \u201cdesde el invierno se ha incrementado un 40% la demanda\u201d.<\/p>\n<p>A nivel nacional, en el promedio total de los chicos de 0 a 17 a\u00f1os se registr\u00f3\u00a0el \u00edndice de inseguridad severa alimentaria m\u00e1s alta de los \u00faltimos 18 a\u00f1os. Se supo que el 13,9% de los ni\u00f1os expuso que\u00a0padece hambre\u00a0en la Argentina durante 2023.<\/p>\n<p>Juan Ignacio Bonfiglio, investigador del Observatorio de la deuda Social Argentina, quien trabaj\u00f3 en este documento, sostuvo que los ni\u00f1os que se encuentran en situaci\u00f3n de pobreza es porque pertenecen a hogares que tienen m\u00e1s necesidades y una menor posibilidad de generar ingresos.<\/p>\n<p>Y los dos comedores de Mendoza consultados para esta nota confirmaron que cada vez\u00a0son m\u00e1s las familias que se acercan a buscar un plato de comida.<\/p>\n<p><strong>El merendero Isabel de Las Heras recibe a 247 ni\u00f1os por d\u00eda<\/strong><br \/>\nIsabel Bustos trabaja en un comedor de Las Heras donde se acercan todos los d\u00edas\u00a0120 familias\u00a0y se les da de comer a\u00a0247 ni\u00f1os\u00a0aproximadamente. El lugar est\u00e1 abierto de lunes a viernes\u00a0desde las 5.30, cuando ponen las ollas a calentar para la leche.<\/p>\n<p>Isabel asegur\u00f3 en comunicaci\u00f3n con radio Nihuil que \u00abinici\u00f3 el comedor porque cuando era ni\u00f1a pas\u00f3 muchas necesidades\u00bb. A los 8 a\u00f1os empez\u00f3 a trabajar cosechando uvas, tomates, aceitunas, duraznos, y tambi\u00e9n podando.\u00a0Su propia experiencia la incentiv\u00f3 a ayudar a otras personas.<\/p>\n<p>La situaci\u00f3n s\u00f3lo permite cocinar carne una vez por semana<\/p>\n<p>El comedor recibe\u00a0ayuda econ\u00f3mica de los mendocinos\u00a0para comprar los alimentos que se necesitan en el d\u00eda a d\u00eda. Desde hace algunos a\u00f1os gener\u00f3 una\u00a0comunidad en Facebook\u00a0que acompa\u00f1a al merendero.<\/p>\n<p>La responsable implement\u00f3\u00a0comer en familia\u00a0para que no se pierda ese v\u00ednculo. Por esta raz\u00f3n y por el espacio disponible, esas familias\u00a0se llevan la vianda a su casa, algo que se incorpor\u00f3 desde la pandemia.<\/p>\n<p>La situaci\u00f3n econ\u00f3mica solo permite que una vez a la semana coman carne.\u00a0El resto de los d\u00edas hay rancho de pollo, menudo y una vez a la semana carne molida. Adem\u00e1s, Bustos sostuvo que las verduras cada vez cuestan m\u00e1s y es dif\u00edcil agregarlas al men\u00fa.<\/p>\n<p>Cada 21 de diciembre realizan\u00a0una cena de fin de a\u00f1o\u00a0y est\u00e1n pidiendo colaboraci\u00f3n econ\u00f3mica a los mendocinos. Pueden hacerlo a trav\u00e9s de su facebook:\u00a0Merendero Isabel.<\/p>\n<p><strong>\u00abLa casita del lim\u00f3n\u00bb de Maip\u00fa y el coraz\u00f3n de los mendocinos<\/strong><br \/>\nAdri\u00e1n Spinello es el Director de\u00a0\u00abLa casita del lim\u00f3n\u00bb. All\u00ed se acercan cada d\u00eda 120 ni\u00f1os y j\u00f3venes a comer. El merendero est\u00e1 compuesto por 4 docentes que adem\u00e1s acompa\u00f1an a los chicos en sus actividades escolares.<\/p>\n<p>Spinello asegura\u00a0desde el invierno se increment\u00f3 un 40% la demanda en el comedor.<\/p>\n<p>El merendero funciona a contraturno: los ni\u00f1os van a la escuela y despu\u00e9s almuerzan en el comedor o al rev\u00e9s. Adem\u00e1s, realizan diferentes\u00a0actividades l\u00fadicas y contenci\u00f3n.<\/p>\n<p>Despu\u00e9s de un fin de semana largo, la raci\u00f3n es doble o triple<\/p>\n<p>Dos veces a la semana comen carne, el resto de los d\u00edas comen carbohidratos y de desayuno hay chocolatada con alg\u00fan panificado. En algo coinciden con Isabel, y es que despu\u00e9s de los fines de semana largo la raci\u00f3n es doble o triple \u00abporque llegan con mucha hambre\u00bb.<\/p>\n<p>Adem\u00e1s,\u00a0se incluye a las madres y padres para que aprendan a cocinar y puedan compartir un momento en familia. El comedor recibe los alimentos a trav\u00e9s de un proyecto de la\u00a0Federaci\u00f3n Entidades No Gubernamentales de Ni\u00f1ez y Adolescencia de Ni\u00f1ez de la provincia (FEDEM), que viene del gobierno nacional. Por otra parte, llegan aportes de donaciones de la comunidad y del banco de alimentos de la provincia.<\/p>\n<p>Consultado en radio Nihuil, Adri\u00e1n sostuvo que ya atraves\u00f3 muchas crisis porque desde hace 27 a\u00f1os se dedica a la ayuda social. Espera que haya apoyo gubernamental porque es la \u00fanica manera de surfear las crisis.<\/p>\n<p>\u00abHay familias a las que una crisis puede hacerles un da\u00f1o a\u00fan m\u00e1s profundo\u00bb, avis\u00f3.<\/p>\n<p><strong>Los chicos quieren salir adelante<\/strong><br \/>\nHace cuatro a\u00f1os, Danilo, uno de los j\u00f3venes que asiste a \u00abLa casita del lim\u00f3n\u00bb,\u00a0fue abanderado de su colegio, y Morena, otra chica que forma parte del merendero, est\u00e1 por hacer entrega de la bandera. Algo que resulta relevante sabiendo el contexto en el que viven.<\/p>\n<p>En contraste, los casos de adicciones y violencia que llegan al comedor exigieron al equipo\u00a0profesionalizarse\u00a0para acompa\u00f1ar estas delicadas circunstancias.<\/p>\n<p>En el informe de la UCA se conoci\u00f3 que a nivel pa\u00eds hay\u00a017,5 millones de personas sumergidas en niveles bajos de ingresos, vivienda, salud, educaci\u00f3n o alimentaci\u00f3n. Adem\u00e1s, en este informe se revel\u00f3 que hubo un incremento al 9,6% de la indigencia, lo que se traduce a\u00a04,2 millones de personas en esta situaci\u00f3n.<\/p>\n<h6>Fuente: Uno<\/h6>\n","protected":false},"excerpt":{"rendered":"<p>Isabel Bustos asegur\u00f3 que recibe a m\u00e1s de 120 familias por d\u00eda y 247 ni\u00f1os. Por otra parte, Adri\u00e1n Spinello, director del comedor \u00abLa casita del lim\u00f3n\u00bb, asegur\u00f3 que \u201cdesde el invierno se ha incrementado un 40% la demanda\u201d.<\/p>\n","protected":false},"author":2,"featured_media":142527,"comment_status":"closed","ping_status":"closed","sticky":false,"template":"","format":"standard","meta":{"footnotes":""},"categories":[2],"tags":[31],"class_list":["post-142526","post","type-post","status-publish","format-standard","has-post-thumbnail","hentry","category-informe-municipal","tag-mendoza"],"_links":{"self":[{"href":"http:\/\/argentinamunicipal.com.ar\/argentina\/wp-json\/wp\/v2\/posts\/142526","targetHints":{"allow":["GET"]}}],"collection":[{"href":"http:\/\/argentinamunicipal.com.ar\/argentina\/wp-json\/wp\/v2\/posts"}],"about":[{"href":"http:\/\/argentinamunicipal.com.ar\/argentina\/wp-json\/wp\/v2\/types\/post"}],"author":[{"embeddable":true,"href":"http:\/\/argentinamunicipal.com.ar\/argentina\/wp-json\/wp\/v2\/users\/2"}],"replies":[{"embeddable":true,"href":"http:\/\/argentinamunicipal.com.ar\/argentina\/wp-json\/wp\/v2\/comments?post=142526"}],"version-history":[{"count":0,"href":"http:\/\/argentinamunicipal.com.ar\/argentina\/wp-json\/wp\/v2\/posts\/142526\/revisions"}],"wp:featuredmedia":[{"embeddable":true,"href":"http:\/\/argentinamunicipal.com.ar\/argentina\/wp-json\/wp\/v2\/media\/142527"}],"wp:attachment":[{"href":"http:\/\/argentinamunicipal.com.ar\/argentina\/wp-json\/wp\/v2\/media?parent=142526"}],"wp:term":[{"taxonomy":"category","embeddable":true,"href":"http:\/\/argentinamunicipal.com.ar\/argentina\/wp-json\/wp\/v2\/categories?post=142526"},{"taxonomy":"post_tag","embeddable":true,"href":"http:\/\/argentinamunicipal.com.ar\/argentina\/wp-json\/wp\/v2\/tags?post=142526"}],"curies":[{"name":"wp","href":"https:\/\/api.w.org\/{rel}","templated":true}]}}