{"id":142618,"date":"2023-12-20T05:40:40","date_gmt":"2023-12-20T08:40:40","guid":{"rendered":"http:\/\/argentinamunicipal.com.ar\/argentina\/?p=142618"},"modified":"2023-12-20T05:58:07","modified_gmt":"2023-12-20T08:58:07","slug":"no-hay-plata-intendentes-del-gran-mendoza-recortan-areas-y-ofrecen-retiros-voluntarios","status":"publish","type":"post","link":"http:\/\/argentinamunicipal.com.ar\/argentina\/no-hay-plata-intendentes-del-gran-mendoza-recortan-areas-y-ofrecen-retiros-voluntarios\/","title":{"rendered":"\u201cNo hay plata\u201d: intendentes del Gran Mendoza recortan \u00e1reas y ofrecen retiros voluntarios"},"content":{"rendered":"<p>Los jefes comunales del \u00e1rea metropolitana eliminaron secretar\u00edas y buscan reducir la planta del personal pol\u00edtico.<\/p>\n<p>El \u00e1nimo general es de preocupaci\u00f3n entre los intendentes del Gran Mendoza. La devaluaci\u00f3n aplicada en la semana por el Gobierno nacional, que aceler\u00f3 la inflaci\u00f3n, gener\u00f3 un panorama m\u00e1s complicado del que esperaban y los obliga a generar un ajuste en sus municipios.<\/p>\n<p>El denominador com\u00fan por estos d\u00edas es\u00a0fusionar \u00e1reas para reducir la estructura de cargos pol\u00edticos, pero tambi\u00e9n avanzar\u00e1n en otros recortes. Entre ellos, algunos municipios\u00a0ya est\u00e1n proponiendo retiros voluntarios\u00a0y definiendo si contin\u00faan con algunos programas. El objetivo es no perder la calidad de los servicios.<\/p>\n<p>A una semana de haber asumido, los jefes comunales todav\u00eda est\u00e1n tratando de cerrar el organigrama. Hay, al menos, dos cuestiones que no les permiten definir cu\u00e1l y c\u00f3mo ser\u00e1 la estructura de sus gobiernos.\u00a0Una es de \u00edndole pol\u00edtica. Todav\u00eda la Provincia est\u00e1 tratando de ver qui\u00e9n ocupa las segundas y terceras l\u00edneas, una situaci\u00f3n que los ministros de Alfredo Cornejo estar\u00e1n confirmando en la semana que se inicia.\u00a0La otra es estrictamente econ\u00f3mica.<\/p>\n<p>Bajo este segundo aspecto los intendentes del Gran Mendoza se han plegado al mensaje del Gobierno nacional de recortar los cargos pol\u00edticos. Fue una de las primeras se\u00f1ales que se dieron de Presidencia bajo el mantra\u00a0\u201cno hay plata\u201d. Todav\u00eda no hay certeza de cu\u00e1nto ser\u00e1 el recorte a nivel nacional que impacte en Mendoza, mientras se espera ver c\u00f3mo los gobernadores, entre ellos Cornejo, resuelven este martes con\u00a0Javier Milei\u00a0la rehabilitaci\u00f3n de los fondos coparticipables que les sac\u00f3 la reforma de Ganancias.<\/p>\n<p><strong>Menos cargos pol\u00edticos<\/strong><br \/>\nCon el cambio de gesti\u00f3n,\u00a0Las Heras\u00a0fue el primero de los departamentos en reducir la cantidad de \u00e1reas que se crearon en los ocho a\u00f1os en los que Daniel Orozco estuvo al frente de la comuna. El entorno de\u00a0Francisco Lo Presti\u00a0cuestiona al ex intendente por generar una gran cantidad de cargos, algunos ins\u00f3litos como la subcoordinaci\u00f3n de boxeo, en una gran superestructura que era la Secretar\u00eda de Gobierno, a la que adjudican pr\u00e1cticamente la dimensi\u00f3n de un municipio paralelo.<\/p>\n<p>Lo Presti anunci\u00f3 en su discurso de asunci\u00f3n que reducir\u00eda en un 70% la cantidad de cargos pol\u00edticos.\u00a0Hoy tienen 60 funcionarios contra los m\u00e1s de 160 que hab\u00eda en el gobierno de Orozco a noviembre.\u00a0Para eso, decidieron eliminar cargos intermedios, como subsecretar\u00edas y coordinaciones.<\/p>\n<p>Alejandro Gallego, que de Aysam pas\u00f3 a tratar de enderezar las cuentas en Las Heras, asegur\u00f3 a El Sol que el ahorro mensual de este recorte ser\u00e1 de 40 millones. Una de las primeras medidas para saber qui\u00e9nes son los empleados fue volver a la rigurosidad del control del reloj biom\u00e9trico. Lo Presti ha puesto el ojo en unos 500 empleados que fueron nombrados en el \u00faltimo semestre, en plena campa\u00f1a electoral y contra lo que dicta la ley de Responsabilidad Fiscal. En Las Heras hay 4.500 empleados municipales, entre planta y contratados.<\/p>\n<p>La fusi\u00f3n de \u00e1reas es, por ahora, la principal medida en otros departamentos del \u00e1rea metropolitana. Seg\u00fan\u00a0Marcos Calvente,\u00a0Guaymall\u00e9n\u00a0tiene\u00a0\u201cpor lejos\u201d\u00a0la estructura de gobierno\u00a0\u201cm\u00e1s chica y la m\u00e1s reducida\u201d\u00a0del Gran Mendoza. S\u00f3lo hay tres secretar\u00edas y 24 direcciones. La \u00fanica diferencia con la gesti\u00f3n de Marcelino Iglesias es la fusi\u00f3n de Prensa, Protocolo y Secretar\u00eda Privada, ahora en una sola \u00e1rea. Si bien el impacto en el ahorro es menor, Calvente resalt\u00f3 que la estructura actual logr\u00f3 eficiencia luego de la herencia recibida en 2015:\u00a044 secretar\u00edas y 40 direcciones, en la gesti\u00f3n de Luis Lobos.<\/p>\n<p>Por contrapartida, en\u00a0Guaymall\u00e9n\u00a0aseguran que es uno de los tres municipios que tienen la planta de personal m\u00e1s baja, y que gastan entre el 28% y el 30% del presupuesto en los empleados. De esto, s\u00f3lo el 3% corresponde a los cargos pol\u00edticos. Hoy hay 3.080 empleados municipales, en comparaci\u00f3n con los 4.100 que hab\u00eda en 2016.<\/p>\n<p>En tanto, Calvente sum\u00f3 poder a un \u00e1rea nueva que concentrar\u00e1 varias cuestiones, Innovaci\u00f3n: involucra las gestiones municipales, licencias de conducir, entre otras cosas, pero tambi\u00e9n la que se encargar\u00e1 de modernizar el cuerpo de ordenanzas, ya que algunas tienen m\u00e1s de 60 a\u00f1os.<\/p>\n<p><strong>Retiros, revisiones y movilidades<\/strong><br \/>\nEn\u00a0Luj\u00e1n de Cuyo, a la reducci\u00f3n de \u00e1reas se le sumar\u00e1 en el corto plazo una reestructuraci\u00f3n del Concejo Deliberante para achicar la n\u00f3mina del personal en un 40%, explic\u00f3\u00a0Esteban Allasino, otro de los intendentes que debuta en el cargo. Quieren llegar a la mitad de lo que actualmente hay en ese cuerpo.<\/p>\n<p>Este plan de reestructuraci\u00f3n se dar\u00e1 en etapas y contemplar\u00e1 a su vez una reducci\u00f3n de funcionarios del Ejecutivo en un 20%.\u00a0De 50 cargos pol\u00edticos, quieren pasar a 41.\u00a0Con estos cambios quieren ahorrarse 15 millones de pesos mensuales en salarios.<\/p>\n<p>Tambi\u00e9n se avanzar\u00e1 en un\u00a0plan de retiro voluntario y de jubilaciones anticipadas\u00a0que apuntar\u00e1 a un 15% de la planta. Se trata de casos puntuales. Lo que Allasino busca es un sistema de promoci\u00f3n de los empleados que ya ven\u00edan mostrando valor. Hoy hay 2350 trabajadores municipales en Luj\u00e1n de Cuyo, entre planta y personal y el ratio que persiguen es un agente cada cien habitantes.<\/p>\n<p>Al igual que Luj\u00e1n de Cuyo, en Maip\u00fa tambi\u00e9n anunciar\u00e1n en los pr\u00f3ximos d\u00edas un plan de ajuste en varias \u00e1reas, adelant\u00f3 Mat\u00edas Stevanato.<\/p>\n<p>\u201cLa realidad es que estamos reviendo todo\u201d, indic\u00f3 Maximiliano Gabrielli, secretario de Hacienda del municipio. Mientras analizan si se fusionan \u00e1reas, por el momento, adelantaron que habr\u00e1\u00a0retiros anticipados y jubilaciones. Tambi\u00e9n buscar\u00e1n reducir los gastos corrientes y optimizar los recursos en el parque automotor.<\/p>\n<p>En Maip\u00fa hay 70 cargos pol\u00edticos, de una planta de empleados que llegan a los 2.000. Lo que estar\u00e1 sujeto tambi\u00e9n a revisi\u00f3n son los\u00a0contratos de locaci\u00f3n, que se reducir\u00edan entre un 20% a 30%.<\/p>\n<p>\u201cAhora hay que sentarse y revisar los programas municipales\u201d, agreg\u00f3 el funcionario maipucino. Si bien ya hay presupuesto 2024, todav\u00eda no est\u00e1 publicado en el Bolet\u00edn Oficial. Con esto, dan cuenta que la pauta anual estableci\u00f3 cargos, pero todav\u00eda no hay personas nombradas, por lo que est\u00e1n en veremos.<\/p>\n<p>En tanto, en\u00a0Godoy Cruz\u00a0defienden la gesti\u00f3n financiera que viene teniendo el municipio desde hace varios a\u00f1os y que les permitir\u00eda no aflojar con el plan de obras a partir de los fondos municipales.<\/p>\n<p>\u201cGodoy Cruz ya es una estructura chica, estamos ajustando pero no queremos afectar la calidad de los servicios\u201d, explic\u00f3\u00a0Diego Costarelli, otro de los debutantes en el cargo. Por el momento, el intendente elimin\u00f3 la gran estrucutura de Obras, fusion\u00f3 \u00e1reas y de seis secretar\u00edas ahora contar\u00e1 con cinco, adem\u00e1s de otras cinco direcciones menos. Una de las cosas que prometi\u00f3 revisar desde este semana son las\u00a0movilidades de los funcionarios.<\/p>\n<p>Pero la preocupaci\u00f3n para Costarelli pasa por las\u00a0\u00e1reas sociales, con la previsi\u00f3n de que la crisis se profundizar\u00e1 y la asistencia tenga que ampliarse. Por otro lado, tambi\u00e9n observa un panorama complicado para los contratados que mantienen servicios esenciales, como las psicopedagogas en los jardines maternales, porque los sueldos quedaron atr\u00e1s de la inflaci\u00f3n y la idea es contenerlos.<\/p>\n<h6>Fuente: elsol.com.ar<\/h6>\n","protected":false},"excerpt":{"rendered":"<p>Los jefes comunales del \u00e1rea metropolitana eliminaron secretar\u00edas y buscan reducir la planta del personal pol\u00edtico.<\/p>\n","protected":false},"author":2,"featured_media":142619,"comment_status":"closed","ping_status":"closed","sticky":false,"template":"","format":"standard","meta":{"footnotes":""},"categories":[7],"tags":[31],"class_list":["post-142618","post","type-post","status-publish","format-standard","has-post-thumbnail","hentry","category-informe-sindical","tag-mendoza"],"_links":{"self":[{"href":"http:\/\/argentinamunicipal.com.ar\/argentina\/wp-json\/wp\/v2\/posts\/142618","targetHints":{"allow":["GET"]}}],"collection":[{"href":"http:\/\/argentinamunicipal.com.ar\/argentina\/wp-json\/wp\/v2\/posts"}],"about":[{"href":"http:\/\/argentinamunicipal.com.ar\/argentina\/wp-json\/wp\/v2\/types\/post"}],"author":[{"embeddable":true,"href":"http:\/\/argentinamunicipal.com.ar\/argentina\/wp-json\/wp\/v2\/users\/2"}],"replies":[{"embeddable":true,"href":"http:\/\/argentinamunicipal.com.ar\/argentina\/wp-json\/wp\/v2\/comments?post=142618"}],"version-history":[{"count":0,"href":"http:\/\/argentinamunicipal.com.ar\/argentina\/wp-json\/wp\/v2\/posts\/142618\/revisions"}],"wp:featuredmedia":[{"embeddable":true,"href":"http:\/\/argentinamunicipal.com.ar\/argentina\/wp-json\/wp\/v2\/media\/142619"}],"wp:attachment":[{"href":"http:\/\/argentinamunicipal.com.ar\/argentina\/wp-json\/wp\/v2\/media?parent=142618"}],"wp:term":[{"taxonomy":"category","embeddable":true,"href":"http:\/\/argentinamunicipal.com.ar\/argentina\/wp-json\/wp\/v2\/categories?post=142618"},{"taxonomy":"post_tag","embeddable":true,"href":"http:\/\/argentinamunicipal.com.ar\/argentina\/wp-json\/wp\/v2\/tags?post=142618"}],"curies":[{"name":"wp","href":"https:\/\/api.w.org\/{rel}","templated":true}]}}