{"id":142657,"date":"2023-12-20T05:40:03","date_gmt":"2023-12-20T08:40:03","guid":{"rendered":"http:\/\/argentinamunicipal.com.ar\/argentina\/?p=142657"},"modified":"2023-12-19T19:53:38","modified_gmt":"2023-12-19T22:53:38","slug":"cerraron-36-comedores-populares-de-la-ciudad-de-santa-fe-porque-no-hay-nada-para-poner-en-la-olla","status":"publish","type":"post","link":"http:\/\/argentinamunicipal.com.ar\/argentina\/cerraron-36-comedores-populares-de-la-ciudad-de-santa-fe-porque-no-hay-nada-para-poner-en-la-olla\/","title":{"rendered":"Cerraron 36 comedores populares de la ciudad de Santa Fe porque \u00abno hay nada para poner en la olla\u00bb"},"content":{"rendered":"<p>Todos eran manejados por una organizaci\u00f3n social en diferentes barrios. Las familias afectadas son m\u00e1s de 4.000.<br \/>\nUnas 4 mil familias son las afectadas con el cierre de los 36 comedores en la ciudad.<\/p>\n<p>Debido a precios de productos b\u00e1sicos que se fueron por las nubes, a los atrasos en el pago de ayudas y a un contexto econ\u00f3mico de hiperinflaci\u00f3n, 36 comedores populares de la capital provincial colgaron el cartel de \u201ccocina cerrada por tiempo indeterminado\u201d.<\/p>\n<p>Dicho de otro modo: 36 espacios que brindaban un plato de comida caliente o un vaso de leche a m\u00e1s de 4 mil familias de la ciudad de Santa Fe cerraron las perillas de las hornallas porque \u201cno hay nada para poner en la olla\u201d.<\/p>\n<p>Las 36 instituciones que hasta el fin de semana pasado pudieron brindar el servicio por \u00faltima vez pertenecen a la Corriente Clasista y Combativa (CCC), desde donde estiman que el n\u00famero de comedores que debieron cerrar o est\u00e1n por hacerlo son muchos m\u00e1s.<\/p>\n<p>Consultado por El Litoral, Sebasti\u00e1n Salda\u00f1a, el coordinador de la organizaci\u00f3n, expres\u00f3 que en los 36 lugares que cortaron el servicio de comedor y copa de leche elaboraban en promedio unas 200 raciones cada vez que cocinaban. Eso representa 8500 raciones por semana.<\/p>\n<p>\u201cLamentablemente no hubo otra opci\u00f3n. No tenemos nada para meter en las ollas. Los espacios van a continuar abiertos porque brindan talleres, espacios de contenci\u00f3n, apoyo escolar&#8230; pero brindar un plato de comida caliente ya es imposible\u201d, manifest\u00f3 Salda\u00f1a.<\/p>\n<p><strong>\u201cNo hay plata\u201d<\/strong><br \/>\nEstos comedores funcionaban hasta ahora porque desde Naci\u00f3n les mandaban desde hace quince a\u00f1os v\u00edveres secos. La provincia de Santa Fe, por su parte, les acreditaba un monto de dinero en una tarjeta para la compra de mercader\u00eda. Y la Municipalidad los ten\u00eda incluidos en un Fondo Alimentario, a trav\u00e9s del cual tambi\u00e9n recib\u00edan una suma econ\u00f3mica.<\/p>\n<p>La cuesti\u00f3n es que desde Desarrollo Social de la Naci\u00f3n dejaron de enviar esos v\u00edveres secos en el mes de agosto, Provincia no acredit\u00f3 en tiempo y forma ni actualiz\u00f3 los montos del Programa Social Nutricional (ProSoNu) teniendo en cuenta la inflaci\u00f3n y desde la Municipalidad dejaron de pagar lo correspondiente al Fondo Alimentario.<\/p>\n<p>\u201cNo tuvimos respuestas. Y por eso llegamos a esta situaci\u00f3n de tener que cerrar los comedores. Situaci\u00f3n que no es de ahora, pero s\u00ed se agrav\u00f3. Se agrav\u00f3 porque el contexto econ\u00f3mico cambi\u00f3 y porque a nosotros como organizaci\u00f3n se nos terminaron las donaciones y los recursos que por lo menos nos permit\u00edan continuar brindando un plato de comida o una copa de leche\u201d, refiri\u00f3 Salda\u00f1a. Y agreg\u00f3: \u201cEstamos hablando de productos que aumentaron much\u00edsimo. El arroz, la yerba, la leche&#8230; aumentaron de julio a hoy un 100 % y productos derivados de la harina un 200% . El julio, el kilo de harina costaba 250 pesos. Hoy est\u00e1 750, o m\u00e1s si no la compras por mayorista\u201d.<\/p>\n<h6>Fuente: El Litoral<\/h6>\n","protected":false},"excerpt":{"rendered":"<p>Todos eran manejados por una organizaci\u00f3n social en diferentes barrios. Las familias afectadas son m\u00e1s de 4.000.<br \/>\nUnas 4 mil familias son las afectadas con el cierre de los 36 comedores en la ciudad.<\/p>\n","protected":false},"author":2,"featured_media":142658,"comment_status":"closed","ping_status":"closed","sticky":false,"template":"","format":"standard","meta":{"footnotes":""},"categories":[2],"tags":[10],"class_list":["post-142657","post","type-post","status-publish","format-standard","has-post-thumbnail","hentry","category-informe-municipal","tag-santa-fe"],"_links":{"self":[{"href":"http:\/\/argentinamunicipal.com.ar\/argentina\/wp-json\/wp\/v2\/posts\/142657","targetHints":{"allow":["GET"]}}],"collection":[{"href":"http:\/\/argentinamunicipal.com.ar\/argentina\/wp-json\/wp\/v2\/posts"}],"about":[{"href":"http:\/\/argentinamunicipal.com.ar\/argentina\/wp-json\/wp\/v2\/types\/post"}],"author":[{"embeddable":true,"href":"http:\/\/argentinamunicipal.com.ar\/argentina\/wp-json\/wp\/v2\/users\/2"}],"replies":[{"embeddable":true,"href":"http:\/\/argentinamunicipal.com.ar\/argentina\/wp-json\/wp\/v2\/comments?post=142657"}],"version-history":[{"count":0,"href":"http:\/\/argentinamunicipal.com.ar\/argentina\/wp-json\/wp\/v2\/posts\/142657\/revisions"}],"wp:featuredmedia":[{"embeddable":true,"href":"http:\/\/argentinamunicipal.com.ar\/argentina\/wp-json\/wp\/v2\/media\/142658"}],"wp:attachment":[{"href":"http:\/\/argentinamunicipal.com.ar\/argentina\/wp-json\/wp\/v2\/media?parent=142657"}],"wp:term":[{"taxonomy":"category","embeddable":true,"href":"http:\/\/argentinamunicipal.com.ar\/argentina\/wp-json\/wp\/v2\/categories?post=142657"},{"taxonomy":"post_tag","embeddable":true,"href":"http:\/\/argentinamunicipal.com.ar\/argentina\/wp-json\/wp\/v2\/tags?post=142657"}],"curies":[{"name":"wp","href":"https:\/\/api.w.org\/{rel}","templated":true}]}}