{"id":142672,"date":"2023-12-20T05:40:03","date_gmt":"2023-12-20T08:40:03","guid":{"rendered":"http:\/\/argentinamunicipal.com.ar\/argentina\/?p=142672"},"modified":"2023-12-19T20:10:09","modified_gmt":"2023-12-19T23:10:09","slug":"preocupacion-por-inestabilidad-laboral-en-la-planta-de-reciclaje-de-caleta-olivia","status":"publish","type":"post","link":"http:\/\/argentinamunicipal.com.ar\/argentina\/preocupacion-por-inestabilidad-laboral-en-la-planta-de-reciclaje-de-caleta-olivia\/","title":{"rendered":"Preocupaci\u00f3n por inestabilidad laboral en la planta de reciclaje de Caleta Olivia"},"content":{"rendered":"<p>La primera situaci\u00f3n de conflicto que gener\u00f3 la Emergencia Econ\u00f3mica y Administrativa, aprobada este lunes por el Concejo Deliberante de Caleta Olivia en sesi\u00f3n extraordinaria, se registr\u00f3 en la planta de reciclaje de residuos urbanos del municipio.<\/p>\n<p>Al plantel de 35 hombres y mujeres expres\u00f3 su preocupaci\u00f3n por la inestabilidad laboral dado que se trata de personal contratado en el curso de los \u00faltimos meses y el decreto que elev\u00f3 el intendente Pablo Carrizo ad refer\u00e9ndum del cuerpo deliberativo, lo autoriza a dejar sin efecto todos los contratos que la gesti\u00f3n de Fernando Cotillo acord\u00f3 desde el 1 de julio hasta que finalizara su mandato, el 10 de diciembre.<\/p>\n<p>Por ello, en las primeras horas de la tarde de esta misma jornada, a modo de protesta, bloquearon el acceso al basural en cuyo amplio predio se encuentra la planta de reciclaje que hab\u00eda vuelto a funcionar el 21 de noviembre.<\/p>\n<p>Los voceros tambi\u00e9n se\u00f1alaron que tres operarios y dos empleados administrativos del grupo no perciben sus retribuciones desde hace tres meses.<\/p>\n<p>Adem\u00e1s, creen que todos ser\u00e1n reemplazados por integrantes de la Fundaci\u00f3n Santa Cruz Sustentable que hace varios a\u00f1os cumpl\u00edan con esa misma tarea hasta que la primera planta fue destruida por un incendio que los peritos en la materia calificaron como intencional.<\/p>\n<p>Este medio envi\u00f3 un mensaje por v\u00eda WhatsApp al nuevo jefe comunal para conocer su postura en torno a esta situaci\u00f3n laboral, pero hasta avanzada la tarde no hab\u00eda respondido al requerimiento period\u00edstico.<\/p>\n<h6>Fuente: El Patag\u00f3nico<\/h6>\n","protected":false},"excerpt":{"rendered":"<p>La primera situaci\u00f3n de conflicto que gener\u00f3 la Emergencia Econ\u00f3mica y Administrativa, aprobada este lunes por el Concejo Deliberante de Caleta Olivia en sesi\u00f3n extraordinaria, se registr\u00f3 en la planta de reciclaje de residuos urbanos del municipio.<\/p>\n","protected":false},"author":2,"featured_media":142673,"comment_status":"closed","ping_status":"closed","sticky":false,"template":"","format":"standard","meta":{"footnotes":""},"categories":[2],"tags":[29],"class_list":["post-142672","post","type-post","status-publish","format-standard","has-post-thumbnail","hentry","category-informe-municipal","tag-santa-cruz"],"_links":{"self":[{"href":"http:\/\/argentinamunicipal.com.ar\/argentina\/wp-json\/wp\/v2\/posts\/142672","targetHints":{"allow":["GET"]}}],"collection":[{"href":"http:\/\/argentinamunicipal.com.ar\/argentina\/wp-json\/wp\/v2\/posts"}],"about":[{"href":"http:\/\/argentinamunicipal.com.ar\/argentina\/wp-json\/wp\/v2\/types\/post"}],"author":[{"embeddable":true,"href":"http:\/\/argentinamunicipal.com.ar\/argentina\/wp-json\/wp\/v2\/users\/2"}],"replies":[{"embeddable":true,"href":"http:\/\/argentinamunicipal.com.ar\/argentina\/wp-json\/wp\/v2\/comments?post=142672"}],"version-history":[{"count":0,"href":"http:\/\/argentinamunicipal.com.ar\/argentina\/wp-json\/wp\/v2\/posts\/142672\/revisions"}],"wp:featuredmedia":[{"embeddable":true,"href":"http:\/\/argentinamunicipal.com.ar\/argentina\/wp-json\/wp\/v2\/media\/142673"}],"wp:attachment":[{"href":"http:\/\/argentinamunicipal.com.ar\/argentina\/wp-json\/wp\/v2\/media?parent=142672"}],"wp:term":[{"taxonomy":"category","embeddable":true,"href":"http:\/\/argentinamunicipal.com.ar\/argentina\/wp-json\/wp\/v2\/categories?post=142672"},{"taxonomy":"post_tag","embeddable":true,"href":"http:\/\/argentinamunicipal.com.ar\/argentina\/wp-json\/wp\/v2\/tags?post=142672"}],"curies":[{"name":"wp","href":"https:\/\/api.w.org\/{rel}","templated":true}]}}