{"id":142675,"date":"2023-12-20T05:10:31","date_gmt":"2023-12-20T08:10:31","guid":{"rendered":"http:\/\/argentinamunicipal.com.ar\/argentina\/?p=142675"},"modified":"2023-12-19T20:12:50","modified_gmt":"2023-12-19T23:12:50","slug":"los-concejales-de-neuquen-se-toman-un-largo-receso-durante-el-verano","status":"publish","type":"post","link":"http:\/\/argentinamunicipal.com.ar\/argentina\/los-concejales-de-neuquen-se-toman-un-largo-receso-durante-el-verano\/","title":{"rendered":"Los concejales de Neuqu\u00e9n se toman un largo receso durante el verano"},"content":{"rendered":"<p>Hasta cu\u00e1ndo entraron en modo vacaciones los ediles capitalinos. Los que reci\u00e9n asumieron, apenas bajaron una vez el recinto.<\/p>\n<p>El Concejo Deliberante de la ciudad de Neuqu\u00e9n baj\u00f3 la persiana al a\u00f1o legislativo y los ediles tendr\u00e1n unas largas vacaciones. Ser\u00e1 hasta el 15 de febrero, fecha en la cual se iniciar\u00e1 el nuevo per\u00edodo de sesiones ordinarias.<\/p>\n<p>Los nuevos concejales, que asumieron sus bancas el domingo 10, aprovecharon la sesi\u00f3n de la semana pasada para presentarse y, en una distendida deliberaci\u00f3n dejaron conformadas algunas comisiones internas como la Observadora Permanente y el Consejo Local de Seguridad Ciudadano.<\/p>\n<p>Los concejales que asumieron la semana pasada son\u00a0Atilio Sguazzini Mazuel, Jos\u00e9 Luis Artaza, Santiago Gal\u00edndez, Denisse Stillger, Priscila Otton Araneda, Cintia Meri\u00f1o, Mar\u00eda Victoria Fern\u00e1ndez, Romina Miranda, Laura P\u00e9rez, Joaqu\u00edn Egu\u00eda, Daniel Figueroa, Mariana Cofr\u00e9, Nicol\u00e1s Montero, Esteban Martine, Sergio Marino, Valeria Todero y Karina Rojo.<\/p>\n<p>En cuanto a la conformaci\u00f3n del Consejo Local de Seguridad Ciudadano, estar\u00e1 integrado por\u00a0Gal\u00edndez\u00a0(MPN),\u00a0Rojo\u00a0(Cumplir por Neuqu\u00e9n),\u00a0Montero\u00a0(PRO),\u00a0Miranda\u00a0(Confluencia Neuquina),\u00a0Marino\u00a0(Juntos por la Vida),\u00a0P\u00e9rez\u00a0(Comunidad \u2013 Neuquinizate), y\u00a0Todero\u00a0(Coalici\u00f3n C\u00edvica ARI).<\/p>\n<p>Mientras que la comisi\u00f3n Observadora Permanente tendr\u00e1 como integrantes a\u00a0Claudia Argumero\u00a0(presidenta),\u00a0Fern\u00e1ndez\u00a0(vicepresidenta Primera), Cofr\u00e9, Egu\u00eda, Stillger, Miranda, Marino, P\u00e9rez, Todero, Figueroa, Martine, y Otton.<\/p>\n<p>Entre los proyectos de ordenanzas m\u00e1s importantes que tuvieron ingreso se encuentra el presupuesto del Instituto Municipal de Previsi\u00f3n Social.<\/p>\n<p>El encargado de tocar la campana de largada de los concejales capitalinos el 15 de febrero del a\u00f1o que viene ser\u00e1 el intendente\u00a0Mariano Gaido\u00a0quien, en esa fecha, concurre al recinto a pronunciar su tradicional mensaje.<\/p>\n<p>A partir de entonces se abordar\u00e1n los temas m\u00e1s importantes pendientes.<\/p>\n<h6>Fuente: La ma\u00f1ana Neuqu\u00e9n<\/h6>\n","protected":false},"excerpt":{"rendered":"<p>Hasta cu\u00e1ndo entraron en modo vacaciones los ediles capitalinos. Los que reci\u00e9n asumieron, apenas bajaron una vez el recinto.<\/p>\n","protected":false},"author":2,"featured_media":142676,"comment_status":"closed","ping_status":"closed","sticky":false,"template":"","format":"standard","meta":{"footnotes":""},"categories":[4],"tags":[23],"class_list":["post-142675","post","type-post","status-publish","format-standard","has-post-thumbnail","hentry","category-informe-politico","tag-neuquen"],"_links":{"self":[{"href":"http:\/\/argentinamunicipal.com.ar\/argentina\/wp-json\/wp\/v2\/posts\/142675","targetHints":{"allow":["GET"]}}],"collection":[{"href":"http:\/\/argentinamunicipal.com.ar\/argentina\/wp-json\/wp\/v2\/posts"}],"about":[{"href":"http:\/\/argentinamunicipal.com.ar\/argentina\/wp-json\/wp\/v2\/types\/post"}],"author":[{"embeddable":true,"href":"http:\/\/argentinamunicipal.com.ar\/argentina\/wp-json\/wp\/v2\/users\/2"}],"replies":[{"embeddable":true,"href":"http:\/\/argentinamunicipal.com.ar\/argentina\/wp-json\/wp\/v2\/comments?post=142675"}],"version-history":[{"count":0,"href":"http:\/\/argentinamunicipal.com.ar\/argentina\/wp-json\/wp\/v2\/posts\/142675\/revisions"}],"wp:featuredmedia":[{"embeddable":true,"href":"http:\/\/argentinamunicipal.com.ar\/argentina\/wp-json\/wp\/v2\/media\/142676"}],"wp:attachment":[{"href":"http:\/\/argentinamunicipal.com.ar\/argentina\/wp-json\/wp\/v2\/media?parent=142675"}],"wp:term":[{"taxonomy":"category","embeddable":true,"href":"http:\/\/argentinamunicipal.com.ar\/argentina\/wp-json\/wp\/v2\/categories?post=142675"},{"taxonomy":"post_tag","embeddable":true,"href":"http:\/\/argentinamunicipal.com.ar\/argentina\/wp-json\/wp\/v2\/tags?post=142675"}],"curies":[{"name":"wp","href":"https:\/\/api.w.org\/{rel}","templated":true}]}}